{"id":60769,"date":"2018-08-24T13:43:52","date_gmt":"2018-08-24T16:43:52","guid":{"rendered":"https:\/\/portalv1.com.br\/?p=60769"},"modified":"2018-08-28T08:27:05","modified_gmt":"2018-08-28T11:27:05","slug":"justica-eleitoral-cassa-os-29-vereadores-de-valenca-pela-2a-vez-veja-decisao","status":"publish","type":"post","link":"https:\/\/portalv1.com.br\/justica-eleitoral-cassa-os-29-vereadores-de-valenca-pela-2a-vez-veja-decisao\/","title":{"rendered":"Justi\u00e7a Eleitoral cassa os 29 vereadores de Valen\u00e7a pela 2\u00aa vez. Veja decis\u00e3o"},"content":{"rendered":"<figure id=\"attachment_60771\" aria-describedby=\"caption-attachment-60771\" style=\"width: 640px\" class=\"wp-caption aligncenter\"><a href=\"https:\/\/portalv1.com.br\/app\/wp-content\/uploads\/2018\/08\/DSC_1407-Copy.jpg\"><img loading=\"lazy\" decoding=\"async\" class=\"size-large wp-image-60771\" src=\"https:\/\/portalv1.com.br\/app\/wp-content\/uploads\/2018\/08\/DSC_1407-Copy-640x427.jpg\" alt=\"\" width=\"640\" height=\"427\" srcset=\"https:\/\/portalv1.com.br\/app\/wp-content\/uploads\/2018\/08\/DSC_1407-Copy.jpg 640w, https:\/\/portalv1.com.br\/app\/wp-content\/uploads\/2018\/08\/DSC_1407-Copy-300x200.jpg 300w\" sizes=\"auto, (max-width: 640px) 100vw, 640px\" \/><\/a><figcaption id=\"caption-attachment-60771\" class=\"wp-caption-text\">Juiz eleitoral da 18\u00aa Zona Eleitoral, Dr. Juscelino Norberto<\/figcaption><\/figure>\n<p>O juiz eleitoral da 18\u00aa Zona Eleitoral, Dr. Juscelino Norberto, julgou parcialmente procedente a A\u00e7\u00e3o de Impugna\u00e7\u00e3o de Mandato Eletivo (AIME) e cassou os mandatos dos 29 candidatos a vereadores das coliga\u00e7\u00f5es Compromisso com Valen\u00e7a I e Compromisso com Valen\u00e7a II novamente. A decis\u00e3o \u00e9 do dia 20 de agosto, \u00faltima segunda-feira. Em sua decis\u00e3o, o magistrado acolheu parcialmente o pedido dos autores da a\u00e7\u00e3o Edilsa do Vale e Carlim Rosa.<\/p>\n<p>\u201cPelo exposto, julgo parcialmente procedente a A\u00e7\u00e3o de Impugna\u00e7\u00e3o de Mandato Eletivo, face a viola\u00e7\u00e3o ao preconizado no art. 10, \u00a7 3\u00ba, da Lei 9.504\/97, para: Desconstituir os mandatos eletivos de todas as chapas proporcionais dos ent\u00e3o candidatos que integram o polo passivo da presente demanda, cassando os diplomas e respectivos mandatos de todos que integram a \u201cColiga\u00e7\u00e3o Compromisso com Valen\u00e7a I\u201d e \u201cCompromisso com Valen\u00e7a II\u201d, por v\u00edcios de forma\u00e7\u00e3o, retirando a efic\u00e1cia dos diplomas concedidos a todos, com rec\u00e1lculo do quociente eleitoral, diplomando e, posteriormente, empossando no mandato de vereadores os demais candidatos que foram regularmente registrados\u201d.<\/p>\n<p>Afirmou o magistrado que ainda declarou ineleg\u00edveis por 08 anos as ex-candidatas: Ivalt\u00e2nia Vieira Nogueira Pereira da Silva, Maria Eug\u00eania de Sousa Martins Gomes, Ge\u00f3rgia Lima Verde Brito, Maria Neide da Silva Rosa e Magally da Silva Costa.<\/p>\n<p>O Portalv1 conversou com o advogado Dr. Jos\u00e9 Maria que informou que essa AIME tem o mesmo poder da a\u00e7\u00e3o anterior, cuja mat\u00e9ria j\u00e1 est\u00e1 em Bras\u00edlia aguardando uma decis\u00e3o final.<\/p>\n<p>Ele disse ainda que caso os vereadores atingidos n\u00e3o consigam algum ant\u00eddoto jur\u00eddico para se manterem no cargo at\u00e9 um desfecho final, a Justi\u00e7a Eleitoral seguir\u00e1 os mesmos caminhos adotados anteriormente, ou seja, realizar\u00e1 um novo c\u00e1lculo eleitoral empossando os vereadores das outras coliga\u00e7\u00f5es.<a href=\"https:\/\/portalv1.com.br\/app\/wp-content\/uploads\/2018\/08\/VEJA-A-DECISAO-AQUI.pdf\">VEJA A DECISAO AQUI<\/a><\/p>\n","protected":false},"excerpt":{"rendered":"<p>O juiz eleitoral da 18\u00aa Zona Eleitoral, Dr. Juscelino Norberto, julgou parcialmente procedente a A\u00e7\u00e3o de Impugna\u00e7\u00e3o de Mandato Eletivo (AIME) e cassou os mandatos dos 29 candidatos a vereadores&#8230;<\/p>\n","protected":false},"author":1,"featured_media":60771,"comment_status":"open","ping_status":"open","sticky":false,"template":"","format":"standard","meta":{"ngg_post_thumbnail":0,"footnotes":""},"categories":[12],"tags":[],"class_list":["post-60769","post","type-post","status-publish","format-standard","has-post-thumbnail","hentry","category-valenca-news"],"views":2289,"meta_data":{"thumb":"https:\/\/portalv1.com.br\/app\/wp-content\/uploads\/2018\/08\/DSC_1407-Copy.jpg","imagem":{"fullsize":{"url":"https:\/\/portalv1.com.br\/app\/wp-content\/uploads\/2018\/08\/DSC_1407-Copy.jpg","width":640,"height":427},"thumbnail":{"url":"https:\/\/portalv1.com.br\/app\/wp-content\/uploads\/2018\/08\/DSC_1407-Copy-100x100.jpg","width":100,"height":100},"medium":{"url":"https:\/\/portalv1.com.br\/app\/wp-content\/uploads\/2018\/08\/DSC_1407-Copy-300x200.jpg","width":300,"height":200},"large":{"url":"https:\/\/portalv1.com.br\/app\/wp-content\/uploads\/2018\/08\/DSC_1407-Copy-640x427.jpg","width":640,"height":427}},"data":{"simple":"24\/08\/2018","date_time":"24\/08\/2018 10:43:52","date":"h\u00e1 8 anos"},"chapeu":"VEJA A DECIS\u00c3O ","source":"foto_menor"},"_links":{"self":[{"href":"https:\/\/portalv1.com.br\/api\/wp\/v2\/posts\/60769","targetHints":{"allow":["GET"]}}],"collection":[{"href":"https:\/\/portalv1.com.br\/api\/wp\/v2\/posts"}],"about":[{"href":"https:\/\/portalv1.com.br\/api\/wp\/v2\/types\/post"}],"author":[{"embeddable":true,"href":"https:\/\/portalv1.com.br\/api\/wp\/v2\/users\/1"}],"replies":[{"embeddable":true,"href":"https:\/\/portalv1.com.br\/api\/wp\/v2\/comments?post=60769"}],"version-history":[{"count":0,"href":"https:\/\/portalv1.com.br\/api\/wp\/v2\/posts\/60769\/revisions"}],"wp:featuredmedia":[{"embeddable":true,"href":"https:\/\/portalv1.com.br\/api\/wp\/v2\/media\/60771"}],"wp:attachment":[{"href":"https:\/\/portalv1.com.br\/api\/wp\/v2\/media?parent=60769"}],"wp:term":[{"taxonomy":"category","embeddable":true,"href":"https:\/\/portalv1.com.br\/api\/wp\/v2\/categories?post=60769"},{"taxonomy":"post_tag","embeddable":true,"href":"https:\/\/portalv1.com.br\/api\/wp\/v2\/tags?post=60769"}],"curies":[{"name":"wp","href":"https:\/\/api.w.org\/{rel}","templated":true}]}}