{"id":60930,"date":"2018-08-28T09:13:52","date_gmt":"2018-08-28T12:13:52","guid":{"rendered":"https:\/\/portalv1.com.br\/?p=60930"},"modified":"2018-08-28T09:13:52","modified_gmt":"2018-08-28T12:13:52","slug":"festa-da-exaltacao-da-santa-cruz-comeca-dia-05-de-setembro-programacao","status":"publish","type":"post","link":"https:\/\/portalv1.com.br\/festa-da-exaltacao-da-santa-cruz-comeca-dia-05-de-setembro-programacao\/","title":{"rendered":"Festa da Exalta\u00e7\u00e3o da Santa Cruz come\u00e7a dia 05 de setembro. Programa\u00e7\u00e3o"},"content":{"rendered":"<p>A regi\u00e3o valenciana j\u00e1 prepara para participar de 05 a 14 de setembro da Festa da Exalta\u00e7\u00e3o da Santa Cruz, no Santu\u00e1rio de Santa Cruz dos Milagres, terceiro maior destino de romaria da regi\u00e3o Nordeste e \u00fanico reconhecido pelo Vaticano no Piau\u00ed.<\/p>\n<p>Nesses dias, a cidade de Santa Cruz dos Milagres que fica a pouco mais de 100 km de Valen\u00e7a (via BR 316) recebe um grande n\u00famero de romeiros vindos das mais variadas regi\u00f5es do pa\u00eds.<\/p>\n<p>A programa\u00e7\u00e3o desse ano que tem como tema central: \u201cCrist\u00e3os Leigos e Leigas na Igreja e na Sociedade\u201d foi divulgada pelos padres Raniery Alencar e Valdiano Jos\u00e9. De 05 a 14 de setembro missa \u00e0s 06h na Matriz, 09h no Santu\u00e1rio, 11h na Matriz, 15h Ter\u00e7o da Santa Cruz na Matriz e \u00e0s 18h Celebra\u00e7\u00e3o da Santa Cruz e Acolhida aos Romeiros no Santu\u00e1rio.<\/p>\n<p>Dia 14 acontecem as celebra\u00e7\u00f5es nos mesmos hor\u00e1rios, a prociss\u00e3o de encerramento com a santa Cruz pelas ruas da cidade concluindo com Santa Missa come\u00e7ar\u00e1 \u00e0s 16h. &nbsp;&nbsp;<a href=\"https:\/\/portalv1.com.br\/app\/wp-content\/uploads\/2018\/08\/picsart-08-16-10.38.56.png\"><img loading=\"lazy\" decoding=\"async\" class=\"aligncenter size-large wp-image-60931\" src=\"https:\/\/portalv1.com.br\/app\/wp-content\/uploads\/2018\/08\/picsart-08-16-10.38.56-640x827.png\" alt=\"\" width=\"640\" height=\"827\" srcset=\"https:\/\/portalv1.com.br\/app\/wp-content\/uploads\/2018\/08\/picsart-08-16-10.38.56-640x827.png 640w, https:\/\/portalv1.com.br\/app\/wp-content\/uploads\/2018\/08\/picsart-08-16-10.38.56-300x388.png 300w, https:\/\/portalv1.com.br\/app\/wp-content\/uploads\/2018\/08\/picsart-08-16-10.38.56.png 700w\" sizes=\"auto, (max-width: 640px) 100vw, 640px\" \/><\/a>&nbsp;<\/p>\n","protected":false},"excerpt":{"rendered":"<p>A regi\u00e3o valenciana j\u00e1 prepara para participar de 05 a 14 de setembro da Festa da Exalta\u00e7\u00e3o da Santa Cruz, no Santu\u00e1rio de Santa Cruz dos Milagres, terceiro maior destino&#8230;<\/p>\n","protected":false},"author":1,"featured_media":60932,"comment_status":"open","ping_status":"open","sticky":false,"template":"","format":"standard","meta":{"ngg_post_thumbnail":0,"footnotes":""},"categories":[12],"tags":[],"class_list":["post-60930","post","type-post","status-publish","format-standard","has-post-thumbnail","hentry","category-valenca-news"],"views":1094,"meta_data":{"thumb":"https:\/\/portalv1.com.br\/app\/wp-content\/uploads\/2018\/08\/Portalv1.com_.br_DSC0171.jpg","imagem":{"fullsize":{"url":"https:\/\/portalv1.com.br\/app\/wp-content\/uploads\/2018\/08\/Portalv1.com_.br_DSC0171.jpg","width":640,"height":428},"thumbnail":{"url":"https:\/\/portalv1.com.br\/app\/wp-content\/uploads\/2018\/08\/Portalv1.com_.br_DSC0171-100x100.jpg","width":100,"height":100},"medium":{"url":"https:\/\/portalv1.com.br\/app\/wp-content\/uploads\/2018\/08\/Portalv1.com_.br_DSC0171-300x201.jpg","width":300,"height":201},"large":{"url":"https:\/\/portalv1.com.br\/app\/wp-content\/uploads\/2018\/08\/Portalv1.com_.br_DSC0171-640x428.jpg","width":640,"height":428}},"data":{"simple":"28\/08\/2018","date_time":"28\/08\/2018 06:13:52","date":"h\u00e1 8 anos"},"chapeu":"Confira a Programa\u00e7\u00e3o ","source":"slide"},"_links":{"self":[{"href":"https:\/\/portalv1.com.br\/api\/wp\/v2\/posts\/60930","targetHints":{"allow":["GET"]}}],"collection":[{"href":"https:\/\/portalv1.com.br\/api\/wp\/v2\/posts"}],"about":[{"href":"https:\/\/portalv1.com.br\/api\/wp\/v2\/types\/post"}],"author":[{"embeddable":true,"href":"https:\/\/portalv1.com.br\/api\/wp\/v2\/users\/1"}],"replies":[{"embeddable":true,"href":"https:\/\/portalv1.com.br\/api\/wp\/v2\/comments?post=60930"}],"version-history":[{"count":0,"href":"https:\/\/portalv1.com.br\/api\/wp\/v2\/posts\/60930\/revisions"}],"wp:featuredmedia":[{"embeddable":true,"href":"https:\/\/portalv1.com.br\/api\/wp\/v2\/media\/60932"}],"wp:attachment":[{"href":"https:\/\/portalv1.com.br\/api\/wp\/v2\/media?parent=60930"}],"wp:term":[{"taxonomy":"category","embeddable":true,"href":"https:\/\/portalv1.com.br\/api\/wp\/v2\/categories?post=60930"},{"taxonomy":"post_tag","embeddable":true,"href":"https:\/\/portalv1.com.br\/api\/wp\/v2\/tags?post=60930"}],"curies":[{"name":"wp","href":"https:\/\/api.w.org\/{rel}","templated":true}]}}