{"id":61243,"date":"2018-09-04T11:33:20","date_gmt":"2018-09-04T14:33:20","guid":{"rendered":"https:\/\/portalv1.com.br\/?p=61243"},"modified":"2018-09-10T16:22:43","modified_gmt":"2018-09-10T19:22:43","slug":"washington-brasileiro-dia-23-de-setembro-em-valenca","status":"publish","type":"post","link":"https:\/\/portalv1.com.br\/washington-brasileiro-dia-23-de-setembro-em-valenca\/","title":{"rendered":"Washington Brasileiro dia 23 de setembro em Valen\u00e7a"},"content":{"rendered":"<figure id=\"attachment_61244\" aria-describedby=\"caption-attachment-61244\" style=\"width: 524px\" class=\"wp-caption aligncenter\"><a href=\"https:\/\/portalv1.com.br\/app\/wp-content\/uploads\/2018\/09\/40576612_1544864665615652_8647365653436563456_n-Copy.jpg\"><img loading=\"lazy\" decoding=\"async\" class=\"size-full wp-image-61244\" src=\"https:\/\/portalv1.com.br\/app\/wp-content\/uploads\/2018\/09\/40576612_1544864665615652_8647365653436563456_n-Copy.jpg\" alt=\"\" width=\"524\" height=\"480\" srcset=\"https:\/\/portalv1.com.br\/app\/wp-content\/uploads\/2018\/09\/40576612_1544864665615652_8647365653436563456_n-Copy.jpg 524w, https:\/\/portalv1.com.br\/app\/wp-content\/uploads\/2018\/09\/40576612_1544864665615652_8647365653436563456_n-Copy-300x275.jpg 300w\" sizes=\"auto, (max-width: 524px) 100vw, 524px\" \/><\/a><figcaption id=\"caption-attachment-61244\" class=\"wp-caption-text\">Crovapi Clube<\/figcaption><\/figure>\n<p>Dia 23 de setembro, a cidade de Valen\u00e7a receber\u00e1 novamente o show do cantor Washington Brasileiro. A festa ser\u00e1 no Crovapi Clube e a promessa \u00e9 de grande show. D\u00b4Alc\u00e2ntara e Forr\u00f3 Montagem abrir\u00e1 a festa que deve movimentar toda a regi\u00e3o valenciana.<\/p>\n<p>A promo\u00e7\u00e3o \u00e9 do radialista Morr\u00e9. Marque a\u00ed \u00e9 dia 23 de setembro. Os ingressos j\u00e1 podem ser adquiridos na FM Cidade.&nbsp; &nbsp;&nbsp;<\/p>\n","protected":false},"excerpt":{"rendered":"<p>Dia 23 de setembro, a cidade de Valen\u00e7a receber\u00e1 novamente o show do cantor Washington Brasileiro. A festa ser\u00e1 no Crovapi Clube e a promessa \u00e9 de grande show. D\u00b4Alc\u00e2ntara&#8230;<\/p>\n","protected":false},"author":1,"featured_media":0,"comment_status":"open","ping_status":"open","sticky":false,"template":"","format":"standard","meta":{"ngg_post_thumbnail":0,"footnotes":""},"categories":[245,12],"tags":[],"class_list":["post-61243","post","type-post","status-publish","format-standard","hentry","category-entretenimento","category-valenca-news"],"views":908,"meta_data":{"thumb":null,"imagem":{"fullsize":{"url":"https:\/\/portalv1.com.br\/app\/wp-content\/uploads\/2018\/09\/40576612_1544864665615652_8647365653436563456_n-Copy.jpg","width":524,"height":480},"thumbnail":{"url":"https:\/\/portalv1.com.br\/app\/wp-content\/uploads\/2018\/09\/40576612_1544864665615652_8647365653436563456_n-Copy-100x100.jpg","width":100,"height":100},"medium":{"url":"https:\/\/portalv1.com.br\/app\/wp-content\/uploads\/2018\/09\/40576612_1544864665615652_8647365653436563456_n-Copy-300x275.jpg","width":300,"height":275}},"data":{"simple":"04\/09\/2018","date_time":"04\/09\/2018 08:33:20","date":"h\u00e1 8 anos"},"chapeu":"NO CROVAPI","source":"retirar"},"_links":{"self":[{"href":"https:\/\/portalv1.com.br\/api\/wp\/v2\/posts\/61243","targetHints":{"allow":["GET"]}}],"collection":[{"href":"https:\/\/portalv1.com.br\/api\/wp\/v2\/posts"}],"about":[{"href":"https:\/\/portalv1.com.br\/api\/wp\/v2\/types\/post"}],"author":[{"embeddable":true,"href":"https:\/\/portalv1.com.br\/api\/wp\/v2\/users\/1"}],"replies":[{"embeddable":true,"href":"https:\/\/portalv1.com.br\/api\/wp\/v2\/comments?post=61243"}],"version-history":[{"count":0,"href":"https:\/\/portalv1.com.br\/api\/wp\/v2\/posts\/61243\/revisions"}],"wp:attachment":[{"href":"https:\/\/portalv1.com.br\/api\/wp\/v2\/media?parent=61243"}],"wp:term":[{"taxonomy":"category","embeddable":true,"href":"https:\/\/portalv1.com.br\/api\/wp\/v2\/categories?post=61243"},{"taxonomy":"post_tag","embeddable":true,"href":"https:\/\/portalv1.com.br\/api\/wp\/v2\/tags?post=61243"}],"curies":[{"name":"wp","href":"https:\/\/api.w.org\/{rel}","templated":true}]}}