{"id":61263,"date":"2018-09-06T09:46:58","date_gmt":"2018-09-06T12:46:58","guid":{"rendered":"https:\/\/portalv1.com.br\/?p=61263"},"modified":"2018-09-09T22:07:38","modified_gmt":"2018-09-10T01:07:38","slug":"ex-prefeito-ze-simao-grava-video-e-fala-da-morte-de-sua-esposa-assista","status":"publish","type":"post","link":"https:\/\/portalv1.com.br\/ex-prefeito-ze-simao-grava-video-e-fala-da-morte-de-sua-esposa-assista\/","title":{"rendered":"Ex-prefeito Z\u00e9 Sim\u00e3o grava v\u00eddeo e fala da morte de sua esposa. Assista"},"content":{"rendered":"<figure id=\"attachment_61264\" aria-describedby=\"caption-attachment-61264\" style=\"width: 640px\" class=\"wp-caption aligncenter\"><a href=\"https:\/\/portalv1.com.br\/app\/wp-content\/uploads\/2018\/09\/ze-simao-Copy.jpg\"><img loading=\"lazy\" decoding=\"async\" class=\"size-large wp-image-61264\" src=\"https:\/\/portalv1.com.br\/app\/wp-content\/uploads\/2018\/09\/ze-simao-Copy-640x360.jpg\" alt=\"\" width=\"640\" height=\"360\" srcset=\"https:\/\/portalv1.com.br\/app\/wp-content\/uploads\/2018\/09\/ze-simao-Copy.jpg 640w, https:\/\/portalv1.com.br\/app\/wp-content\/uploads\/2018\/09\/ze-simao-Copy-300x169.jpg 300w\" sizes=\"auto, (max-width: 640px) 100vw, 640px\" \/><\/a><figcaption id=\"caption-attachment-61264\" class=\"wp-caption-text\">Ex-prefeito Z\u00e9 Sim\u00e3o<\/figcaption><\/figure>\n<p>Depois de ter sido inocentado pelo Tribunal do J\u00fari na cidade de Oeiras de ter participado da morte de sua esposa Gercineide Monteiro em fevereiro de 2015, o ex-prefeito de Lagoa do Sitio, Z\u00e9 Sim\u00e3o vem investindo fortemente no sentido de reorganizar sua vida, ap\u00f3s todos esses acontecimentos.<\/p>\n<p>Z\u00e9 Sim\u00e3o durante os tr\u00eas anos que passou preso virou evang\u00e9lico e nesse per\u00edodo escreveu sua hist\u00f3ria que poder\u00e1 resultar em um livro e m\u00fasicas.<\/p>\n<p>Ele j\u00e1 gravou algumas m\u00fasicas e em breve deve lan\u00e7\u00e1-las. Outro projeto do ex-prefeito que j\u00e1 est\u00e1 em a\u00e7\u00e3o \u00e9 a produ\u00e7\u00e3o de v\u00eddeos para redes socias, onde deve relatar sua hist\u00f3ria de vida com foco nesses \u00faltimos tr\u00eas anos.<\/p>\n<p>O primeiro v\u00eddeo j\u00e1 foi divulgado e nele o ex-prefeito lembra sua trajet\u00f3ria pol\u00edtica, familiar e conta um pouco desses tr\u00eas anos em que passou preso. Sua pris\u00e3o \u00e9 definida como a maior injusti\u00e7a j\u00e1 cometida no estado, uma que segundo o mesmo n\u00e3o participou da morte de sua esposa.<\/p>\n<p>\u201cEu fui v\u00edtima do maior ato de injusti\u00e7a j\u00e1 cometido na hist\u00f3ria do estado do Piau\u00ed. Numa armadilha que foi montada dentro de minha pr\u00f3pria casa aonde ceifaram com a vida da minha esposa e outra armadilha no mesmo dia me botaram na cadeia, me acusando de ser o autor desse crime b\u00e1rbaro que n\u00e3o fiz\u201d. afirmou<\/p>\n<p>A expectativa \u00e9 que nos pr\u00f3ximos v\u00eddeos, o ex-prefeito continue comentando sobre esse per\u00edodo e diga qual atitude tomar\u00e1 para encontrar os \u201cverdadeiros\u201d culpados pela morte da ex-primeira dama.<\/p>\n<p>Assista ao v\u00eddeo<\/p>\n<p><div class=\"content-iframe\" data-content-width=\"600\"><iframe loading=\"lazy\" style=\"border: none; overflow: hidden;\" src=\"https:\/\/www.facebook.com\/plugins\/video.php?href=https%3A%2F%2Fwww.facebook.com%2FSergioAlvesValenca%2Fvideos%2F1892126580833806%2F&amp;show_text=0&amp;width=560\" width=\"560\" height=\"315\" frameborder=\"0\" scrolling=\"no\" allowfullscreen=\"allowfullscreen\"><\/iframe><\/div><\/p>\n","protected":false},"excerpt":{"rendered":"<p>Depois de ter sido inocentado pelo Tribunal do J\u00fari na cidade de Oeiras de ter participado da morte de sua esposa Gercineide Monteiro em fevereiro de 2015, o ex-prefeito de&#8230;<\/p>\n","protected":false},"author":1,"featured_media":61264,"comment_status":"open","ping_status":"open","sticky":false,"template":"","format":"standard","meta":{"ngg_post_thumbnail":0,"footnotes":""},"categories":[12],"tags":[],"class_list":["post-61263","post","type-post","status-publish","format-standard","has-post-thumbnail","hentry","category-valenca-news"],"views":2562,"meta_data":{"thumb":"https:\/\/portalv1.com.br\/app\/wp-content\/uploads\/2018\/09\/ze-simao-Copy.jpg","imagem":{"fullsize":{"url":"https:\/\/portalv1.com.br\/app\/wp-content\/uploads\/2018\/09\/ze-simao-Copy.jpg","width":640,"height":360},"thumbnail":{"url":"https:\/\/portalv1.com.br\/app\/wp-content\/uploads\/2018\/09\/ze-simao-Copy-100x100.jpg","width":100,"height":100},"medium":{"url":"https:\/\/portalv1.com.br\/app\/wp-content\/uploads\/2018\/09\/ze-simao-Copy-300x169.jpg","width":300,"height":169},"large":{"url":"https:\/\/portalv1.com.br\/app\/wp-content\/uploads\/2018\/09\/ze-simao-Copy-640x360.jpg","width":640,"height":360}},"data":{"simple":"06\/09\/2018","date_time":"06\/09\/2018 06:46:58","date":"h\u00e1 8 anos"},"chapeu":"ASSISTA AO V\u00cdDEO ","source":"retirar"},"_links":{"self":[{"href":"https:\/\/portalv1.com.br\/api\/wp\/v2\/posts\/61263","targetHints":{"allow":["GET"]}}],"collection":[{"href":"https:\/\/portalv1.com.br\/api\/wp\/v2\/posts"}],"about":[{"href":"https:\/\/portalv1.com.br\/api\/wp\/v2\/types\/post"}],"author":[{"embeddable":true,"href":"https:\/\/portalv1.com.br\/api\/wp\/v2\/users\/1"}],"replies":[{"embeddable":true,"href":"https:\/\/portalv1.com.br\/api\/wp\/v2\/comments?post=61263"}],"version-history":[{"count":0,"href":"https:\/\/portalv1.com.br\/api\/wp\/v2\/posts\/61263\/revisions"}],"wp:featuredmedia":[{"embeddable":true,"href":"https:\/\/portalv1.com.br\/api\/wp\/v2\/media\/61264"}],"wp:attachment":[{"href":"https:\/\/portalv1.com.br\/api\/wp\/v2\/media?parent=61263"}],"wp:term":[{"taxonomy":"category","embeddable":true,"href":"https:\/\/portalv1.com.br\/api\/wp\/v2\/categories?post=61263"},{"taxonomy":"post_tag","embeddable":true,"href":"https:\/\/portalv1.com.br\/api\/wp\/v2\/tags?post=61263"}],"curies":[{"name":"wp","href":"https:\/\/api.w.org\/{rel}","templated":true}]}}