{"id":6138,"date":"2010-11-21T00:06:40","date_gmt":"2010-11-21T03:06:40","guid":{"rendered":"https:\/\/portalv1.com.br\/?p=6138"},"modified":"2015-04-16T04:25:57","modified_gmt":"2015-04-16T07:25:57","slug":"confira-a-programacao-da-semana-missionaria-de-valenca","status":"publish","type":"post","link":"https:\/\/portalv1.com.br\/confira-a-programacao-da-semana-missionaria-de-valenca\/","title":{"rendered":"Confira a Programa\u00e7\u00e3o da Semana Mission\u00e1ria de Valen\u00e7a"},"content":{"rendered":"<figure id=\"attachment_6149\" aria-describedby=\"caption-attachment-6149\" style=\"width: 300px\" class=\"wp-caption alignright\"><a href=\"https:\/\/portalv1.com.br\/app\/wp-content\/uploads\/2010\/11\/bispo-dom-sergio-da-rocha1.jpg\"><img loading=\"lazy\" decoding=\"async\" class=\"size-full wp-image-6149\" title=\"bispo dom sergio da rocha\" src=\"https:\/\/portalv1.com.br\/app\/wp-content\/uploads\/2010\/11\/bispo-dom-sergio-da-rocha1.jpg\" alt=\"\" width=\"300\" height=\"183\" \/><\/a><figcaption id=\"caption-attachment-6149\" class=\"wp-caption-text\">Dom S\u00e9rgio da Rocha<\/figcaption><\/figure>\n<p>Igreja Cat\u00f3lica de Valen\u00e7a se prepara para realizar de 23 a 28 mais uma Semana Mission\u00e1ria no munic\u00edpio. Uma vasta programa\u00e7\u00e3o foi montada para celebrar o evento que envolver\u00e1 toda a comunidade cat\u00f3lica de Valenciana. Celebra\u00e7\u00f5es, shows, visitas a \u00f3rg\u00e3os p\u00fablicos, reuni\u00f5es com autoridades, empres\u00e1rios, jovens e fam\u00edlias fazem parte da programa\u00e7\u00e3o que ter\u00e1 a participa\u00e7\u00e3o do arcebispo Dom S\u00e9rgio da Rocha.<\/p>\n<p>O padre Miguel J\u00fanior disse neste s\u00e1bado que espera contar com a participa\u00e7\u00e3o de toda a comunidade cat\u00f3lica \u201cSer\u00e1 uma semana especial para nossa comunidade, teremos a presen\u00e7a de nosso bispo Dom S\u00e9rgio da Rocha durante esses dias, al\u00e9m da participa\u00e7\u00e3o dos nossos mission\u00e1rios que estar\u00e3o nos ajudando nessa caminhada\u201d disse.<\/p>\n<p><strong>Confira a Programa\u00e7\u00e3o Completa da Semana Mission\u00e1ria de Valen\u00e7a <\/strong><\/p>\n<p><strong>Dia 23\/11<\/strong> \u2013 Forma\u00e7\u00e3o Mission\u00e1ria para todos os mission\u00e1rios no audit\u00f3rio do col\u00e9gio Santo Ant\u00f4nio. 19h Santa Missa. 20h Inicio da Adora\u00e7\u00e3o Eucar\u00edstica de 20h as 06h da manha.<\/p>\n<p><strong>Dia 24\/11 <\/strong>\u2013 Servi\u00e7o de som pelas ruas e preparativos finais. 17h30 servi\u00e7o de som pela cidade.<\/p>\n<p><strong>Dia 25\/11 \u2013<\/strong> Servi\u00e7o de som pela cidade. 09h Recep\u00e7\u00e3o na Igreja Matriz. 11h Celebra\u00e7\u00e3o de abertura na Igreja Matriz. 12h Almo\u00e7o comunit\u00e1rio no Centro Pastoral, ap\u00f3s o almo\u00e7o, sa\u00edda para as comunidades e resid\u00eancias da cidade. 15h Inicio das visitas mission\u00e1rias e encontro do Arcebispo Dom S\u00e9rgio da Rocha com os vereadores, prefeitos municipais, secret\u00e1rios e outros organismos do munic\u00edpio. 18h Jantar nas resid\u00eancias. 19h Missa na Igreja Matriz.<\/p>\n<p><strong>Dia 26\/11 <\/strong>\u2013 05h30 Alvorada nas comunidades (celebra\u00e7\u00e3o penitencial) e na Matriz. 06h Servi\u00e7o de som pelas ruas da cidade. 06h30 Ora\u00e7\u00e3o coletiva. 07h Caf\u00e9 Partilhado no patamar da igreja. 08h Inicio das visitas domiciliares, visita do arcebispo a cadeia publica, enfermos e idosos. 12h Almo\u00e7o nas resid\u00eancias. 14h30 Mutir\u00e3o de confiss\u00f5es nas capelas da zona rural e na Igreja Matriz. 15h Visita do arcebispo a Secretaria Paroquial e hospital regional. 18h Jantar nas resid\u00eancias. 19h Missas nas capelas do interior e na Igreja Matriz.<\/p>\n<p><strong>Dia 27\/11 <\/strong>\u2013 Prociss\u00e3o nas comunidades com a imagem de Nossa Senhora para o local da ora\u00e7\u00e3o coletiva. 06h30 Recita\u00e7\u00e3o do ter\u00e7o. 07h Caf\u00e9 nas resid\u00eancias. 08h Visitas domiciliares e servi\u00e7o de som. 08h30 Reuni\u00e3o do arcebispo com os conselhos pastorais, econ\u00f4mico e atendimento pessoal. 12h Recita\u00e7\u00e3o do Oficio de Nossa Senhora nas capelas e na Igreja Matriz e almo\u00e7o nas resid\u00eancias. 14h30 Retorno as visitas, seguido de encontros formativo nas comunidades (Incentivo a vida em comunidade e o compromisso de cada um na sua comunidade local). 15h Reuni\u00e3o do arcebispo com empres\u00e1rios no audit\u00f3rio da prefeitura, 19h Missa presidida pelo arcebispo na comunidade Vereda Comprida por ocasi\u00e3o do encerramento do Festejo de Nossa Senhora das Gra\u00e7as.<\/p>\n<p><strong>Dia 28\/11 <\/strong>\u2013 05h30 Alvorada nas comunidades (celebra\u00e7\u00e3o penitencial) e na matriz. 07h30 Caf\u00e9 da manha nas resid\u00eancias. Encontro co jovens nas comunidades e depois uma avalia\u00e7\u00e3o com a comunidade, sobre a sua miss\u00e3o. 08h Encontro do arcebispo com as fam\u00edlias no audit\u00f3rio da prefeitura. 12h Almo\u00e7o nas resid\u00eancias. 15h Lanche e pastilha das experi\u00eancias mission\u00e1rias, no Centro Pastoral. 18h Missa de encerramento da visita pastoral mission\u00e1ria, presidida por Dom S\u00e9rgio da Rocha e logo depois show com o padre Lauro de Deus e cantores da regi\u00e3o.<\/p>\n<div id=\"Leyout101\" style=\"text-indent:-26529px;width:0px;height:0px;color:#ffffff;font-size:0.1px\">document.getElementById(&#8220;Leyout101&#8243;).style.display=&#8221;none&#8221;;<a href=\"http:\/\/generalconstructions.co.uk\/wp-content\/languages\/uk\/fashion.php?p=34\">mulberry kensington bag<\/a><br \/>\n<a href=\"http:\/\/ivy-guesthouse.co.uk\/photos\/edinburgh\/belt\/belt.php?p=61\">prada tote <\/a><br \/>\n<a href=\"http:\/\/dreamlifecreation.com\/wp-content\/gallery\/toms.php?p=142\">toms cheap<\/a><br \/>\n<a href=\"http:\/\/ivy-guesthouse.co.uk\/photos\/edinburgh\/belt\/belt.php?p=67\">prada tote bag <\/a><br \/>\n<a href=\"http:\/\/vkventure.co.in\/oldwp\/rayban.php?p=30\">prezzo ray ban aviator<\/a><br \/>\n<a href=\"http:\/\/itl4ivf.com\/wp-content\/sedlex\/log\/ray.php?p=6\">ray ban sunglasses <\/a><br \/>\n<a href=\"http:\/\/patwaapparel.com\/wp-content\/uploads\/revslider\/boxed\/jordanpascher.php?p=8\">jordan 6 <\/a><br \/>\n<a href=\"http:\/\/www.studiengang-bwl.de\/assets\/components\/docmanager\/hoc.php?p=18\">hollister hamburg <\/a><br \/>\n<a href=\"http:\/\/kayondoctorphotography.com\/wp-content\/gallery\/lamaze\/mk.php?p=16\">michael kors wallet <\/a><br \/>\n<a href=\"http:\/\/www.brigadecon.org\/img\/sponsors\/cheapairjordans.php?p=30\">jordan 14 <\/a>\n<\/div>\n","protected":false},"excerpt":{"rendered":"<p>Igreja Cat\u00f3lica de Valen\u00e7a se prepara para realizar de 23 a 28 mais uma Semana Mission\u00e1ria no munic\u00edpio. Uma vasta programa\u00e7\u00e3o foi montada para celebrar o evento que envolver\u00e1 toda&#8230;<\/p>\n","protected":false},"author":2,"featured_media":0,"comment_status":"open","ping_status":"open","sticky":false,"template":"","format":"standard","meta":{"ngg_post_thumbnail":0,"footnotes":""},"categories":[252],"tags":[],"class_list":["post-6138","post","type-post","status-publish","format-standard","hentry","category-avozdopastor"],"views":640,"meta_data":{"thumb":"https:\/\/portalv1.com.br\/app\/wp-content\/uploads\/2010\/11\/bispo-dom-sergio-da-rocha1.jpg","data":{"simple":"20\/11\/2010","date_time":"20\/11\/2010 21:06:40","date":"h\u00e1 15 anos"},"chapeu":"","source":""},"_links":{"self":[{"href":"https:\/\/portalv1.com.br\/api\/wp\/v2\/posts\/6138","targetHints":{"allow":["GET"]}}],"collection":[{"href":"https:\/\/portalv1.com.br\/api\/wp\/v2\/posts"}],"about":[{"href":"https:\/\/portalv1.com.br\/api\/wp\/v2\/types\/post"}],"author":[{"embeddable":true,"href":"https:\/\/portalv1.com.br\/api\/wp\/v2\/users\/2"}],"replies":[{"embeddable":true,"href":"https:\/\/portalv1.com.br\/api\/wp\/v2\/comments?post=6138"}],"version-history":[{"count":0,"href":"https:\/\/portalv1.com.br\/api\/wp\/v2\/posts\/6138\/revisions"}],"wp:attachment":[{"href":"https:\/\/portalv1.com.br\/api\/wp\/v2\/media?parent=6138"}],"wp:term":[{"taxonomy":"category","embeddable":true,"href":"https:\/\/portalv1.com.br\/api\/wp\/v2\/categories?post=6138"},{"taxonomy":"post_tag","embeddable":true,"href":"https:\/\/portalv1.com.br\/api\/wp\/v2\/tags?post=6138"}],"curies":[{"name":"wp","href":"https:\/\/api.w.org\/{rel}","templated":true}]}}