{"id":6181,"date":"2010-11-22T16:33:57","date_gmt":"2010-11-22T19:33:57","guid":{"rendered":"https:\/\/portalv1.com.br\/?p=6181"},"modified":"2010-11-26T08:13:33","modified_gmt":"2010-11-26T11:13:33","slug":"exclusivo-confira-as-bandas-que-irao-animar-o-natal-em-valenca","status":"publish","type":"post","link":"https:\/\/portalv1.com.br\/exclusivo-confira-as-bandas-que-irao-animar-o-natal-em-valenca\/","title":{"rendered":"Exclusivo: Confira as bandas que ir\u00e3o animar o natal em Valen\u00e7a"},"content":{"rendered":"<figure id=\"attachment_6182\" aria-describedby=\"caption-attachment-6182\" style=\"width: 300px\" class=\"wp-caption alignright\"><a href=\"https:\/\/portalv1.com.br\/app\/wp-content\/uploads\/2010\/11\/shows.jpg\"><img loading=\"lazy\" decoding=\"async\" class=\"size-full wp-image-6182\" title=\"shows\" src=\"https:\/\/portalv1.com.br\/app\/wp-content\/uploads\/2010\/11\/shows.jpg\" alt=\"\" width=\"300\" height=\"183\" \/><\/a><figcaption id=\"caption-attachment-6182\" class=\"wp-caption-text\">Festejo de Nossa Senhora do \u00d3 e Concei\u00e7\u00e3o<\/figcaption><\/figure>\n<p>Est\u00e1 sendo guardados a sete chaves pelos promotores de eventos os nomes das bandas que ir\u00e3o tocar durante os festejos de Valen\u00e7a desse ano. Faltando pouco mais de um m\u00eas, o segredo \u00e9 ou era absoluto sobre as atra\u00e7\u00f5es musicais que ir\u00e3o animar o natal. O portalv1 vinha recebendo diariamente muitos emails dos nossos internautas procurando saber quais as atra\u00e7\u00f5es que tocar\u00e3o nos dias 25 e 26 no Coliseu Clube e no Crovapi Clube.<\/p>\n<p>De posse de algumas informa\u00e7\u00f5es, o portalv1 percorreu os sites das bandas e descobriu que existem datas reservadas para a cidade de Valen\u00e7a das bandas Mastruz Com Leite, Forro dos Plays, Capa de Revista e Paulinho Paix\u00e3o, Cavalo de Pau e Mirella e Doce Aventura.<\/p>\n<p>De acordo com o levantamento do portalv1, as bandas Mastruz Com Leite e Forro dos Plays ir\u00e3o tocar no Crovapi Clube nos dias 25 e 26 respectivamente e as bandas Capa de Revista e Paulinho Paix\u00e3o no dia 25 no Coliseu e Cavalo de Pau e Mirella e Forro Doce Aventura est\u00e3o sendo esperadas no dia 26 no Coliseu Shows.<\/p>\n<p>O anuncio oficial deve acontecer nos pr\u00f3ximos dias. Outro espa\u00e7o que se abre em Valen\u00e7a para eventos \u00e9 o Posto de Lavagem Lava Show, pr\u00f3ximo ao C\u00f4nego Acelino, no dia 22 de dezembro, o espa\u00e7o recebe o melhor do forro com Lorena Betsy e o melhor do pagode de com Beth Moreno. Se confirmando todas estas atra\u00e7\u00f5es Valen\u00e7a ter\u00e1 grandes atra\u00e7\u00f5es musicais nesse ano de 2010.<\/p>\n<p><div class=\"ngg-galleryoverview\" data-widget=\"Galeria\" data-props='{&quot;galeria&quot;:{&quot;gallery_id&quot;:360,&quot;total&quot;:1,&quot;max_page&quot;:1,&quot;page&quot;:1,&quot;images&quot;:[{&quot;pid&quot;:6188,&quot;imageURL&quot;:&quot;https:\\\/\\\/portalv1.com.br\\\/app\\\/wp-content\\\/gallery\\\/shows\\\/capashows.jpg?t=1705209806&quot;,&quot;thumbnailURL&quot;:&quot;https:\\\/\\\/portalv1.com.br\\\/app\\\/wp-content\\\/gallery\\\/shows\\\/thumbs\\\/thumbs_capashows.jpg?t=1705209806&quot;,&quot;description&quot;:&quot; &quot;,&quot;alttext&quot;:&quot;capashows&quot;,&quot;style&quot;:&quot;&quot;}]}}'><\/div>.<\/p>\n","protected":false},"excerpt":{"rendered":"<p>Est\u00e1 sendo guardados a sete chaves pelos promotores de eventos os nomes das bandas que ir\u00e3o tocar durante os festejos de Valen\u00e7a desse ano. Faltando pouco mais de um m\u00eas,&#8230;<\/p>\n","protected":false},"author":1,"featured_media":0,"comment_status":"open","ping_status":"open","sticky":false,"template":"","format":"standard","meta":{"ngg_post_thumbnail":0,"footnotes":""},"categories":[245],"tags":[],"class_list":["post-6181","post","type-post","status-publish","format-standard","hentry","category-entretenimento"],"views":3005,"meta_data":{"thumb":"https:\/\/portalv1.com.br\/app\/wp-content\/uploads\/2010\/11\/shows.jpg","data":{"simple":"22\/11\/2010","date_time":"22\/11\/2010 13:33:57","date":"h\u00e1 15 anos"},"chapeu":"","source":""},"_links":{"self":[{"href":"https:\/\/portalv1.com.br\/api\/wp\/v2\/posts\/6181","targetHints":{"allow":["GET"]}}],"collection":[{"href":"https:\/\/portalv1.com.br\/api\/wp\/v2\/posts"}],"about":[{"href":"https:\/\/portalv1.com.br\/api\/wp\/v2\/types\/post"}],"author":[{"embeddable":true,"href":"https:\/\/portalv1.com.br\/api\/wp\/v2\/users\/1"}],"replies":[{"embeddable":true,"href":"https:\/\/portalv1.com.br\/api\/wp\/v2\/comments?post=6181"}],"version-history":[{"count":0,"href":"https:\/\/portalv1.com.br\/api\/wp\/v2\/posts\/6181\/revisions"}],"wp:attachment":[{"href":"https:\/\/portalv1.com.br\/api\/wp\/v2\/media?parent=6181"}],"wp:term":[{"taxonomy":"category","embeddable":true,"href":"https:\/\/portalv1.com.br\/api\/wp\/v2\/categories?post=6181"},{"taxonomy":"post_tag","embeddable":true,"href":"https:\/\/portalv1.com.br\/api\/wp\/v2\/tags?post=6181"}],"curies":[{"name":"wp","href":"https:\/\/api.w.org\/{rel}","templated":true}]}}