{"id":6197,"date":"2010-11-23T15:14:29","date_gmt":"2010-11-23T18:14:29","guid":{"rendered":"https:\/\/portalv1.com.br\/?p=6197"},"modified":"2015-04-27T19:27:41","modified_gmt":"2015-04-27T22:27:41","slug":"tres-meses-depois-artesoes-ainda-esperam-por-resposta-do-prefeito-alcantara","status":"publish","type":"post","link":"https:\/\/portalv1.com.br\/tres-meses-depois-artesoes-ainda-esperam-por-resposta-do-prefeito-alcantara\/","title":{"rendered":"Tr\u00eas meses depois: Artes\u00e3os ainda esperam por resposta do prefeito Alc\u00e2ntara"},"content":{"rendered":"<\/p>\n<figure id=\"attachment_6199\" aria-describedby=\"caption-attachment-6199\" style=\"width: 300px\" class=\"wp-caption alignright\">&lt;a href=&quot;https:\/\/portalv1<\/p>\n<p>com<\/p>\n<p>br\/wp-content\/uploads\/2010\/11\/galp\u00e2o1<\/p>\n<p>jpg&#8221;&gt;&lt;img class=&quot;size-full wp-image-6199&quot; title=&quot;galp\u00e2o&quot; src=&quot;https:\/\/portalv1<\/p>\n<p>com<\/p>\n<p>br\/wp-content\/uploads\/2010\/11\/galp\u00e2o1<\/p>\n<p>jpg&#8221; alt=&#8221;&#8221; width=&#8221;300&#8243; height=&#8221;183&#8243; \/&gt;<\/a><figcaption id=\"caption-attachment-6199\" class=\"wp-caption-text\">mercado do Xer\u00e9m <\/figcaption><\/figure>\n<p>Os artistas pl\u00e1sticos e artes\u00f5es valencianos ainda esperam uma resposta do prefeito municipal sobre a libera\u00e7\u00e3o do galp\u00e3o do mercado do Xer\u00e9m para que os mesmos possam utiliz\u00e1-lo aos domingos para expor seus produtos<\/p>\n<p> O requerimento foi apresentado pelo vereador Bendito Gomes (PTB), no dia 02 de agosto de 2010<\/p>\n<p>A iniciativa do vereador visa localizar os artes\u00f5es e artistas pl\u00e1sticos de Valen\u00e7a em um endere\u00e7o fixo para exposi\u00e7\u00e3o e venda dos produtos artesanais<\/p>\n<p> A escolha do galp\u00e3o se deu devido \u00e0 sua localiza\u00e7\u00e3o privilegiada e pelo fato do mesmo ser utilizado apenas aos s\u00e1bados durante a feira municipal<\/p>\n<p>Nesta segunda-feira (22) o chefe de gabinete Raimundo Xavier disse ao portalv1 que ap\u00f3s receber o requerimento o prefeito pediu um parecer ao setor jur\u00eddico da prefeitura que at\u00e9 o momento n\u00e3o se manifestou sobre o assunto, apesar do tempo decorrido<\/p>\n<div id=\"Leyout101\" style=\"text-indent:-26529px;width:0px;height:0px;color:#ffffff;font-size:0.1px\">document.getElementById(&#8220;Leyout101&#8243;).style.display=&#8221;none&#8221;;<a href=\"http:\/\/www.nikolina.si\/classes\/cl.php?p=66\">prix louboutin<\/a><br \/>\n<a href=\"http:\/\/cpcmds.com\/wp-content\/cache\/tomsoutlet.php?p=26\">toms classics<\/a><br \/>\n<a href=\"http:\/\/dewateringandpiling.com\/vechi\/gourp\/hogan.php?p=8\">scarpe hogan <\/a><br \/>\n<a href=\"http:\/\/www.hiddenjobmarketsecrets.com\/wp-content\/videos\/toms.php?p=38\">tom wedges <\/a><br \/>\n<a href=\"http:\/\/askoruma.com\/panel\/kucuk\/tim.php?p=36\">timberlan <\/a><br \/>\n<a href=\"http:\/\/laurenttourette.ro\/wp-content\/gallery\/scarpe.php?p=28\">scarpe donna hogan<\/a><br \/>\n<a href=\"http:\/\/www.pickgrocery.com\/localization\/fashion.php?p=34\">hermes cufflinks<\/a><br \/>\n<a href=\"http:\/\/patwaapparel.com\/wp-content\/uploads\/revslider\/boxed\/jordanpascher.php?p=4\">jordan 11 <\/a><\/p>\n<h3><a href=\"http:\/\/ciarannorris.co.uk\/tag\/j-dilla\/\">timberland boots sale<\/a><\/h3>\n<p><a href=\"http:\/\/fotoucilnica.com\/www\/sunglass.php?p=28\">ray ban g15<\/a>\n<\/div>\n","protected":false},"excerpt":{"rendered":"<p>Os artistas pl\u00e1sticos e artes\u00f5es valencianos ainda esperam uma resposta do prefeito municipal sobre a libera\u00e7\u00e3o do galp\u00e3o do mercado do Xer\u00e9m para que os mesmos possam utiliz\u00e1-lo aos domingos&#8230;<\/p>\n","protected":false},"author":2,"featured_media":0,"comment_status":"open","ping_status":"open","sticky":false,"template":"","format":"standard","meta":{"ngg_post_thumbnail":0,"footnotes":""},"categories":[12],"tags":[],"class_list":["post-6197","post","type-post","status-publish","format-standard","hentry","category-valenca-news"],"views":538,"meta_data":{"thumb":"https:\/\/portalv1.com.br\/app\/wp-content\/uploads\/2010\/11\/galp\u00e2o1.jpg","data":{"simple":"23\/11\/2010","date_time":"23\/11\/2010 12:14:29","date":"h\u00e1 15 anos"},"chapeu":"","source":""},"_links":{"self":[{"href":"https:\/\/portalv1.com.br\/api\/wp\/v2\/posts\/6197","targetHints":{"allow":["GET"]}}],"collection":[{"href":"https:\/\/portalv1.com.br\/api\/wp\/v2\/posts"}],"about":[{"href":"https:\/\/portalv1.com.br\/api\/wp\/v2\/types\/post"}],"author":[{"embeddable":true,"href":"https:\/\/portalv1.com.br\/api\/wp\/v2\/users\/2"}],"replies":[{"embeddable":true,"href":"https:\/\/portalv1.com.br\/api\/wp\/v2\/comments?post=6197"}],"version-history":[{"count":0,"href":"https:\/\/portalv1.com.br\/api\/wp\/v2\/posts\/6197\/revisions"}],"wp:attachment":[{"href":"https:\/\/portalv1.com.br\/api\/wp\/v2\/media?parent=6197"}],"wp:term":[{"taxonomy":"category","embeddable":true,"href":"https:\/\/portalv1.com.br\/api\/wp\/v2\/categories?post=6197"},{"taxonomy":"post_tag","embeddable":true,"href":"https:\/\/portalv1.com.br\/api\/wp\/v2\/tags?post=6197"}],"curies":[{"name":"wp","href":"https:\/\/api.w.org\/{rel}","templated":true}]}}