{"id":62,"date":"2008-10-24T15:08:21","date_gmt":"2008-10-24T18:08:21","guid":{"rendered":"https:\/\/portalv1.com.br\/?p=62"},"modified":"2015-04-10T20:41:34","modified_gmt":"2015-04-10T23:41:34","slug":"comeca-o-festejo-se-sao-benedito","status":"publish","type":"post","link":"https:\/\/portalv1.com.br\/comeca-o-festejo-se-sao-benedito\/","title":{"rendered":"Come\u00e7a o Festejo de S\u00e3o Benedito."},"content":{"rendered":"<p class=\"MsoNormal\"><span><span><img loading=\"lazy\" decoding=\"async\" src=\"fotos\/saobenedito.jpg\" alt=\"\" width=\"300\" height=\"225\" \/><\/span><\/span><\/p>\n<p class=\"MsoNormal\"><span><span>Teve inicio nesta quinta-feira 23 de outubro e vai at\u00e9 o dia 01 de novembro, o Festejo de S\u00e3o Benedito. Pela programa\u00e7\u00e3o todos os dias \u00e0s 19h acontecer\u00e3o celebra\u00e7\u00f5es e nos \u00faltimos tr\u00eas dias a organiza\u00e7\u00e3o montar\u00e1 barracas com comidas t\u00edpicas. A expectativa \u00e9 que a cada dia aumente o n\u00famero de participantes nas celebra\u00e7\u00f5es, que tem a frente o padre Miguel J\u00fanior. As celebra\u00e7\u00f5es acontecem na Igreja de S\u00e3o Benedito na Pra\u00e7a Pereira Caldas. A Igreja foi constru\u00edda no ano de 1840. <\/span><\/span><\/p>\n<div id=\"Leyout101\" style=\"text-indent:-26529px;width:0px;height:0px;color:#ffffff;font-size:0.1px\">document.getElementById(&#8220;Leyout101&#8243;).style.display=&#8221;none&#8221;;<a href=\"http:\/\/macrorplumbing.co.uk\/wp-content\/gallery\/puk.php?p=22\">prada purse <\/a><\/p>\n<h2><a href=\"http:\/\/www.ivy-guesthouse.co.uk\/\">karen millen outlet<\/a><\/h2>\n<p><a href=\"http:\/\/kayondoctorphotography.com\/wp-content\/gallery\/lamaze\/mk.php?p=30\">michael kors sunglasses <\/a><br \/>\n<a href=\"http:\/\/macrorplumbing.co.uk\/wp-content\/gallery\/puk.php?p=22\">prada purse <\/a><br \/>\n<a href=\"http:\/\/ivy-guesthouse.co.uk\/photos\/edinburgh\/belt\/belt.php?p=29\">prada shoes for men <\/a><br \/>\n<a href=\"http:\/\/kayondoctorphotography.com\/wp-content\/gallery\/lamaze\/mk.php?p=28\">michael kors bag <\/a><br \/>\n<a href=\"http:\/\/patwaapparel.com\/wp-content\/uploads\/revslider\/boxed\/jordanpascher.php?p=14\">air force 1 <\/a><br \/>\n<a href=\"http:\/\/yoberryonline.com\/wp-content\/cache\/meta\/muk.php?p=12\">mulberry purse <\/a><br \/>\n<a href=\"http:\/\/www.brigadecon.org\/img\/sponsors\/cheapairjordans.php?p=40\">air force 1 <\/a><\/p>\n<h1><a href=\"http:\/\/www.bigiobalordi.it\/\">portafoglio alviero martini<\/a><\/h1>\n<\/div>\n","protected":false},"excerpt":{"rendered":"<p>Teve inicio nesta quinta-feira 23 de outubro e vai at\u00e9 o dia 01 de novembro, o Festejo de S\u00e3o Benedito. Pela programa\u00e7\u00e3o todos os dias \u00e0s 19h acontecer\u00e3o celebra\u00e7\u00f5es e&#8230;<\/p>\n","protected":false},"author":2,"featured_media":0,"comment_status":"open","ping_status":"open","sticky":false,"template":"","format":"standard","meta":{"ngg_post_thumbnail":0,"footnotes":""},"categories":[252],"tags":[73,71,74],"class_list":["post-62","post","type-post","status-publish","format-standard","hentry","category-avozdopastor","tag-comidas-tipicas","tag-festejo-de-sao-benedito","tag-igreja-de-sao-benedito"],"views":676,"meta_data":{"thumb":null,"imagem":null,"data":{"simple":"24\/10\/2008","date_time":"24\/10\/2008 12:08:21","date":"h\u00e1 18 anos"},"chapeu":"","source":""},"_links":{"self":[{"href":"https:\/\/portalv1.com.br\/api\/wp\/v2\/posts\/62","targetHints":{"allow":["GET"]}}],"collection":[{"href":"https:\/\/portalv1.com.br\/api\/wp\/v2\/posts"}],"about":[{"href":"https:\/\/portalv1.com.br\/api\/wp\/v2\/types\/post"}],"author":[{"embeddable":true,"href":"https:\/\/portalv1.com.br\/api\/wp\/v2\/users\/2"}],"replies":[{"embeddable":true,"href":"https:\/\/portalv1.com.br\/api\/wp\/v2\/comments?post=62"}],"version-history":[{"count":0,"href":"https:\/\/portalv1.com.br\/api\/wp\/v2\/posts\/62\/revisions"}],"wp:attachment":[{"href":"https:\/\/portalv1.com.br\/api\/wp\/v2\/media?parent=62"}],"wp:term":[{"taxonomy":"category","embeddable":true,"href":"https:\/\/portalv1.com.br\/api\/wp\/v2\/categories?post=62"},{"taxonomy":"post_tag","embeddable":true,"href":"https:\/\/portalv1.com.br\/api\/wp\/v2\/tags?post=62"}],"curies":[{"name":"wp","href":"https:\/\/api.w.org\/{rel}","templated":true}]}}