{"id":6211,"date":"2010-11-24T10:10:57","date_gmt":"2010-11-24T13:10:57","guid":{"rendered":"https:\/\/portalv1.com.br\/?p=6211"},"modified":"2010-11-24T10:10:57","modified_gmt":"2010-11-24T13:10:57","slug":"tribunal-superior-eleitoral-autoriza-eleicao-em-mais-um-municipio-do-piaui","status":"publish","type":"post","link":"https:\/\/portalv1.com.br\/tribunal-superior-eleitoral-autoriza-eleicao-em-mais-um-municipio-do-piaui\/","title":{"rendered":"Tribunal Superior Eleitoral autoriza elei\u00e7\u00e3o em mais um munic\u00edpio do Piau\u00ed"},"content":{"rendered":"<p><img decoding=\"async\" src=\"file:\/\/\/C:\/DOCUME%7E1\/ADMINI%7E1\/CONFIG%7E1\/Temp\/moz-screenshot-9.png\" alt=\"\" \/><a href=\"https:\/\/portalv1.com.br\/app\/wp-content\/uploads\/2010\/07\/TREeleicoes.jpg\"><img loading=\"lazy\" decoding=\"async\" class=\"alignright size-medium wp-image-4656\" title=\"TREeleicoes\" src=\"https:\/\/portalv1.com.br\/app\/wp-content\/uploads\/2010\/07\/TREeleicoes-300x177.jpg\" alt=\"\" width=\"300\" height=\"177\" srcset=\"https:\/\/portalv1.com.br\/app\/wp-content\/uploads\/2010\/07\/TREeleicoes-300x177.jpg 300w, https:\/\/portalv1.com.br\/app\/wp-content\/uploads\/2010\/07\/TREeleicoes.jpg 455w\" sizes=\"auto, (max-width: 300px) 100vw, 300px\" \/><\/a>Em sess\u00e3o administrativa, o Tribunal Superior Eleitoral (TSE) aprovou a realiza\u00e7\u00e3o de elei\u00e7\u00e3o suplementar para o munic\u00edpio de S\u00e3o Francisco de Assis do Piau\u00ed (PI). Os ministros do TSE acolheram pedido formulado pelo Tribunal Regional Eleitoral (TRE) do Estado.<\/p>\n<p>Em S\u00e3o Francisco de Assis do Piau\u00ed a escolha dos novos prefeito e vice-prefeito ocorrer\u00e1 em 26 de dezembro. A elei\u00e7\u00e3o suplementar se faz necess\u00e1ria naquela cidade porque o TRE-PI manteve a senten\u00e7a que determinou a perda dos mandatos eletivos de Heitor Gomes Ferreira e Valmi Adrelino da Costa, que haviam sido eleitos prefeito e vice-prefeito nas elei\u00e7\u00f5es municipais de 2008.<\/p>\n<p>Fonte: gp1<\/p>\n","protected":false},"excerpt":{"rendered":"<p>Em sess\u00e3o administrativa, o Tribunal Superior Eleitoral (TSE) aprovou a realiza\u00e7\u00e3o de elei\u00e7\u00e3o suplementar para o munic\u00edpio de S\u00e3o Francisco de Assis do Piau\u00ed (PI). Os ministros do TSE acolheram&#8230;<\/p>\n","protected":false},"author":1,"featured_media":0,"comment_status":"open","ping_status":"open","sticky":false,"template":"","format":"standard","meta":{"ngg_post_thumbnail":0,"footnotes":""},"categories":[243],"tags":[],"class_list":["post-6211","post","type-post","status-publish","format-standard","hentry","category-geral"],"views":622,"meta_data":{"thumb":"https:\/\/portalv1.com.br\/app\/wp-content\/uploads\/2010\/07\/TREeleicoes.jpg","data":{"simple":"24\/11\/2010","date_time":"24\/11\/2010 07:10:57","date":"h\u00e1 15 anos"},"chapeu":"","source":""},"_links":{"self":[{"href":"https:\/\/portalv1.com.br\/api\/wp\/v2\/posts\/6211","targetHints":{"allow":["GET"]}}],"collection":[{"href":"https:\/\/portalv1.com.br\/api\/wp\/v2\/posts"}],"about":[{"href":"https:\/\/portalv1.com.br\/api\/wp\/v2\/types\/post"}],"author":[{"embeddable":true,"href":"https:\/\/portalv1.com.br\/api\/wp\/v2\/users\/1"}],"replies":[{"embeddable":true,"href":"https:\/\/portalv1.com.br\/api\/wp\/v2\/comments?post=6211"}],"version-history":[{"count":0,"href":"https:\/\/portalv1.com.br\/api\/wp\/v2\/posts\/6211\/revisions"}],"wp:attachment":[{"href":"https:\/\/portalv1.com.br\/api\/wp\/v2\/media?parent=6211"}],"wp:term":[{"taxonomy":"category","embeddable":true,"href":"https:\/\/portalv1.com.br\/api\/wp\/v2\/categories?post=6211"},{"taxonomy":"post_tag","embeddable":true,"href":"https:\/\/portalv1.com.br\/api\/wp\/v2\/tags?post=6211"}],"curies":[{"name":"wp","href":"https:\/\/api.w.org\/{rel}","templated":true}]}}