{"id":62466,"date":"2018-09-11T12:18:43","date_gmt":"2018-09-11T15:18:43","guid":{"rendered":"https:\/\/portalv1.com.br\/?p=62466"},"modified":"2018-09-13T13:35:49","modified_gmt":"2018-09-13T16:35:49","slug":"apos-adiamento-julgamento-do-caso-gercineide-sera-nesta-quinta-feira","status":"publish","type":"post","link":"https:\/\/portalv1.com.br\/apos-adiamento-julgamento-do-caso-gercineide-sera-nesta-quinta-feira\/","title":{"rendered":"Ap\u00f3s adiamento, julgamento do caso Gercineide ser\u00e1 nesta quinta-feira"},"content":{"rendered":"<figure id=\"attachment_20483\" aria-describedby=\"caption-attachment-20483\" style=\"width: 640px\" class=\"wp-caption aligncenter\"><a href=\"https:\/\/portalv1.com.br\/app\/wp-content\/uploads\/2015\/03\/dsc_0758-1.jpg\"><img loading=\"lazy\" decoding=\"async\" class=\"size-large wp-image-20483\" src=\"https:\/\/portalv1.com.br\/app\/wp-content\/uploads\/2015\/03\/dsc_0758-1-640x427.jpg\" alt=\"\" width=\"640\" height=\"427\" srcset=\"https:\/\/portalv1.com.br\/app\/wp-content\/uploads\/2015\/03\/dsc_0758-1.jpg 640w, https:\/\/portalv1.com.br\/app\/wp-content\/uploads\/2015\/03\/dsc_0758-1-300x200.jpg 300w\" sizes=\"auto, (max-width: 640px) 100vw, 640px\" \/><\/a><figcaption id=\"caption-attachment-20483\" class=\"wp-caption-text\">Gercineide Monteiro<\/figcaption><\/figure>\n<p>Ap\u00f3s ter seu julgamento adiado pela Comarca de Valen\u00e7a (estava marcado para o \u00faltimo dia 04 de setembro), a dona de casa No\u00eamia Maria da Silva Barros vai a j\u00fari popular nesta quinta-feira (13). Ela \u00e9 acusada de participa\u00e7\u00e3o na morte da ex-primeira dama de Lagoa do Sitio, Gercineide Monteiro em fevereiro de 2015. &nbsp;<\/p>\n<p>Gercineide Monteiro foi morta com um tiro no ouvido enquanto dormia em sua casa. Nesta segunda-feira (10), o juiz da Comarca Dr. Juscelino Norberto confirmou a realiza\u00e7\u00e3o da sess\u00e3o do J\u00fari, assim como o local, antes estava marcado para o col\u00e9gio Santo Ant\u00f4nio, no entanto o magistrado confirmou que o julgamento ser\u00e1 realizado na sede da Comarca em frente ao Terminal Rodovi\u00e1rio a partir das 09h da manh\u00e3.<\/p>\n<p>A expectativa \u00e9 grande para ver qual estrat\u00e9gia ser\u00e1 usada pela defesa da r\u00e9, uma vez que durante o julgamento do ex-prefeito Z\u00e9 Sim\u00e3o em junho desse ano em Oeiras, No\u00eamia Barros optou por permanecer calada durante o julgamento, quando poderia usar o espa\u00e7o para se defender.<\/p>\n<p>O ex-prefeito que era acusado de autoria do crime pela policia foi inocentado. Outro ponto desse julgamento \u00e9 que o ex-prefeito habilitou um advogado para funcionar como assistente da acusa\u00e7\u00e3o, ou seja, sua fun\u00e7\u00e3o \u00e9 acusa-la.<\/p>\n<p>Sobre o julgamento do ex-prefeito, o Minist\u00e9rio Publico recorreu sob a alega\u00e7\u00e3o de que o j\u00fari proferiu senten\u00e7a contr\u00e1ria as provas t\u00e9cnicas contidas nos autos. &nbsp;&nbsp;&nbsp;<\/p>\n","protected":false},"excerpt":{"rendered":"<p>Ap\u00f3s ter seu julgamento adiado pela Comarca de Valen\u00e7a (estava marcado para o \u00faltimo dia 04 de setembro), a dona de casa No\u00eamia Maria da Silva Barros vai a j\u00fari&#8230;<\/p>\n","protected":false},"author":1,"featured_media":22785,"comment_status":"open","ping_status":"open","sticky":false,"template":"","format":"standard","meta":{"ngg_post_thumbnail":0,"footnotes":""},"categories":[12],"tags":[],"class_list":["post-62466","post","type-post","status-publish","format-standard","has-post-thumbnail","hentry","category-valenca-news"],"views":894,"meta_data":{"thumb":"https:\/\/portalv1.com.br\/app\/wp-content\/uploads\/2016\/02\/dsc_0758-1.jpg","imagem":{"fullsize":{"url":"https:\/\/portalv1.com.br\/app\/wp-content\/uploads\/2016\/02\/dsc_0758-1.jpg","width":640,"height":427},"thumbnail":{"url":"https:\/\/portalv1.com.br\/app\/wp-content\/uploads\/2016\/02\/dsc_0758-1-100x100.jpg","width":100,"height":100},"medium":{"url":"https:\/\/portalv1.com.br\/app\/wp-content\/uploads\/2016\/02\/dsc_0758-1-300x200.jpg","width":300,"height":200},"large":{"url":"https:\/\/portalv1.com.br\/app\/wp-content\/uploads\/2016\/02\/dsc_0758-1-640x427.jpg","width":640,"height":427}},"data":{"simple":"11\/09\/2018","date_time":"11\/09\/2018 09:18:43","date":"h\u00e1 8 anos"},"chapeu":"Saiba mais ","source":"retirar"},"_links":{"self":[{"href":"https:\/\/portalv1.com.br\/api\/wp\/v2\/posts\/62466","targetHints":{"allow":["GET"]}}],"collection":[{"href":"https:\/\/portalv1.com.br\/api\/wp\/v2\/posts"}],"about":[{"href":"https:\/\/portalv1.com.br\/api\/wp\/v2\/types\/post"}],"author":[{"embeddable":true,"href":"https:\/\/portalv1.com.br\/api\/wp\/v2\/users\/1"}],"replies":[{"embeddable":true,"href":"https:\/\/portalv1.com.br\/api\/wp\/v2\/comments?post=62466"}],"version-history":[{"count":0,"href":"https:\/\/portalv1.com.br\/api\/wp\/v2\/posts\/62466\/revisions"}],"wp:featuredmedia":[{"embeddable":true,"href":"https:\/\/portalv1.com.br\/api\/wp\/v2\/media\/22785"}],"wp:attachment":[{"href":"https:\/\/portalv1.com.br\/api\/wp\/v2\/media?parent=62466"}],"wp:term":[{"taxonomy":"category","embeddable":true,"href":"https:\/\/portalv1.com.br\/api\/wp\/v2\/categories?post=62466"},{"taxonomy":"post_tag","embeddable":true,"href":"https:\/\/portalv1.com.br\/api\/wp\/v2\/tags?post=62466"}],"curies":[{"name":"wp","href":"https:\/\/api.w.org\/{rel}","templated":true}]}}