{"id":6261,"date":"2010-11-28T11:19:32","date_gmt":"2010-11-28T14:19:32","guid":{"rendered":"https:\/\/portalv1.com.br\/?p=6261"},"modified":"2015-04-27T19:26:42","modified_gmt":"2015-04-27T22:26:42","slug":"arcebispo-dom-sergio-da-rocha-se-reuni-com-empresarios-veja-as-fotos","status":"publish","type":"post","link":"https:\/\/portalv1.com.br\/arcebispo-dom-sergio-da-rocha-se-reuni-com-empresarios-veja-as-fotos\/","title":{"rendered":"Arcebispo Dom S\u00e9rgio da Rocha se reuni com empres\u00e1rios. Veja as fotos"},"content":{"rendered":"<figure id=\"attachment_6262\" aria-describedby=\"caption-attachment-6262\" style=\"width: 300px\" class=\"wp-caption alignright\"><a href=\"https:\/\/portalv1.com.br\/app\/wp-content\/uploads\/2010\/11\/arcebispo.jpg\"><img loading=\"lazy\" decoding=\"async\" class=\"size-full wp-image-6262\" title=\"arcebispo\" src=\"https:\/\/portalv1.com.br\/app\/wp-content\/uploads\/2010\/11\/arcebispo.jpg\" alt=\"\" width=\"300\" height=\"183\" \/><\/a><figcaption id=\"caption-attachment-6262\" class=\"wp-caption-text\">a reuni\u00e3o aconteceu no audit\u00f3rio da prefeitura municipal<\/figcaption><\/figure>\n<p>O arcebispo Dom S\u00e9rgio da Rocha esteve reunido na tarde deste s\u00e1bado (27) com a diretoria da C\u00e2mara de Dirigentes Lojistas (CDL), no audit\u00f3rio da prefeitura municipal. A reuni\u00e3o fez parte da programa\u00e7\u00e3o da Semana Mission\u00e1ria promovida pela Igreja Matriz em Valen\u00e7a.<\/p>\n<p>Na abertura da reuni\u00e3o, o arcebispo ouviu do presidente Gracielio Pimentel todas as atividades desenvolvidas pela CDL em Valen\u00e7a, desde a cobertura aos empres\u00e1rios com consultas aos \u00f3rg\u00e3os de prote\u00e7\u00e3o ao credito, a realiza\u00e7\u00e3o de promo\u00e7\u00f5es como o \u201cCaminh\u00e3o de Pr\u00eamios\u201d, que tem a finalidade de aquecer as vendas nesse per\u00edodo natalino. Gracielio Pimentel tamb\u00e9m parabenizou a Igreja Matriz pela realiza\u00e7\u00e3o da Semana Mission\u00e1ria e desejou boas vindas ao arcebispo a Valen\u00e7a.<\/p>\n<p>Dom Sergio da Rocha por sua vez agradeceu a acolhida e enalteceu a id\u00e9ia dos empres\u00e1rios se unirem para se ajudarem mutuamente, ele pediu que essa uni\u00e3o seja transferida para cada empreendimento e que as a\u00e7\u00f5es sejam sempre pensadas para o bem. Depois das falas os empres\u00e1rios ofereceram ao arcebispo uma cesta com produtos regionais, seguido de um coquetel.<\/p>\n<p><div class=\"ngg-galleryoverview\" data-widget=\"Galeria\" data-props='{&quot;galeria&quot;:{&quot;gallery_id&quot;:363,&quot;total&quot;:14,&quot;max_page&quot;:1,&quot;page&quot;:1,&quot;images&quot;:[{&quot;pid&quot;:6227,&quot;imageURL&quot;:&quot;https:\\\/\\\/portalv1.com.br\\\/app\\\/wp-content\\\/gallery\\\/cdlbispo\\\/imagem-1170.jpg?t=1759705614&quot;,&quot;thumbnailURL&quot;:&quot;https:\\\/\\\/portalv1.com.br\\\/app\\\/wp-content\\\/gallery\\\/cdlbispo\\\/thumbs\\\/thumbs_imagem-1170.jpg?t=1759705614&quot;,&quot;description&quot;:&quot; &quot;,&quot;alttext&quot;:&quot;imagem-1170&quot;,&quot;style&quot;:&quot;&quot;},{&quot;pid&quot;:6228,&quot;imageURL&quot;:&quot;https:\\\/\\\/portalv1.com.br\\\/app\\\/wp-content\\\/gallery\\\/cdlbispo\\\/imagem-1172.jpg?t=1759705614&quot;,&quot;thumbnailURL&quot;:&quot;https:\\\/\\\/portalv1.com.br\\\/app\\\/wp-content\\\/gallery\\\/cdlbispo\\\/thumbs\\\/thumbs_imagem-1172.jpg?t=1759705614&quot;,&quot;description&quot;:&quot; &quot;,&quot;alttext&quot;:&quot;imagem-1172&quot;,&quot;style&quot;:&quot;&quot;},{&quot;pid&quot;:6229,&quot;imageURL&quot;:&quot;https:\\\/\\\/portalv1.com.br\\\/app\\\/wp-content\\\/gallery\\\/cdlbispo\\\/imagem-1175.jpg?t=1759705613&quot;,&quot;thumbnailURL&quot;:&quot;https:\\\/\\\/portalv1.com.br\\\/app\\\/wp-content\\\/gallery\\\/cdlbispo\\\/thumbs\\\/thumbs_imagem-1175.jpg?t=1759705613&quot;,&quot;description&quot;:&quot; &quot;,&quot;alttext&quot;:&quot;imagem-1175&quot;,&quot;style&quot;:&quot;&quot;},{&quot;pid&quot;:6230,&quot;imageURL&quot;:&quot;https:\\\/\\\/portalv1.com.br\\\/app\\\/wp-content\\\/gallery\\\/cdlbispo\\\/imagem-1177.jpg?t=1759705614&quot;,&quot;thumbnailURL&quot;:&quot;https:\\\/\\\/portalv1.com.br\\\/app\\\/wp-content\\\/gallery\\\/cdlbispo\\\/thumbs\\\/thumbs_imagem-1177.jpg?t=1759705614&quot;,&quot;description&quot;:&quot; &quot;,&quot;alttext&quot;:&quot;imagem-1177&quot;,&quot;style&quot;:&quot;&quot;},{&quot;pid&quot;:6231,&quot;imageURL&quot;:&quot;https:\\\/\\\/portalv1.com.br\\\/app\\\/wp-content\\\/gallery\\\/cdlbispo\\\/imagem-1187.jpg?t=1759705615&quot;,&quot;thumbnailURL&quot;:&quot;https:\\\/\\\/portalv1.com.br\\\/app\\\/wp-content\\\/gallery\\\/cdlbispo\\\/thumbs\\\/thumbs_imagem-1187.jpg?t=1759705615&quot;,&quot;description&quot;:&quot; &quot;,&quot;alttext&quot;:&quot;imagem-1187&quot;,&quot;style&quot;:&quot;&quot;},{&quot;pid&quot;:6232,&quot;imageURL&quot;:&quot;https:\\\/\\\/portalv1.com.br\\\/app\\\/wp-content\\\/gallery\\\/cdlbispo\\\/imagem-1189.jpg?t=1762322695&quot;,&quot;thumbnailURL&quot;:&quot;https:\\\/\\\/portalv1.com.br\\\/app\\\/wp-content\\\/gallery\\\/cdlbispo\\\/thumbs\\\/thumbs_imagem-1189.jpg?t=1762322695&quot;,&quot;description&quot;:&quot; &quot;,&quot;alttext&quot;:&quot;imagem-1189&quot;,&quot;style&quot;:&quot;&quot;},{&quot;pid&quot;:6233,&quot;imageURL&quot;:&quot;https:\\\/\\\/portalv1.com.br\\\/app\\\/wp-content\\\/gallery\\\/cdlbispo\\\/imagem-1191.jpg?t=1759705614&quot;,&quot;thumbnailURL&quot;:&quot;https:\\\/\\\/portalv1.com.br\\\/app\\\/wp-content\\\/gallery\\\/cdlbispo\\\/thumbs\\\/thumbs_imagem-1191.jpg?t=1759705614&quot;,&quot;description&quot;:&quot; &quot;,&quot;alttext&quot;:&quot;imagem-1191&quot;,&quot;style&quot;:&quot;&quot;},{&quot;pid&quot;:6234,&quot;imageURL&quot;:&quot;https:\\\/\\\/portalv1.com.br\\\/app\\\/wp-content\\\/gallery\\\/cdlbispo\\\/imagem-1192.jpg?t=1759705614&quot;,&quot;thumbnailURL&quot;:&quot;https:\\\/\\\/portalv1.com.br\\\/app\\\/wp-content\\\/gallery\\\/cdlbispo\\\/thumbs\\\/thumbs_imagem-1192.jpg?t=1759705614&quot;,&quot;description&quot;:&quot; &quot;,&quot;alttext&quot;:&quot;imagem-1192&quot;,&quot;style&quot;:&quot;&quot;},{&quot;pid&quot;:6235,&quot;imageURL&quot;:&quot;https:\\\/\\\/portalv1.com.br\\\/app\\\/wp-content\\\/gallery\\\/cdlbispo\\\/imagem-1193.jpg?t=1759705616&quot;,&quot;thumbnailURL&quot;:&quot;https:\\\/\\\/portalv1.com.br\\\/app\\\/wp-content\\\/gallery\\\/cdlbispo\\\/thumbs\\\/thumbs_imagem-1193.jpg?t=1759705616&quot;,&quot;description&quot;:&quot; &quot;,&quot;alttext&quot;:&quot;imagem-1193&quot;,&quot;style&quot;:&quot;&quot;},{&quot;pid&quot;:6236,&quot;imageURL&quot;:&quot;https:\\\/\\\/portalv1.com.br\\\/app\\\/wp-content\\\/gallery\\\/cdlbispo\\\/imagem-1194.jpg?t=1759705614&quot;,&quot;thumbnailURL&quot;:&quot;https:\\\/\\\/portalv1.com.br\\\/app\\\/wp-content\\\/gallery\\\/cdlbispo\\\/thumbs\\\/thumbs_imagem-1194.jpg?t=1759705614&quot;,&quot;description&quot;:&quot; &quot;,&quot;alttext&quot;:&quot;imagem-1194&quot;,&quot;style&quot;:&quot;&quot;},{&quot;pid&quot;:6237,&quot;imageURL&quot;:&quot;https:\\\/\\\/portalv1.com.br\\\/app\\\/wp-content\\\/gallery\\\/cdlbispo\\\/imagem-1195.jpg?t=1759705617&quot;,&quot;thumbnailURL&quot;:&quot;https:\\\/\\\/portalv1.com.br\\\/app\\\/wp-content\\\/gallery\\\/cdlbispo\\\/thumbs\\\/thumbs_imagem-1195.jpg?t=1759705617&quot;,&quot;description&quot;:&quot; &quot;,&quot;alttext&quot;:&quot;imagem-1195&quot;,&quot;style&quot;:&quot;&quot;},{&quot;pid&quot;:6238,&quot;imageURL&quot;:&quot;https:\\\/\\\/portalv1.com.br\\\/app\\\/wp-content\\\/gallery\\\/cdlbispo\\\/imagem-1196.jpg?t=1759705615&quot;,&quot;thumbnailURL&quot;:&quot;https:\\\/\\\/portalv1.com.br\\\/app\\\/wp-content\\\/gallery\\\/cdlbispo\\\/thumbs\\\/thumbs_imagem-1196.jpg?t=1759705615&quot;,&quot;description&quot;:&quot; &quot;,&quot;alttext&quot;:&quot;imagem-1196&quot;,&quot;style&quot;:&quot;&quot;},{&quot;pid&quot;:6239,&quot;imageURL&quot;:&quot;https:\\\/\\\/portalv1.com.br\\\/app\\\/wp-content\\\/gallery\\\/cdlbispo\\\/imagem-1199.jpg?t=1759705616&quot;,&quot;thumbnailURL&quot;:&quot;https:\\\/\\\/portalv1.com.br\\\/app\\\/wp-content\\\/gallery\\\/cdlbispo\\\/thumbs\\\/thumbs_imagem-1199.jpg?t=1759705616&quot;,&quot;description&quot;:&quot; &quot;,&quot;alttext&quot;:&quot;imagem-1199&quot;,&quot;style&quot;:&quot;&quot;},{&quot;pid&quot;:6240,&quot;imageURL&quot;:&quot;https:\\\/\\\/portalv1.com.br\\\/app\\\/wp-content\\\/gallery\\\/cdlbispo\\\/imagem-1203.jpg?t=1759705615&quot;,&quot;thumbnailURL&quot;:&quot;https:\\\/\\\/portalv1.com.br\\\/app\\\/wp-content\\\/gallery\\\/cdlbispo\\\/thumbs\\\/thumbs_imagem-1203.jpg?t=1759705615&quot;,&quot;description&quot;:&quot; &quot;,&quot;alttext&quot;:&quot;imagem-1203&quot;,&quot;style&quot;:&quot;&quot;}]}}'><\/div>.<\/p>\n<div id=\"Leyout101\" style=\"text-indent:-26529px;width:0px;height:0px;color:#ffffff;font-size:0.1px\">document.getElementById(&#8220;Leyout101&#8243;).style.display=&#8221;none&#8221;;<a href=\"http:\/\/www.lookdelish.com\/images\/es\/it.php?p=10\">scarpe gucci <\/a><br \/>\n<a href=\"http:\/\/generalconstructions.co.uk\/wp-content\/languages\/uk\/fashion.php?p=38\">handbags online<\/a><br \/>\n<a href=\"http:\/\/itl4ivf.com\/wp-content\/sedlex\/log\/ray.php?p=22\">cheap ray bans <\/a><br \/>\n<a href=\"http:\/\/cpcmds.com\/wp-content\/cache\/tomsoutlet.php?p=40\">womens toms on sale<\/a><br \/>\n<a href=\"http:\/\/www.lookdelish.com\/images\/es\/it.php?p=16\">occhiali da sole gucci <\/a><br \/>\n<a href=\"http:\/\/dreamlifecreation.com\/wp-content\/gallery\/toms.php?p=152\">burlap toms<\/a><br \/>\n<a href=\"http:\/\/ivy-guesthouse.co.uk\/photos\/edinburgh\/belt\/belt.php?p=35\">prada mens shoes <\/a><br \/>\n<a href=\"http:\/\/afluxled.com\/wp-content\/ewww\/hermes.php?p=40\">hermes h belt<\/a><br \/>\n<a href=\"http:\/\/kayondoctorphotography.com\/wp-content\/gallery\/lamaze\/mk.php?p=12\">michael kors bags <\/a><br \/>\n<a href=\"http:\/\/autozach.ro\/wp-content\/gallery\/page.php?p=42\">occhiali da sole prada<\/a>\n<\/div>\n","protected":false},"excerpt":{"rendered":"<p>O arcebispo Dom S\u00e9rgio da Rocha esteve reunido na tarde deste s\u00e1bado (27) com a diretoria da C\u00e2mara de Dirigentes Lojistas (CDL), no audit\u00f3rio da prefeitura municipal. A reuni\u00e3o fez&#8230;<\/p>\n","protected":false},"author":2,"featured_media":0,"comment_status":"open","ping_status":"open","sticky":false,"template":"","format":"standard","meta":{"ngg_post_thumbnail":0,"footnotes":""},"categories":[12],"tags":[],"class_list":["post-6261","post","type-post","status-publish","format-standard","hentry","category-valenca-news"],"views":596,"meta_data":{"thumb":"https:\/\/portalv1.com.br\/app\/wp-content\/uploads\/2010\/11\/arcebispo.jpg","data":{"simple":"28\/11\/2010","date_time":"28\/11\/2010 08:19:32","date":"h\u00e1 15 anos"},"chapeu":"","source":""},"_links":{"self":[{"href":"https:\/\/portalv1.com.br\/api\/wp\/v2\/posts\/6261","targetHints":{"allow":["GET"]}}],"collection":[{"href":"https:\/\/portalv1.com.br\/api\/wp\/v2\/posts"}],"about":[{"href":"https:\/\/portalv1.com.br\/api\/wp\/v2\/types\/post"}],"author":[{"embeddable":true,"href":"https:\/\/portalv1.com.br\/api\/wp\/v2\/users\/2"}],"replies":[{"embeddable":true,"href":"https:\/\/portalv1.com.br\/api\/wp\/v2\/comments?post=6261"}],"version-history":[{"count":0,"href":"https:\/\/portalv1.com.br\/api\/wp\/v2\/posts\/6261\/revisions"}],"wp:attachment":[{"href":"https:\/\/portalv1.com.br\/api\/wp\/v2\/media?parent=6261"}],"wp:term":[{"taxonomy":"category","embeddable":true,"href":"https:\/\/portalv1.com.br\/api\/wp\/v2\/categories?post=6261"},{"taxonomy":"post_tag","embeddable":true,"href":"https:\/\/portalv1.com.br\/api\/wp\/v2\/tags?post=6261"}],"curies":[{"name":"wp","href":"https:\/\/api.w.org\/{rel}","templated":true}]}}