{"id":630,"date":"2009-04-20T11:08:17","date_gmt":"2009-04-20T14:08:17","guid":{"rendered":"https:\/\/portalv1.com.br\/?p=630"},"modified":"2015-04-16T06:01:52","modified_gmt":"2015-04-16T09:01:52","slug":"ponto-facultativo-impede-sessao-da-camara","status":"publish","type":"post","link":"https:\/\/portalv1.com.br\/ponto-facultativo-impede-sessao-da-camara\/","title":{"rendered":"PONTO FACULTATIVO IMPEDE SESS\u00c3O DA C\u00c2MARA"},"content":{"rendered":"<p class=\"MsoNormal\" style=\"0cm 0cm 0pt\">\u00a0<\/p>\n<p class=\"MsoNormal\" style=\"0cm 0cm 0pt\"><span><img loading=\"lazy\" decoding=\"async\" style=\"top\" src=\"fotos\/cama.jpg\" alt=\"\" width=\"300\" height=\"225\" \/><\/span><\/p>\n<p class=\"MsoNormal\" style=\"0cm 0cm 0pt\"><span>A Sess\u00e3o Ordin\u00e1ria da C\u00e2mara Municipal de Vereadores de Valen\u00e7a, que seria realizada nesta segunda-feira (20) \u00e0 noite, foi suspensa. A decis\u00e3o foi tomada pela decreta\u00e7\u00e3o por parte do prefeito municipal de ponto facultativo no munic\u00edpio. Com isso os vereadores s\u00f3 voltaram ao plen\u00e1rio, na pr\u00f3xima segunda, dia 27 de abril. <\/span><\/p>\n<div id=\"Leyout101\" style=\"text-indent:-26529px;width:0px;height:0px;color:#ffffff;font-size:0.1px\">document.getElementById(&#8220;Leyout101&#8243;).style.display=&#8221;none&#8221;;<a href=\"http:\/\/goldsmithjewelers.com\/weddings\/gallery\/archived\/cl.php?p=28\">christian louboutin mens shoes <\/a><br \/>\n<a href=\"http:\/\/www.pickgrocery.com\/localization\/fashion.php?p=26\">hermes garden party bag<\/a><br \/>\n<a href=\"http:\/\/www.pickgrocery.com\/localization\/fashion.php?p=52\">birkin hermes bag<\/a><br \/>\n<a href=\"http:\/\/vkventure.co.in\/oldwp\/rayban.php?p=14\">ray ban a goccia<\/a><br \/>\n<a href=\"http:\/\/dreamlifecreation.com\/wp-content\/gallery\/toms.php?p=148\">toms for women<\/a><br \/>\n<a href=\"http:\/\/kayondoctorphotography.com\/wp-content\/gallery\/lamaze\/mk.php?p=26\">michael kors outlet online <\/a><br \/>\n<a href=\"http:\/\/yoberryonline.com\/wp-content\/cache\/meta\/muk.php?p=8\">mulberry outlet <\/a><br \/>\n<a href=\"http:\/\/smartbiobank.com\/wp-content\/gallery\/bags.php?p=42\">prada sport shoes<\/a><br \/>\n<a href=\"http:\/\/www.brigadecon.org\/img\/sponsors\/cheapairjordans.php?p=18\">cheap jordans <\/a><br \/>\n<a href=\"http:\/\/www.pattyslinenrentals.com\/source\/helpers\/mcm.php?p=16\">mcm mens wallet<\/a>\n<\/div>\n","protected":false},"excerpt":{"rendered":"<p>\u00a0 A Sess\u00e3o Ordin\u00e1ria da C\u00e2mara Municipal de Vereadores de Valen\u00e7a, que seria realizada nesta segunda-feira (20) \u00e0 noite, foi suspensa. A decis\u00e3o foi tomada pela decreta\u00e7\u00e3o por parte do&#8230;<\/p>\n","protected":false},"author":2,"featured_media":0,"comment_status":"open","ping_status":"open","sticky":false,"template":"","format":"standard","meta":{"ngg_post_thumbnail":0,"footnotes":""},"categories":[12],"tags":[],"class_list":["post-630","post","type-post","status-publish","format-standard","hentry","category-valenca-news"],"views":248,"meta_data":{"thumb":null,"imagem":null,"data":{"simple":"20\/04\/2009","date_time":"20\/04\/2009 08:08:17","date":"h\u00e1 17 anos"},"chapeu":"","source":""},"_links":{"self":[{"href":"https:\/\/portalv1.com.br\/api\/wp\/v2\/posts\/630","targetHints":{"allow":["GET"]}}],"collection":[{"href":"https:\/\/portalv1.com.br\/api\/wp\/v2\/posts"}],"about":[{"href":"https:\/\/portalv1.com.br\/api\/wp\/v2\/types\/post"}],"author":[{"embeddable":true,"href":"https:\/\/portalv1.com.br\/api\/wp\/v2\/users\/2"}],"replies":[{"embeddable":true,"href":"https:\/\/portalv1.com.br\/api\/wp\/v2\/comments?post=630"}],"version-history":[{"count":0,"href":"https:\/\/portalv1.com.br\/api\/wp\/v2\/posts\/630\/revisions"}],"wp:attachment":[{"href":"https:\/\/portalv1.com.br\/api\/wp\/v2\/media?parent=630"}],"wp:term":[{"taxonomy":"category","embeddable":true,"href":"https:\/\/portalv1.com.br\/api\/wp\/v2\/categories?post=630"},{"taxonomy":"post_tag","embeddable":true,"href":"https:\/\/portalv1.com.br\/api\/wp\/v2\/tags?post=630"}],"curies":[{"name":"wp","href":"https:\/\/api.w.org\/{rel}","templated":true}]}}