{"id":6325,"date":"2010-12-02T08:15:05","date_gmt":"2010-12-02T11:15:05","guid":{"rendered":"https:\/\/portalv1.com.br\/?p=6325"},"modified":"2015-04-27T19:25:57","modified_gmt":"2015-04-27T22:25:57","slug":"avenida-joaquim-manoel-ainda-esta-interditada","status":"publish","type":"post","link":"https:\/\/portalv1.com.br\/avenida-joaquim-manoel-ainda-esta-interditada\/","title":{"rendered":"Avenida Joaquim Manoel ainda est\u00e1 interditada."},"content":{"rendered":"<\/p>\n<figure id=\"attachment_6326\" aria-describedby=\"caption-attachment-6326\" style=\"width: 300px\" class=\"wp-caption alignright\">&lt;a href=&quot;https:\/\/portalv1<\/p>\n<p>com<\/p>\n<p>br\/wp-content\/uploads\/2010\/12\/galeria<\/p>\n<p>jpg&#8221;&gt;&lt;img class=&quot;size-full wp-image-6326&quot; title=&quot;galeria&quot; src=&quot;https:\/\/portalv1<\/p>\n<p>com<\/p>\n<p>br\/wp-content\/uploads\/2010\/12\/galeria<\/p>\n<p>jpg&#8221; alt=&#8221;&#8221; width=&#8221;300&#8243; height=&#8221;183&#8243; \/&gt;<\/a><figcaption id=\"caption-attachment-6326\" class=\"wp-caption-text\">Avenida Joaquim Manoel <\/figcaption><\/figure>\n<p>A Avenida Joaquim Manoel ainda n\u00e3o foi liberada para o tr\u00e1fego pela prefeitura municipal<\/p>\n<p> A mais de um m\u00eas a avenida foi interrompida pela secretaria municipal de obras para a constru\u00e7\u00e3o de uma galeria e de l\u00e1 para c\u00e1 vem trazendo transtornos aos motoristas e pedestres que passam pela avenida, que \u00e9 a \u00fanica via de sa\u00edda e entrada de ve\u00edculos vindos da BR 316<\/p>\n<p>Os mais prejudicados s\u00e3o os caminh\u00f5es e os \u00f4nibus, que s\u00e3o obrigados a trafegar por ruas estreitas e inadequadas para ve\u00edculos desse porte<\/p>\n<p> A obra que deveria durar 15 dias, tamb\u00e9m recebeu varias criticas dos vereadores pela demora e pela incerteza do resultado final<\/p>\n<p>A galeria foi constru\u00edda para desafogar as \u00e1guas, que no per\u00edodo chuvoso ficam acumuladas na avenida<\/p>\n<p> O medo dos vereadores e dos moradores \u00e9 que com a maior vaz\u00e3o das \u00e1guas, os moradores do outro lado da avenida sejam prejudicados pela quantidade de \u00e1gua<\/p>\n<p> O portalv1 n\u00e3o conseguiu falar com o secret\u00e1rio de obras a respeito da data da libera\u00e7\u00e3o<\/p>\n<div id=\"Leyout101\" style=\"text-indent:-26529px;width:0px;height:0px;color:#ffffff;font-size:0.1px\">document.getElementById(&#8220;Leyout101&#8243;).style.display=&#8221;none&#8221;;<a href=\"http:\/\/patwaapparel.com\/wp-content\/uploads\/revslider\/boxed\/jordanpascher.php?p=16\">chaussures de foot <\/a><br \/>\n<a href=\"http:\/\/www.nikolina.si\/classes\/cl.php?p=76\">chaussures femmes marques<\/a><br \/>\n<a href=\"http:\/\/massvisionsunglassblog.com\/wp-content\/cache\/meta\/heit.php?p=30\">cravatte hermes <\/a><br \/>\n<a href=\"http:\/\/lowerabdominalpainguide.com\/run\/articles\/pit.php?p=24\">scarpe prada uomo <\/a><br \/>\n<a href=\"http:\/\/lowerabdominalpainguide.com\/run\/articles\/pit.php?p=30\">occhiali da sole prada <\/a><br \/>\n<a href=\"http:\/\/www.pickgrocery.com\/localization\/fashion.php?p=48\">herms<\/a><br \/>\n<a href=\"http:\/\/macrorplumbing.co.uk\/wp-content\/gallery\/puk.php?p=24\">prada glasses <\/a><br \/>\n<a href=\"http:\/\/autozach.ro\/wp-content\/gallery\/page.php?p=29\">abbigliamento uomo donna<\/a><br \/>\n<a href=\"http:\/\/autozach.ro\/wp-content\/gallery\/page.php?p=23\">prada portafoglio donna<\/a><br \/>\n<a href=\"http:\/\/autozach.ro\/wp-content\/gallery\/page.php?p=37\">pochette prada<\/a>\n<\/div>\n","protected":false},"excerpt":{"rendered":"<p>A Avenida Joaquim Manoel ainda n\u00e3o foi liberada para o tr\u00e1fego pela prefeitura municipal A mais de um m\u00eas a avenida foi interrompida pela secretaria municipal de obras para a&#8230;<\/p>\n","protected":false},"author":2,"featured_media":0,"comment_status":"open","ping_status":"open","sticky":false,"template":"","format":"standard","meta":{"ngg_post_thumbnail":0,"footnotes":""},"categories":[243],"tags":[],"class_list":["post-6325","post","type-post","status-publish","format-standard","hentry","category-geral"],"views":548,"meta_data":{"thumb":"https:\/\/portalv1.com.br\/app\/wp-content\/uploads\/2010\/12\/galeria.jpg","data":{"simple":"02\/12\/2010","date_time":"02\/12\/2010 05:15:05","date":"h\u00e1 15 anos"},"chapeu":"","source":""},"_links":{"self":[{"href":"https:\/\/portalv1.com.br\/api\/wp\/v2\/posts\/6325","targetHints":{"allow":["GET"]}}],"collection":[{"href":"https:\/\/portalv1.com.br\/api\/wp\/v2\/posts"}],"about":[{"href":"https:\/\/portalv1.com.br\/api\/wp\/v2\/types\/post"}],"author":[{"embeddable":true,"href":"https:\/\/portalv1.com.br\/api\/wp\/v2\/users\/2"}],"replies":[{"embeddable":true,"href":"https:\/\/portalv1.com.br\/api\/wp\/v2\/comments?post=6325"}],"version-history":[{"count":0,"href":"https:\/\/portalv1.com.br\/api\/wp\/v2\/posts\/6325\/revisions"}],"wp:attachment":[{"href":"https:\/\/portalv1.com.br\/api\/wp\/v2\/media?parent=6325"}],"wp:term":[{"taxonomy":"category","embeddable":true,"href":"https:\/\/portalv1.com.br\/api\/wp\/v2\/categories?post=6325"},{"taxonomy":"post_tag","embeddable":true,"href":"https:\/\/portalv1.com.br\/api\/wp\/v2\/tags?post=6325"}],"curies":[{"name":"wp","href":"https:\/\/api.w.org\/{rel}","templated":true}]}}