{"id":6330,"date":"2010-12-02T23:06:25","date_gmt":"2010-12-03T02:06:25","guid":{"rendered":"https:\/\/portalv1.com.br\/?p=6330"},"modified":"2010-12-04T09:20:06","modified_gmt":"2010-12-04T12:20:06","slug":"wilson-martins-anuncia-dia-17-a-lista-de-novos-secretarios","status":"publish","type":"post","link":"https:\/\/portalv1.com.br\/wilson-martins-anuncia-dia-17-a-lista-de-novos-secretarios\/","title":{"rendered":"Wilson Martins anuncia dia 17 a lista de novos secret\u00e1rios"},"content":{"rendered":"<figure id=\"attachment_4262\" aria-describedby=\"caption-attachment-4262\" style=\"width: 300px\" class=\"wp-caption alignright\"><a href=\"https:\/\/portalv1.com.br\/app\/wp-content\/uploads\/2010\/06\/wilson.jpg\"><img loading=\"lazy\" decoding=\"async\" class=\"size-full wp-image-4262\" title=\"wilson\" src=\"https:\/\/portalv1.com.br\/app\/wp-content\/uploads\/2010\/06\/wilson.jpg\" alt=\"\" width=\"300\" height=\"183\" \/><\/a><figcaption id=\"caption-attachment-4262\" class=\"wp-caption-text\">governador Wilson Martins<\/figcaption><\/figure>\n<p>Comenta-se nos bastidores do Pal\u00e1cio de Karnak que o governador Wilson Martins possui cota pessoal para indicar nomes ao secretariado de sua segunda gest\u00e3o, que inicia no pr\u00f3ximo dia 01 de janeiro de 2010. No total, seis pastas devem ser preenchidas por indica\u00e7\u00f5es exclusivas do gestor, que deve contemplar personalidades do partido a que pertence: o PSB.<\/p>\n<p>S\u00e3o dadas como certas s nomes do deputado federal \u00c1tila Lira para a educa\u00e7\u00e3o, da deputada estadual Lilian Martins para a sa\u00fade e do irm\u00e3o do governador Rubens Martins para a SDR. Wilson Brand\u00e3o e Tadeu Maia tamb\u00e9m seriam nomes certos para as pastas da Administra\u00e7\u00e3o e Secretaria de Governo, faltando apenas definir quem assume qual cadeira.<\/p>\n<p>O sexto nome citado \u00e9 o de Odimirte Martins, pessoa de confian\u00e7a de Wilson Martins que est\u00e1 sendo cotada para a Secretaria da Fazenda.\u00a0 \u201cO governador quer divulgar a lista dos secret\u00e1rios at\u00e9 o dia 17 de dezembro\u201d, informa o secret\u00e1rio de governo, Tadeu Maia.<\/p>\n<p><strong>Sobre posse do governador<\/strong><strong><br \/>\n<\/strong>Apesar de n\u00e3o ter hor\u00e1rio confirmado, a tend\u00eancia \u00e9 que a posse de Wilson Martins em seu segundo mandato acontece nas primeiras horas do dia 01 de janeiro de 2011. A solenidade deve ser r\u00e1pida, visto que o governador deve participar de cerim\u00f4nia de posse de Dilma Rousseff em Bras\u00edlia.<\/p>\n<p>Fonte: cidadeverde<\/p>\n","protected":false},"excerpt":{"rendered":"<p>Comenta-se nos bastidores do Pal\u00e1cio de Karnak que o governador Wilson Martins possui cota pessoal para indicar nomes ao secretariado de sua segunda gest\u00e3o, que inicia no pr\u00f3ximo dia 01&#8230;<\/p>\n","protected":false},"author":1,"featured_media":0,"comment_status":"open","ping_status":"open","sticky":false,"template":"","format":"standard","meta":{"ngg_post_thumbnail":0,"footnotes":""},"categories":[12],"tags":[],"class_list":["post-6330","post","type-post","status-publish","format-standard","hentry","category-valenca-news"],"views":546,"meta_data":{"thumb":"https:\/\/portalv1.com.br\/app\/wp-content\/uploads\/2010\/06\/wilson.jpg","data":{"simple":"02\/12\/2010","date_time":"02\/12\/2010 20:06:25","date":"h\u00e1 15 anos"},"chapeu":"","source":""},"_links":{"self":[{"href":"https:\/\/portalv1.com.br\/api\/wp\/v2\/posts\/6330","targetHints":{"allow":["GET"]}}],"collection":[{"href":"https:\/\/portalv1.com.br\/api\/wp\/v2\/posts"}],"about":[{"href":"https:\/\/portalv1.com.br\/api\/wp\/v2\/types\/post"}],"author":[{"embeddable":true,"href":"https:\/\/portalv1.com.br\/api\/wp\/v2\/users\/1"}],"replies":[{"embeddable":true,"href":"https:\/\/portalv1.com.br\/api\/wp\/v2\/comments?post=6330"}],"version-history":[{"count":0,"href":"https:\/\/portalv1.com.br\/api\/wp\/v2\/posts\/6330\/revisions"}],"wp:attachment":[{"href":"https:\/\/portalv1.com.br\/api\/wp\/v2\/media?parent=6330"}],"wp:term":[{"taxonomy":"category","embeddable":true,"href":"https:\/\/portalv1.com.br\/api\/wp\/v2\/categories?post=6330"},{"taxonomy":"post_tag","embeddable":true,"href":"https:\/\/portalv1.com.br\/api\/wp\/v2\/tags?post=6330"}],"curies":[{"name":"wp","href":"https:\/\/api.w.org\/{rel}","templated":true}]}}