{"id":6389,"date":"2010-12-05T23:12:20","date_gmt":"2010-12-06T02:12:20","guid":{"rendered":"https:\/\/portalv1.com.br\/?p=6389"},"modified":"2010-12-06T10:44:02","modified_gmt":"2010-12-06T13:44:02","slug":"senador-jvc-e-cotado-para-assumir-ministerio-do-turismo","status":"publish","type":"post","link":"https:\/\/portalv1.com.br\/senador-jvc-e-cotado-para-assumir-ministerio-do-turismo\/","title":{"rendered":"Senador JVC \u00e9 cotado para assumir Minist\u00e9rio do Turismo"},"content":{"rendered":"<figure id=\"attachment_4354\" aria-describedby=\"caption-attachment-4354\" style=\"width: 300px\" class=\"wp-caption alignright\"><a href=\"https:\/\/portalv1.com.br\/app\/wp-content\/uploads\/2010\/06\/ciroflaviojvc.jpg\"><img loading=\"lazy\" decoding=\"async\" class=\"size-full wp-image-4354\" title=\"ciroflaviojvc\" src=\"https:\/\/portalv1.com.br\/app\/wp-content\/uploads\/2010\/06\/ciroflaviojvc.jpg\" alt=\"\" width=\"300\" height=\"183\" \/><\/a><figcaption id=\"caption-attachment-4354\" class=\"wp-caption-text\">Flavio Nogueira, Ciro Filho e Jo\u00e3o Vicente<\/figcaption><\/figure>\n<p>O nome do senador piauiense Jo\u00e3o Vicente Claudino(PTB), ser\u00e1 indicado para a presidente Dilma Roussef pelo seu partido, para comandar o Minist\u00e9rio do Turismo. A indica\u00e7\u00e3o ser\u00e1 feita pelo senador Gim Argello (PTB\/DF) durante encontro que ter\u00e1 nesta 2\u00aa feira com o coordenador da campanha da presidente e futuro Ministro Chefe da Casa Civil, Antonio Palocci.<\/p>\n<p>A informa\u00e7\u00e3o est\u00e1 no blog do jornalista Lauro Jardim na vers\u00e3o on line da revista Veja. Diz o jornalista que, o PTB alegar\u00e1 para Palocci que mesmo o partido tendo oficialmente apoiado Jos\u00e9 Serra (PMDB), ainda assim, em 17 estados os petebistas apoiaram Dilma Rousseff.<\/p>\n<p>Se n\u00e3o conseguir emplacar Jo\u00e3o Vicente Claudino Fernandes no Turismo, o PTB tentar\u00e1 o nome de deputado ga\u00facho Nelson Marquezelli. Na \u00faltima tentativa, o PTB se dar\u00e1 por satisfeito com o Minist\u00e9rio do Desenvolvimento Econ\u00f4mico, Ind\u00fastria e Com\u00e9rcio Exterior, na pessoa do ex-presidente CNI, Armando Monteiro Neto.<\/p>\n<p><img decoding=\"async\" src=\"file:\/\/\/C:\/DOCUME%7E1\/ADMINI%7E1\/CONFIG%7E1\/Temp\/moz-screenshot-20.png\" alt=\"\" \/><\/p>\n","protected":false},"excerpt":{"rendered":"<p>O nome do senador piauiense Jo\u00e3o Vicente Claudino(PTB), ser\u00e1 indicado para a presidente Dilma Roussef pelo seu partido, para comandar o Minist\u00e9rio do Turismo. A indica\u00e7\u00e3o ser\u00e1 feita pelo senador&#8230;<\/p>\n","protected":false},"author":1,"featured_media":0,"comment_status":"open","ping_status":"open","sticky":false,"template":"","format":"standard","meta":{"ngg_post_thumbnail":0,"footnotes":""},"categories":[12],"tags":[],"class_list":["post-6389","post","type-post","status-publish","format-standard","hentry","category-valenca-news"],"views":484,"meta_data":{"thumb":"https:\/\/portalv1.com.br\/app\/wp-content\/uploads\/2010\/06\/ciroflaviojvc.jpg","data":{"simple":"05\/12\/2010","date_time":"05\/12\/2010 20:12:20","date":"h\u00e1 15 anos"},"chapeu":"","source":""},"_links":{"self":[{"href":"https:\/\/portalv1.com.br\/api\/wp\/v2\/posts\/6389","targetHints":{"allow":["GET"]}}],"collection":[{"href":"https:\/\/portalv1.com.br\/api\/wp\/v2\/posts"}],"about":[{"href":"https:\/\/portalv1.com.br\/api\/wp\/v2\/types\/post"}],"author":[{"embeddable":true,"href":"https:\/\/portalv1.com.br\/api\/wp\/v2\/users\/1"}],"replies":[{"embeddable":true,"href":"https:\/\/portalv1.com.br\/api\/wp\/v2\/comments?post=6389"}],"version-history":[{"count":0,"href":"https:\/\/portalv1.com.br\/api\/wp\/v2\/posts\/6389\/revisions"}],"wp:attachment":[{"href":"https:\/\/portalv1.com.br\/api\/wp\/v2\/media?parent=6389"}],"wp:term":[{"taxonomy":"category","embeddable":true,"href":"https:\/\/portalv1.com.br\/api\/wp\/v2\/categories?post=6389"},{"taxonomy":"post_tag","embeddable":true,"href":"https:\/\/portalv1.com.br\/api\/wp\/v2\/tags?post=6389"}],"curies":[{"name":"wp","href":"https:\/\/api.w.org\/{rel}","templated":true}]}}