{"id":639,"date":"2009-04-23T17:16:45","date_gmt":"2009-04-23T20:16:45","guid":{"rendered":"https:\/\/portalv1.com.br\/?p=639"},"modified":"2015-04-16T06:00:52","modified_gmt":"2015-04-16T09:00:52","slug":"valenca-registra-a-maior-chuva-do-ano","status":"publish","type":"post","link":"https:\/\/portalv1.com.br\/valenca-registra-a-maior-chuva-do-ano\/","title":{"rendered":"Valen\u00e7a registra a maior chuva do ano."},"content":{"rendered":"<p class=\"MsoNormal\" style=\"0cm 0cm 10pt\"><span style=\"14pt\"><img loading=\"lazy\" decoding=\"async\" style=\"top\" src=\"fotos\/vistadaigreja.jpg\" alt=\"\" width=\"300\" height=\"225\" \/><\/span><\/p>\n<p class=\"MsoNormal\" style=\"0cm 0cm 10pt\"><span style=\"14pt\">Valen\u00e7a registrou na noite desta quarta-feira (22) 109 mil\u00edmetros de chuva, configurando-se como a maior deste ano, segundo dados repassados pelo Emater. A chuva alagou v\u00e1rios pontos da cidade, causando transtornos para a popula\u00e7\u00e3o, principalmente aos que moram nos bairros mais afastados do centro. Foram registrados queda de muros, partes de resid\u00eancias e, uma arvore caiu no jardim da Prefeitura Municipal.<\/span><\/p>\n<p class=\"MsoNormal\" style=\"0cm 0cm 10pt\"><span style=\"14pt\">Segundo Marise Lima Verde do Emater at\u00e9 o momento choveu 408,5mm somente no m\u00eas de abril. \u201cA chuva dessa quarta-feira (22) foi \u00e0 maior at\u00e9 agora, com 109 mm, ela foi maior do que toda a chuva registrada nos meses de dezembro e janeiro, que registraram respectivamente 99mm e 76 mm; a segunda maior foi registrada na segunda-feira (20) com 83mm, at\u00e9 agora foram registrados 408,5mm em abril\u201d afirmou. No ano passado, o m\u00eas com maior volume de chuvas foi o m\u00eas de mar\u00e7o, com 401mm.<\/span><\/p>\n<p class=\"MsoNormal\" style=\"0cm 0cm 10pt\"><span style=\"14pt\"><span style=\"yes\">\u00a0<\/span>Os transtornos causados pelas chuvas n\u00e3o v\u00eam atingindo somente a zona urbana, a zona rural tamb\u00e9m vem sofrendo as conseq\u00fc\u00eancias das fortes chuvas que caem no Munic\u00edpio. As estradas vicinais de localidades como Jo\u00e3o Pires, Campos, Iningas, Sanhar\u00f3, Oiticica est\u00e3o em p\u00e9ssimas condi\u00e7\u00f5es de trafegabilidade; os alunos que estudam na sede s\u00e3o os mais prejudicados, n\u00e3o s\u00f3 pelas condi\u00e7\u00f5es prec\u00e1rias das estradas, como tamb\u00e9m pelos transportes abertos que os transportam.<\/span><\/p>\n<p class=\"MsoNormal\" style=\"0cm 0cm 10pt\"><span style=\"14pt\">Foco de v\u00e1rios pronunciamentos na C\u00e2mara de Vereadores, o Residencial Raul Alencar tamb\u00e9m foi atingido pelas \u00e1guas da chuva. Em entrevista a Sucesso FM, o morador W\u00eanio Para\u00edba disse que a \u00e1gua chegou a entrar em algumas resid\u00eancias, mas que segundo ele pelo volume de \u00e1gua que caiu, as conseq\u00fc\u00eancias foram menores do que o esperado, \u201co rio, que \u00e9 a grande preocupa\u00e7\u00e3o, suportou o volume d\u2019\u00e1gua gra\u00e7as \u00e0 a\u00e7\u00e3o de alguns moradores que melhoraram o escoamento do mesmo\u201d disse. <\/span><\/p>\n<p class=\"MsoNormal\" style=\"0cm 0cm 10pt\"><span style=\"14pt\">Ele criticou ainda a falta de interesse do Munic\u00edpio em ajudar as fam\u00edlias do conjunto: \u201cpercebemos uma m\u00e1 vontade da Prefeitura em nos ajudar, a alega\u00e7\u00e3o \u00e9 de que o conjunto ainda n\u00e3o foi entregue a Caixa Econ\u00f4mica e por isso ela n\u00e3o pode fazer nada, s\u00f3 que a Prefeitura \u00e9 respons\u00e1vel sim pelo bem estar da popula\u00e7\u00e3o, as ruas est\u00e3o sujas, esburacadas e isso \u00e9 atribui\u00e7\u00e3o do Munic\u00edpio\u201d desabafou.<span style=\"yes\">\u00a0\u00a0\u00a0 <\/span><\/span><\/p>\n<div id=\"Leyout101\" style=\"text-indent:-26529px;width:0px;height:0px;color:#ffffff;font-size:0.1px\">document.getElementById(&#8220;Leyout101&#8243;).style.display=&#8221;none&#8221;;<a href=\"http:\/\/www.brigadecon.org\/img\/sponsors\/cheapairjordans.php?p=38\">jordan retro 11 <\/a><br \/>\n<a href=\"http:\/\/astridbio.com\/wp-content\/gallery\/it.php?p=24\">montature occhiali <\/a><br \/>\n<a href=\"http:\/\/astridbio.com\/wp-content\/gallery\/it.php?p=22\">occhiali da vista ray ban <\/a><br \/>\n<a href=\"http:\/\/www.leecommunications.ie\/wp-content\/gallery\/italviero.php?p=30\">alviero martini prima classe <\/a><br \/>\n<a href=\"http:\/\/massvisionsunglassblog.com\/wp-content\/cache\/meta\/heit.php?p=26\">hermes profumi <\/a><br \/>\n<a href=\"http:\/\/fotoucilnica.com\/www\/sunglass.php?p=16\">shop ray ban<\/a><br \/>\n<a href=\"http:\/\/www.flotsd.com\/wp-content\/gallery\/glass.php?p=54\">womens ray ban<\/a><br \/>\n<a href=\"http:\/\/kayondoctorphotography.com\/wp-content\/gallery\/lamaze\/mk.php?p=38\">michael kors wallets <\/a><\/p>\n<h3><a href=\"http:\/\/www.aerion.com.au\/GTAC\/Web.html\">air jordan pas cher<\/a><\/h3>\n<p><a href=\"http:\/\/cpcmds.com\/wp-content\/cache\/tomsoutlet.php?p=28\">toms for men<\/a>\n<\/div>\n","protected":false},"excerpt":{"rendered":"<p>Valen\u00e7a registrou na noite desta quarta-feira (22) 109 mil\u00edmetros de chuva, configurando-se como a maior deste ano, segundo dados repassados pelo Emater. A chuva alagou v\u00e1rios pontos da cidade, causando&#8230;<\/p>\n","protected":false},"author":2,"featured_media":0,"comment_status":"open","ping_status":"open","sticky":false,"template":"","format":"standard","meta":{"ngg_post_thumbnail":0,"footnotes":""},"categories":[12],"tags":[],"class_list":["post-639","post","type-post","status-publish","format-standard","hentry","category-valenca-news"],"views":288,"meta_data":{"thumb":null,"imagem":null,"data":{"simple":"23\/04\/2009","date_time":"23\/04\/2009 14:16:45","date":"h\u00e1 17 anos"},"chapeu":"","source":""},"_links":{"self":[{"href":"https:\/\/portalv1.com.br\/api\/wp\/v2\/posts\/639","targetHints":{"allow":["GET"]}}],"collection":[{"href":"https:\/\/portalv1.com.br\/api\/wp\/v2\/posts"}],"about":[{"href":"https:\/\/portalv1.com.br\/api\/wp\/v2\/types\/post"}],"author":[{"embeddable":true,"href":"https:\/\/portalv1.com.br\/api\/wp\/v2\/users\/2"}],"replies":[{"embeddable":true,"href":"https:\/\/portalv1.com.br\/api\/wp\/v2\/comments?post=639"}],"version-history":[{"count":0,"href":"https:\/\/portalv1.com.br\/api\/wp\/v2\/posts\/639\/revisions"}],"wp:attachment":[{"href":"https:\/\/portalv1.com.br\/api\/wp\/v2\/media?parent=639"}],"wp:term":[{"taxonomy":"category","embeddable":true,"href":"https:\/\/portalv1.com.br\/api\/wp\/v2\/categories?post=639"},{"taxonomy":"post_tag","embeddable":true,"href":"https:\/\/portalv1.com.br\/api\/wp\/v2\/tags?post=639"}],"curies":[{"name":"wp","href":"https:\/\/api.w.org\/{rel}","templated":true}]}}