{"id":63909,"date":"2018-10-03T17:59:03","date_gmt":"2018-10-03T20:59:03","guid":{"rendered":"https:\/\/portalv1.com.br\/?p=63909"},"modified":"2018-10-04T10:35:34","modified_gmt":"2018-10-04T13:35:34","slug":"familiares-do-senhor-pascoal-jose-comunicam-seu-falecimento","status":"publish","type":"post","link":"https:\/\/portalv1.com.br\/familiares-do-senhor-pascoal-jose-comunicam-seu-falecimento\/","title":{"rendered":"Familiares do senhor Pascoal Jos\u00e9 comunicam seu falecimento"},"content":{"rendered":"<p>Os familiares do senhor Pascoal Jose de Sousa (69) comunicam seu falecimento ocorrido nesta quarta-feira (03), em Picos. Ele era pai da professa Janaina Magalh\u00e3es da Faculdade Isepro.<\/p>\n<p>O vel\u00f3rio ser\u00e1 realizado por toda essa noite aqui em Valen\u00e7a na Avenida Santos Dumont 321, ao lado do Col\u00e9gio Santo Ant\u00f4nio. O sepultamento ser\u00e1 amanha quarta-feira (04) na cidade de Santa Cruz dos Milagres.<\/p>\n<figure id=\"attachment_63910\" aria-describedby=\"caption-attachment-63910\" style=\"width: 640px\" class=\"wp-caption aligncenter\"><a href=\"https:\/\/portalv1.com.br\/app\/wp-content\/uploads\/2018\/10\/IMG-20181003-WA0504.jpg\"><img loading=\"lazy\" decoding=\"async\" class=\"size-large wp-image-63910\" src=\"https:\/\/portalv1.com.br\/app\/wp-content\/uploads\/2018\/10\/IMG-20181003-WA0504-640x853.jpg\" alt=\"\" width=\"640\" height=\"853\" srcset=\"https:\/\/portalv1.com.br\/app\/wp-content\/uploads\/2018\/10\/IMG-20181003-WA0504-640x853.jpg 640w, https:\/\/portalv1.com.br\/app\/wp-content\/uploads\/2018\/10\/IMG-20181003-WA0504-300x400.jpg 300w, https:\/\/portalv1.com.br\/app\/wp-content\/uploads\/2018\/10\/IMG-20181003-WA0504-768x1024.jpg 768w, https:\/\/portalv1.com.br\/app\/wp-content\/uploads\/2018\/10\/IMG-20181003-WA0504.jpg 774w\" sizes=\"auto, (max-width: 640px) 100vw, 640px\" \/><\/a><figcaption id=\"caption-attachment-63910\" class=\"wp-caption-text\">Pascoal Jose de Sousa<\/figcaption><\/figure>\n","protected":false},"excerpt":{"rendered":"<p>Os familiares do senhor Pascoal Jose de Sousa (69) comunicam seu falecimento ocorrido nesta quarta-feira (03), em Picos. Ele era pai da professa Janaina Magalh\u00e3es da Faculdade Isepro. O vel\u00f3rio&#8230;<\/p>\n","protected":false},"author":1,"featured_media":63910,"comment_status":"open","ping_status":"open","sticky":false,"template":"","format":"standard","meta":{"ngg_post_thumbnail":0,"footnotes":""},"categories":[12],"tags":[],"class_list":["post-63909","post","type-post","status-publish","format-standard","has-post-thumbnail","hentry","category-valenca-news"],"views":1768,"meta_data":{"thumb":"https:\/\/portalv1.com.br\/app\/wp-content\/uploads\/2018\/10\/IMG-20181003-WA0504.jpg","imagem":{"fullsize":{"url":"https:\/\/portalv1.com.br\/app\/wp-content\/uploads\/2018\/10\/IMG-20181003-WA0504.jpg","width":774,"height":1032},"thumbnail":{"url":"https:\/\/portalv1.com.br\/app\/wp-content\/uploads\/2018\/10\/IMG-20181003-WA0504-100x100.jpg","width":100,"height":100},"medium":{"url":"https:\/\/portalv1.com.br\/app\/wp-content\/uploads\/2018\/10\/IMG-20181003-WA0504-300x400.jpg","width":300,"height":400},"medium_large":{"url":"https:\/\/portalv1.com.br\/app\/wp-content\/uploads\/2018\/10\/IMG-20181003-WA0504-768x1024.jpg","width":768,"height":1024},"large":{"url":"https:\/\/portalv1.com.br\/app\/wp-content\/uploads\/2018\/10\/IMG-20181003-WA0504-640x853.jpg","width":640,"height":853}},"data":{"simple":"03\/10\/2018","date_time":"03\/10\/2018 14:59:03","date":"h\u00e1 8 anos"},"chapeu":"Luto","source":"retirar"},"_links":{"self":[{"href":"https:\/\/portalv1.com.br\/api\/wp\/v2\/posts\/63909","targetHints":{"allow":["GET"]}}],"collection":[{"href":"https:\/\/portalv1.com.br\/api\/wp\/v2\/posts"}],"about":[{"href":"https:\/\/portalv1.com.br\/api\/wp\/v2\/types\/post"}],"author":[{"embeddable":true,"href":"https:\/\/portalv1.com.br\/api\/wp\/v2\/users\/1"}],"replies":[{"embeddable":true,"href":"https:\/\/portalv1.com.br\/api\/wp\/v2\/comments?post=63909"}],"version-history":[{"count":0,"href":"https:\/\/portalv1.com.br\/api\/wp\/v2\/posts\/63909\/revisions"}],"wp:featuredmedia":[{"embeddable":true,"href":"https:\/\/portalv1.com.br\/api\/wp\/v2\/media\/63910"}],"wp:attachment":[{"href":"https:\/\/portalv1.com.br\/api\/wp\/v2\/media?parent=63909"}],"wp:term":[{"taxonomy":"category","embeddable":true,"href":"https:\/\/portalv1.com.br\/api\/wp\/v2\/categories?post=63909"},{"taxonomy":"post_tag","embeddable":true,"href":"https:\/\/portalv1.com.br\/api\/wp\/v2\/tags?post=63909"}],"curies":[{"name":"wp","href":"https:\/\/api.w.org\/{rel}","templated":true}]}}