{"id":6415,"date":"2010-12-07T10:48:05","date_gmt":"2010-12-07T13:48:05","guid":{"rendered":"https:\/\/portalv1.com.br\/?p=6415"},"modified":"2011-01-01T10:11:33","modified_gmt":"2011-01-01T13:11:33","slug":"confira-as-mensagens-de-natal-dos-parceiros-do-portalv1","status":"publish","type":"post","link":"https:\/\/portalv1.com.br\/confira-as-mensagens-de-natal-dos-parceiros-do-portalv1\/","title":{"rendered":"FELIZ 2011 VALEN\u00c7A"},"content":{"rendered":"<p><strong><a href=\"https:\/\/portalv1.com.br\/app\/wp-content\/uploads\/2010\/12\/logonewportal.jpg\"><img loading=\"lazy\" decoding=\"async\" class=\"alignleft size-full wp-image-6433\" title=\"logonewportal\" src=\"https:\/\/portalv1.com.br\/app\/wp-content\/uploads\/2010\/12\/logonewportal.jpg\" alt=\"\" width=\"300\" height=\"225\" \/><\/a>Portalv1 mais de 60 mil acessos mensais.<\/strong><\/p>\n<p>Mais um ano chega ao fim e a nossa sensa\u00e7\u00e3o de tarefa cumprida nos enche de alegria. \u00c9 com grande satisfa\u00e7\u00e3o que estamos aqui para agradecer aos nossos parceiros, colegas, patrocinadores, amigos, leitores, colaboradores e nossas fam\u00edlias, que nos apoiaram durante este ano. Buscamos levar a voc\u00ea, durante o ano de 2010. Nesse momento de paz, onde todas as pessoas se abra\u00e7am, se entendem, se cumprimentam e buscam por novos sonhos, para tentar descobrir a raz\u00e3o de ser feliz de verdade. Neste momento n\u00f3s do portalv1 gostar\u00edamos de expressar o nosso carinho por voc\u00eas.<\/p>\n<p>Desejamos que os seus passos nunca estejam s\u00f3s; estejam sempre amparados pelos querubins e arcanjos que t\u00eam a miss\u00e3o de caminhar com voc\u00ea segurando firme em suas m\u00e3os, para que os seus p\u00e9s nunca venham a trope\u00e7ar no meio do caminho. O Natal deve ser uma bela data por toda a vida e em todos os momentos. Que o esp\u00edrito natalino esteja com voc\u00eas agora e em cada dia do novo ano. Desejamos tamb\u00e9m que voc\u00eas celebrem este dia com todas as honras que ele merece e que voc\u00eas sintam toda a alegria do Natal em seus cora\u00e7\u00f5es.<br \/>\nFeliz Natal e um Pr\u00f3spero Ano Novo!!!<br \/>\nUm grande abra\u00e7o da equipe do portalv1.com.br<\/p>\n<p class=\"MsoNormal\"><strong><a href=\"https:\/\/portalv1.com.br\/app\/wp-content\/uploads\/2010\/12\/JEOV\u00c1.jpg\"><img loading=\"lazy\" decoding=\"async\" class=\"alignleft size-full wp-image-6602\" title=\"JEOV\u00c1\" src=\"https:\/\/portalv1.com.br\/app\/wp-content\/uploads\/2010\/12\/JEOV\u00c1.jpg\" alt=\"\" width=\"300\" height=\"225\" \/><\/a>Jeov\u00e1 Bonfim<\/strong><\/p>\n<p class=\"MsoNormal\">\u00c9 t\u00e3o bom sentir este clima de paz e harmonia que invade o cora\u00e7\u00e3o dos homens quando chega o Natal. Quem dera se pud\u00e9ssemos viver assim a vida toda. Quem dera, se pud\u00e9ssemos n\u00e3o escolher nem datas nem momentos para sermos bons e generosos.<\/p>\n<p class=\"MsoNormal\">O Natal deve ser uma bela data por toda a vida e em todos os momentos. Que o esp\u00edrito natalino esteja com todos os irm\u00e3os e irm\u00e3s valencianas agora e em cada dia do Ano Novo. Desejo que voc\u00ea celebre este dia e que sinta toda a alegria do Natal em seu cora\u00e7\u00e3o&#8221;. Que em 2011 possamos continuar participando das alegrias e vitorias de cada um.<\/p>\n<p class=\"MsoNormal\">S\u00e3o os sinceros votos do banc\u00e1rio Jeov\u00e1 Machado e fam\u00edlia a amigos, parentes, amigos e correligion\u00e1rios<\/p>\n<p class=\"MsoNormal\"><span> <\/span><\/p>\n<p class=\"MsoNormal\"><strong><span><a href=\"https:\/\/portalv1.com.br\/app\/wp-content\/uploads\/2010\/12\/GM.jpg\"><img loading=\"lazy\" decoding=\"async\" class=\"alignleft size-full wp-image-6603\" title=\"GM\" src=\"https:\/\/portalv1.com.br\/app\/wp-content\/uploads\/2010\/12\/GM.jpg\" alt=\"\" width=\"300\" height=\"225\" \/><\/a>GM Engenharia<\/span><\/strong><span> <\/span><\/p>\n<p>Natal, que todos sabem, significa o nascimento de Jesus Cristo, que pela terra passou e que dela jamais se afastou. Pela tradi\u00e7\u00e3o predominante em muitos pa\u00edses e inclusive no Brasil, o dia 25 de dezembro \u00e9 a data em que cada ser humano de bons prop\u00f3sitos tem como h\u00e1bito presentear em especial, a quem dedica estima e considera\u00e7\u00e3o. Natal, que pela grandiosidade de seu simbolismo, tamb\u00e9m significa reflex\u00e3o, amor, fraternidade e esperan\u00e7a num horizonte promissor.<\/p>\n<p class=\"MsoNormal\"><span>Que cada colaborador, no sagrado conv\u00edvio de seus familiares e demais entes queridos, brindem essa data com o l\u00edquido da sa\u00fade, do prazer, da felicidade e da esperan\u00e7a, na ta\u00e7a da harmonia e da uni\u00e3o. Feliz Natal e Pr\u00f3spero Ano Novo, a voc\u00ea e toda sua fam\u00edlia. Que os sonhos, hoje apenas sonhos, num breve futuro se transformem em realidade. Que o Manto Sagrado os cubra e os proteja. S\u00e3o os votos da GM Engenharia a amigos, clientes e familiares<\/span><\/p>\n<p><strong><a href=\"https:\/\/portalv1.com.br\/app\/wp-content\/uploads\/2010\/12\/eletrof\u00e91.jpg\"><img loading=\"lazy\" decoding=\"async\" class=\"alignleft size-full wp-image-6434\" title=\"eletrof\u00e9\" src=\"https:\/\/portalv1.com.br\/app\/wp-content\/uploads\/2010\/12\/eletrof\u00e91.jpg\" alt=\"\" width=\"300\" height=\"225\" \/><\/a>Eletrof\u00e9<\/strong><\/p>\n<p>Natal, um tempo para avalia\u00e7\u00e3o para renova\u00e7\u00e3o e reabastecimento de Deus e seu infinito amor. Uma \u00e9poca para agradecer pelo amor e pela paz por tudo que semeamos Justi\u00e7a, fraternidade, uni\u00e3o. Alimentos da alma e do cora\u00e7\u00e3o. Que em sua vida, este Natal N\u00e3o seja feito apenas de cores e comidas, luzes, prazeres, bebidas. Que haja partilha e esperan\u00e7a sem o que ser\u00e1 mera ilus\u00e3o. Que o Natal do Senhor seja de fato uma oportunidade para reflex\u00e3o onde coloquemos a solidariedade como ideal para que em nenhuma mesa falte o p\u00e3o e em todos os cora\u00e7\u00f5es reine o amor! Um feliz Natal e Um pr\u00f3spero Ano Novo! S\u00e3o os sinceros votos de todos que fazem a Eletrof\u00e9 em Valen\u00e7a a clientes e amigos.<\/p>\n<p><strong><a href=\"https:\/\/portalv1.com.br\/app\/wp-content\/uploads\/2010\/12\/bene2.jpg\"><img loading=\"lazy\" decoding=\"async\" class=\"alignleft size-full wp-image-6435\" title=\"bene\" src=\"https:\/\/portalv1.com.br\/app\/wp-content\/uploads\/2010\/12\/bene2.jpg\" alt=\"\" width=\"300\" height=\"225\" \/><\/a>Banc\u00e1rio Benedito Gomes<\/strong><\/p>\n<p>Chegamos novamente ao t\u00e3o esperado natal e tamb\u00e9m ao fim de mais um ano. Para n\u00f3s legislador \u00e9 tamb\u00e9m o encerramento de mais um per\u00edodo legislativo. Este \u00e9 o momento de pararmos e iniciarmos um processo de reflex\u00e3o que terminar\u00e1 no dia 31\/12\/2010, \u00e0s 23h59min. Durante este per\u00edodo de reflex\u00e3o, devemos nos inspirar no esp\u00edrito e nas virtudes natalinas e fazermos um balan\u00e7o de todas as nossas a\u00e7\u00f5es durante o per\u00edodo de 2010. E com este balan\u00e7o em m\u00e3os devemos planejar nosso pr\u00f3ximo ano, tendo sempre como meta o bem estar do pr\u00f3ximo e a fraternidade entre os seres humanos. Sendo assim, tendo em mente as virtudes natalinas e o esp\u00edrito de um novo ano, desejamos a todos os valencianos um feliz natal e um prospero 2011. S\u00e3o os votos de Benedito Gomes e fam\u00edlia a amigos parentes e correligion\u00e1rios.<\/p>\n<p><strong><a href=\"https:\/\/portalv1.com.br\/app\/wp-content\/uploads\/2010\/12\/fjpneu.jpg\"><img loading=\"lazy\" decoding=\"async\" class=\"alignleft size-full wp-image-6419\" title=\"fjpneu\" src=\"https:\/\/portalv1.com.br\/app\/wp-content\/uploads\/2010\/12\/fjpneu.jpg\" alt=\"\" width=\"300\" height=\"225\" \/><\/a>FJ Pneus<\/strong><\/p>\n<p>A equipe que faz a FJ Pneus, nas pessoas dos propriet\u00e1rios Fl\u00e1vio e Jacinta\u00a0 deseja a todos os valencianos, um natal de muita luz, amor e uni\u00e3o.<\/p>\n<p>Que as b\u00ean\u00e7\u00e3os do menino Jesus estejam presentes em cada lar. Que o novo ano chegue trazendo prosperidade.<\/p>\n<p>Que o novo ano abra novos caminhos e nos guie ao encontro da paz, das realiza\u00e7\u00f5es, e nos brinde com muita sa\u00fade. Feliz Natal. Feliz 2011. S\u00e3o Desejos dos propriet\u00e1rios e toda a equipe da FJ Pneus a clientes e amigos.<\/p>\n<p><strong><a href=\"https:\/\/portalv1.com.br\/app\/wp-content\/uploads\/2010\/12\/bezerramoveis1.jpg\"><img loading=\"lazy\" decoding=\"async\" class=\"alignleft size-full wp-image-6437\" title=\"bezerramoveis\" src=\"https:\/\/portalv1.com.br\/app\/wp-content\/uploads\/2010\/12\/bezerramoveis1.jpg\" alt=\"\" width=\"300\" height=\"225\" \/><\/a>Bezerra Moveis.<\/strong><\/p>\n<p><strong> <\/strong><\/p>\n<p>Chegamos ao final de mais um ano. Passamos por momentos de alegria e muitos obst\u00e1culos foram superados nesse ano de 2010. Agora vamos nos confraternizar na expectativa de um novo ano, com esperan\u00e7a de grandes realiza\u00e7\u00f5es. Que os seus desejos se realizem e voc\u00ea nunca deixe de sonhar com o melhor. Que as boas surpresas aconte\u00e7am&#8230;Tenha muita paz! Feliz Natal e um Ano Novo cheio de prosperidade. &#8220;Senhor, que neste Natal, milhares e milhares de pessoas possam encontrar-se com Jesus, a raz\u00e3o do Natal, a vida verdadeira,assumindo com ele um compromisso de vida.<\/p>\n<p>Que as festas e os presentes n\u00e3o nublem as mentes, mas que todos possam se deixar levar por essa &#8220;Can\u00e7\u00e3o de Amor&#8221;. A todos os valencianos amigos e clientes, um Natal repleto de alegrias e muito amor para com o pr\u00f3ximo s\u00e3o votos de todos que fazem a Bezerra Moveis, Bezerra Material de Constru\u00e7\u00e3o e a Metal\u00fargica S\u00e3o Francisco.<\/p>\n<p><strong><a href=\"https:\/\/portalv1.com.br\/app\/wp-content\/uploads\/2010\/12\/banco-nordeste.jpg\"><img loading=\"lazy\" decoding=\"async\" class=\"alignleft size-full wp-image-6480\" title=\"banco nordeste\" src=\"https:\/\/portalv1.com.br\/app\/wp-content\/uploads\/2010\/12\/banco-nordeste.jpg\" alt=\"\" width=\"300\" height=\"225\" \/><\/a>Banco do Nordeste do Brasil.<\/strong><\/p>\n<p>Durante todo o ano estivemos ao seu lado investindo em progresso, depositando confian\u00e7a e creditando esperan\u00e7as no futuro.<\/p>\n<p>Queremos agora manifestar os nossos sinceros desejos de que os clientes, colegas, parceiros, amigos e toda sociedade da Confedera\u00e7\u00e3o Valenciana encontrem a prosperidade e tenham um natal muito feliz e um ano novo cheio de realiza\u00e7\u00f5es.<\/p>\n<p>S\u00e3o os votos dos colaboradores do Banco do Nordeste do Brasil Ag\u00eancia de Valen\u00e7a-PI. Aos amigos clientes e familiares. Que no ano novo que se inicia possamos contar sempre com a sua presen\u00e7a amiga entre n\u00f3s.<\/p>\n<p><strong><a href=\"https:\/\/portalv1.com.br\/app\/wp-content\/uploads\/2010\/12\/macro.jpg\"><img loading=\"lazy\" decoding=\"async\" class=\"alignleft size-full wp-image-6421\" title=\"macro\" src=\"https:\/\/portalv1.com.br\/app\/wp-content\/uploads\/2010\/12\/macro.jpg\" alt=\"\" width=\"300\" height=\"225\" \/><\/a>Macro Constru\u00e7\u00f5es<\/strong><\/p>\n<p>Este \u00e9 um tempo de renova\u00e7\u00e3o de esp\u00edritos. Momento de reflex\u00e3o sobre a f\u00e9 e a d\u00e1diva maior do Menino Jesus \u00e0 humanidade: o amor entre os homens. \u00c9 ocasi\u00e3o tamb\u00e9m para uma reflex\u00e3o sobre o que fizemos neste ano que finda e ainda para renovar novos prop\u00f3sitos para o ano que chega. Natal \u00e9 festa, mas que seja, sobretudo o clima perfeito para que cada um realce o dom da solidariedade e da compreens\u00e3o. Por isso n\u00f3s que fazemos a Macro Constru\u00e7\u00f5es reafirmamos nosso desejo se continuarmos oferecendo nossas for\u00e7as e o nosso trabalho para o engrandecimento de nossa cidade. Somos homens e mulheres que acreditam na for\u00e7a do trabalho e no Poder de Deus. A todos os clientes e amigos valencianos, um Natal de paz e um Novo Ano de muitas realiza\u00e7\u00f5es profissionais e familiar.<\/p>\n<p><strong><a href=\"https:\/\/portalv1.com.br\/app\/wp-content\/uploads\/2010\/12\/villas.jpg\"><img loading=\"lazy\" decoding=\"async\" class=\"alignleft size-full wp-image-6422\" title=\"villas\" src=\"https:\/\/portalv1.com.br\/app\/wp-content\/uploads\/2010\/12\/villas.jpg\" alt=\"\" width=\"300\" height=\"225\" \/><\/a>Villas Celular Service<\/strong><\/p>\n<p>De repente, n\u00e3o importa a na\u00e7\u00e3o, n\u00e3o importa a l\u00edngua, n\u00e3o importa a cor, n\u00e3o importa a origem, porque todos s\u00e3o humanos e descendentes de um s\u00f3 Pai, os homens lembram-se apenas de um s\u00f3 verbo: AMAR. De repente, sem m\u00e1goa, sem rancor, sem \u00f3dio, os homens cantam uma s\u00f3 can\u00e7\u00e3o, um s\u00f3 hino, o hino da liberdade. De repente, os homens esquecem o passado, lembram-se do futuro venturoso, de como \u00e9 bom viver. Que todas as fam\u00edlias valencianas possam se reencontrar e posam descobri o valor da uni\u00e3o, da paz e do amor.<\/p>\n<p>FELIZ NATAL!! FELIZ ANO NOVO!!<\/p>\n<p>S\u00e3o os votos de todos que fazem a Villas Celular Service em Valen\u00e7a.<\/p>\n<p><strong><a href=\"https:\/\/portalv1.com.br\/app\/wp-content\/uploads\/2010\/12\/otica.jpg\"><img loading=\"lazy\" decoding=\"async\" class=\"alignleft size-full wp-image-6423\" title=\"otica\" src=\"https:\/\/portalv1.com.br\/app\/wp-content\/uploads\/2010\/12\/otica.jpg\" alt=\"\" width=\"300\" height=\"225\" \/><\/a>\u00d3tica Boa Vista.<\/strong><\/p>\n<p>Que voc\u00ea possa ter a alegria de viv\u00ea-lo em sua plenitude! Um Ano Novo cheio de paz! Ouvindo sempre os sinos do amor fraterno, da solidariedade, da compreens\u00e3o. \u00c9 Natal, \u00e9 a festa da cristandade, do amor, do estender a m\u00e3o E repartir um peda\u00e7o do bolo do aniversariante. Este bolo ao ser cortado transforma-se em chafariz e jorra amor, fraternidade, caridade Jorra a miseric\u00f3rdia, tal qual jorrou dos l\u00e1bios de Jesus pedindo ao pai miseric\u00f3rdia por seus inimigos. Por isso \u00e9 tempo de reflex\u00e3o \u00e9 tempo de dar o presente do bem, o presente da solidariedade. Uma palavra de carinho e um bom presente. Lembrar do amigo, do inimigo, do mo\u00e7o, do velho. Pedir PAZ, para o irm\u00e3o, \u00e9 jorrar o amor de CRISTO Em seu cora\u00e7\u00e3o.<\/p>\n<p>Feliz Natal, Feliz 2011 s\u00e3o os mais sinceros votos de todos que fazem a \u00d3tica Boa Vista<\/p>\n<p><strong><a href=\"https:\/\/portalv1.com.br\/app\/wp-content\/uploads\/2010\/12\/mauro.jpg\"><img loading=\"lazy\" decoding=\"async\" class=\"alignleft size-full wp-image-6424\" title=\"mauro\" src=\"https:\/\/portalv1.com.br\/app\/wp-content\/uploads\/2010\/12\/mauro.jpg\" alt=\"\" width=\"300\" height=\"225\" \/><\/a>Dr. Mauro Lima Verde.<\/strong><\/p>\n<p>Que voc\u00ea possa ter a alegria de viv\u00ea-lo em sua plenitude! Um Ano Novo cheio de paz! Ouvindo sempre os sinos do amor fraterno, da solidariedade, da compreens\u00e3o. \u00c9 Natal, \u00e9 a festa da cristandade, do amor, do estender a m\u00e3o E repartir um peda\u00e7o do bolo do aniversariante. Este bolo ao ser cortado transforma-se em chafariz e jorra amor, fraternidade, caridade Jorra a miseric\u00f3rdia, tal qual jorrou dos l\u00e1bios de Jesus pedindo ao pai miseric\u00f3rdia por seus inimigos. Por isso \u00e9 tempo de reflex\u00e3o \u00e9 tempo de dar o presente do bem, o presente da solidariedade. Uma palavra de carinho e um bom presente. Lembrar do amigo, do inimigo, do mo\u00e7o, do velho. Pedir PAZ, para o irm\u00e3o, \u00e9 jorrar o amor de CRISTO Em seu cora\u00e7\u00e3o.<\/p>\n<p>Feliz Natal, Feliz 2011 s\u00e3o os mais sinceros votos do advogado Dr. Mauro Lima Verde e Fam\u00edlia.<\/p>\n<p><a href=\"https:\/\/portalv1.com.br\/app\/wp-content\/uploads\/2010\/12\/ze-maria.jpg\"><img loading=\"lazy\" decoding=\"async\" class=\"alignleft size-full wp-image-6425\" title=\"ze maria\" src=\"https:\/\/portalv1.com.br\/app\/wp-content\/uploads\/2010\/12\/ze-maria.jpg\" alt=\"\" width=\"300\" height=\"225\" \/><\/a><\/p>\n<p><strong>Jos\u00e9 Maria de Ara\u00fajo Costa Advogados<\/strong><\/p>\n<p><strong> <\/strong><\/p>\n<p>Chegou o Natal!\u00a0Uma data, muito esperada que, pelas suas pr\u00f3prias caracter\u00edsticas e tradi\u00e7\u00f5es, j\u00e1 \u00e9 cheia de paz, alegria, esperan\u00e7a. Estamos chegando no natal, \u00e9poca em que Jesus Cristo penetra em nossos cora\u00e7\u00f5es para trazer sa\u00fade e paz. N\u00f3s que fazemos a Jos\u00e9 Maria de Ara\u00fajo Costa Advogados e Consultoria desejamos que Jesus Cristo.<\/p>\n<p>Continue residindo em seus cora\u00e7\u00f5es e neles permane\u00e7a para sempre. Que os clientes e amigos de Valen\u00e7a e regi\u00e3o tenham um natal repleto de paz, amor e harmonia.<\/p>\n<p>Agradecendo a confian\u00e7a em n\u00f3s depositada, desejamos-lhes um FELIZ NATAL E FELIZ ANO NOVO!<\/p>\n<p><strong><a href=\"https:\/\/portalv1.com.br\/app\/wp-content\/uploads\/2010\/12\/BB.jpg\"><img loading=\"lazy\" decoding=\"async\" class=\"alignleft size-full wp-image-6479\" title=\"BB\" src=\"https:\/\/portalv1.com.br\/app\/wp-content\/uploads\/2010\/12\/BB.jpg\" alt=\"\" width=\"300\" height=\"225\" \/><\/a>Banco do Brasil<\/strong><\/p>\n<p>Estamos no final de mais um ano, \u00e9poca em que n\u00f3s paramos para somar as coisas boas que aconteceram em nossas vidas e a boa surpresa deste ano foi poder contar com mais um ano de apoio e contar com voc\u00ea como nosso cliente.<\/p>\n<p>Que neste natal voc\u00ea possa ser feliz, que consiga tudo o que vem buscando, que seja uma noite de paz, repleta de surpresas boas, de acontecimentos que ficar\u00e3o marcados em seu cora\u00e7\u00e3o, porque o tempo passa e \u00e9 com o passar do tempo que a gente consegue definir o que \u00e9 realmente bom na vida, saiba que voc\u00ea continuar\u00e1 tendo o Banco do Brasil sempre a sua disposi\u00e7\u00e3o. Um feliz Natal e Ano Novo!<\/p>\n<p><strong><a href=\"https:\/\/portalv1.com.br\/app\/wp-content\/uploads\/2010\/12\/mensagemnonato-300x225.jpg\"><img loading=\"lazy\" decoding=\"async\" class=\"alignleft size-full wp-image-6427\" title=\"mensagemnonato-300x225\" src=\"https:\/\/portalv1.com.br\/app\/wp-content\/uploads\/2010\/12\/mensagemnonato-300x225.jpg\" alt=\"\" width=\"300\" height=\"225\" \/><\/a>Casa Lot\u00e9rica<\/strong><\/p>\n<p>Quero neste Natal desejar n\u00e3o somente que tenha muitas felicidades neste dia, mas sim que \u201cMilagres\u201d te dominam, e te fa\u00e7a perceber que Natal n\u00e3o est\u00e1 somente na virada do dia 24 de Dezembro para o dia 25, mas est\u00e1 em todos os dias do ano. Nesta virada est\u00e1 apenas a concretiza\u00e7\u00e3o de todos os desejos feitos durante todo o ano que se passou. A noite de Natal \u00e9 fant\u00e1stica a cidade fica toda iluminada, as pessoas sorridentes, e em instante tudo fica em paz. O milagre do Natal est\u00e1 no nascimento de nosso salvador Jesus Cristo, Ele com toda certeza n\u00e3o deseja um \u00fanico instante de paz, mas deseja que todos tenham um milagre dentro de si. Pois milagres existem sim, principalmente com tamanha ben\u00e7\u00e3o de Deus, muitas gl\u00f3rias, conquistas e emo\u00e7\u00f5es podem ser desejadas, pois o Natal do dia 25 est\u00e1 chegando, fa\u00e7a seus desejos e acredite em todos eles, pois est\u00e3o prestes a se concretizar nesta noite especial.<\/p>\n<p>FELIZ NATAL!!! E MUITA PROSPERIDADE NESTE DIA E EM TODOS OS DIAS DE 2011. S\u00e3o os mais siceros votos de n\u00f3s que fazemos a Casa Lot\u00e9rica.<\/p>\n<p><strong><a href=\"https:\/\/portalv1.com.br\/app\/wp-content\/uploads\/2010\/12\/b-mel\u00e3o.jpg\"><img loading=\"lazy\" decoding=\"async\" class=\"alignleft size-full wp-image-6428\" title=\"b mel\u00e3o\" src=\"https:\/\/portalv1.com.br\/app\/wp-content\/uploads\/2010\/12\/b-mel\u00e3o.jpg\" alt=\"\" width=\"300\" height=\"225\" \/><\/a>Grupo B. Mel\u00e3o<\/strong><\/p>\n<p>Que neste Natal Aquela magia toda guardada durante todo o ano esteja presente nos cora\u00e7\u00f5es daqueles que festejam o amor. Que n\u00e3o apenas seja uma comemora\u00e7\u00e3o, mas um in\u00edcio para uma nova gera\u00e7\u00e3o. O Natal simboliza nova vida, Pois nele comemoramos o nascimento do Homem que modificou a nossa maneira de ver o mundo. Trazendo-nos amor e esperan\u00e7a. Que neste natal sejam confraternizados todos os desejos de um mundo melhor. Que todos estabele\u00e7am um novo vigor de humanidade\u00a0e que nada seja mais forte do que a uni\u00e3o daqueles que brindam o afeto entre eles.<\/p>\n<p>Aproveitamos para manifestar aos amigos valencianos nossos sinceros agradecimentos por mais um ano de conquista. \u00a0Feliz Natal e um Pr\u00f3spero 2011! \u00c9 o que deseja todos do Grupo B. Mel\u00e3o (Drogaria B. Mel\u00e3o, Fibra Mel\u00e3o, B. Mel\u00e3o Ultragaz e B. Mel\u00e3o Material de Constru\u00e7\u00e3o) a clientes e amigos.<\/p>\n<p><strong><a href=\"https:\/\/portalv1.com.br\/app\/wp-content\/uploads\/2010\/12\/rastro.jpg\"><img loading=\"lazy\" decoding=\"async\" class=\"alignleft size-full wp-image-6429\" title=\"rastro\" src=\"https:\/\/portalv1.com.br\/app\/wp-content\/uploads\/2010\/12\/rastro.jpg\" alt=\"\" width=\"300\" height=\"225\" \/><\/a>Drogaria Sousa e a Rastro Cal\u00e7ados<\/strong><\/p>\n<p>O amor pede permiss\u00e3o para nos entregar a Paz e a Felicidade que nos foram destinadas. Um Feliz Natal de Amor para todos n\u00f3s! Natal, tempo de paz, de luz, de alegria e gratas recorda\u00e7\u00f5es. Tempo em que relembramos nossa inf\u00e2ncia repleta de fantasias, expectativas impregnadas de amor e saudades. Tempo em que revivemos o carinho de nossos pais, o aconchego da fam\u00edlia e todas as pessoas queridas que marcaram positivamente nossas vidas. Que nesse natal e no ano que vai chegar que possamos continuar participando das alegrias e vitorias de cada cliente e amigo da nossa querida Valen\u00e7a, oferecendo medicamentos, perfumarias e muito calor humano.<\/p>\n<p>Feliz Natal e um Feliz 2011 S\u00e3o os votos de todos que fazem a Drogaria Sousa e a Rastro Cal\u00e7ados.<\/p>\n<p><strong><a href=\"https:\/\/portalv1.com.br\/app\/wp-content\/uploads\/2010\/12\/walfredo.jpg\"><img loading=\"lazy\" decoding=\"async\" class=\"alignleft size-full wp-image-6430\" title=\"walfredo\" src=\"https:\/\/portalv1.com.br\/app\/wp-content\/uploads\/2010\/12\/walfredo.jpg\" alt=\"\" width=\"300\" height=\"225\" \/><\/a>Secretaria Municipal de Sa\u00fade<\/strong><\/p>\n<p>Natal \u00e9 \u00e9poca de encontrar antigas amizades, rever familiares que durante o ano todo n\u00e3o deram um telefonema. O ano passa na correria, E natal \u00e9 \u00e9poca de parar e restaurar as for\u00e7as para mais um ano. Natal \u00e9 \u00e9poca de amor, \u00e9poca de encontros. Momento de rever tudo o que durante o ano passou-se despercebido. Natal \u00e9 planejar uma noite diferente, um instante iluminado. Natal \u00e9 ansiar por instantes de alegria e de conforto, na presen\u00e7a escolhida a dedo de pessoas que fazem parte de sua vida. Que em 2011 possamos de forma mais presente e participativa ajudar a cada amigo valenciano a vencer suas barreiras e seus desafios e dar nossa contribui\u00e7\u00e3o ainda mais efetiva na \u00e1rea da sa\u00fade.<\/p>\n<p>Que sejamos fortes, maduros para caminhar sempre na dire\u00e7\u00e3o do progresso e das pessoas amigas. Feliz Natal e Feliz 2011. S\u00e3o os votos de todos que fazem a Secretaria Municipal de Sa\u00fade, na pessoa do Secret\u00e1rio Walfredo Filho.<\/p>\n<p><strong><a href=\"https:\/\/portalv1.com.br\/app\/wp-content\/uploads\/2010\/12\/sr-empreendimento.jpg\"><img loading=\"lazy\" decoding=\"async\" class=\"alignleft size-full wp-image-6431\" title=\"sr empreendimento\" src=\"https:\/\/portalv1.com.br\/app\/wp-content\/uploads\/2010\/12\/sr-empreendimento.jpg\" alt=\"\" width=\"300\" height=\"225\" \/><\/a>SR Empreendimentos Imobili\u00e1rio<\/strong><\/p>\n<p>Que neste Natal Aquela magia toda guardada durante todo o ano esteja presente nos cora\u00e7\u00f5es daqueles que festejam o amor. Que n\u00e3o apenas seja uma comemora\u00e7\u00e3o, mas um in\u00edcio para uma nova gera\u00e7\u00e3o. O Natal simboliza nova vida, Pois nele comemoramos o nascimento do Homem que modificou a nossa maneira de ver o mundo. Trazendo-nos amor e esperan\u00e7a. Que neste natal sejam confraternizados todos os desejos de um mundo melhor.<\/p>\n<p>Que todos estabele\u00e7am um novo vigor de humanidade\u00a0e que nada seja mais forte do que a uni\u00e3o daqueles que brindam o afeto entre eles. Feliz Natal e um Pr\u00f3spero 2011! S\u00e3o os votos de todos que fazem a SR Empreendimentos Imobili\u00e1rio.<\/p>\n<p><strong><a href=\"https:\/\/portalv1.com.br\/app\/wp-content\/uploads\/2010\/12\/ielva.jpg\"><img loading=\"lazy\" decoding=\"async\" class=\"alignleft size-full wp-image-6445\" title=\"ielva\" src=\"https:\/\/portalv1.com.br\/app\/wp-content\/uploads\/2010\/12\/ielva.jpg\" alt=\"\" width=\"300\" height=\"225\" \/><\/a>Vereadoras Ielva Mel\u00e3o.<\/strong><\/p>\n<p>Estamos chegando ao fim de mais um ano; Muitas coisas foram realizadas; Muitos objetivos foram alcan\u00e7ados; Por isso, registro meu agradecimento a todos os valencianos que colaboraram para o sucesso de nossos desafios seja na nossa vida pessoal, nas salas de aula ou na C\u00e2mara de Vereadores que Deus d\u00ea em dobro tudo que me desejaram nesse ano que se finda. Gostaria de reafirmar nosso desejo de continuar ajudando e sendo ajudada em todos os seguimentos de nossa sociedade valenciana.<\/p>\n<p>Sou uma pessoa muito feliz, feliz, pois tenho pessoas maravilhosas que me ap\u00f3iam de perto ou de longe, n\u00e3o importa a dist\u00e2ncia e sim o carinho. Que o pr\u00f3ximo ano seja o melhor de suas vidas cheio de realiza\u00e7\u00f5es, harmonia, paz em fam\u00edlia no trabalho e que todos os desafios sejam vencidos com determina\u00e7\u00e3o e amor. Que a festa do nascimento de Jesus nos traga muita paz, amor, uni\u00e3o e sa\u00fade a todos. S\u00e3o os votos da vereadora Ielva Mel\u00e3o e fam\u00edlia a todos os valencianos.<\/p>\n<p><strong><a href=\"https:\/\/portalv1.com.br\/app\/wp-content\/uploads\/2010\/12\/Imagem-1623.jpg\"><img loading=\"lazy\" decoding=\"async\" class=\"alignleft size-full wp-image-6498\" title=\"Imagem 1623\" src=\"https:\/\/portalv1.com.br\/app\/wp-content\/uploads\/2010\/12\/Imagem-1623.jpg\" alt=\"\" width=\"300\" height=\"225\" \/><\/a>Construf\u00e9.<\/strong><\/p>\n<p>Nesse momento de paz onde todos os valencianos se abra\u00e7am, se entendem, se cumprimentam e buscam por novos sonhos para buscar a verdadeira felicidade, n\u00f3s que fazemos a Construf\u00e9 desejamos a cada cliente e amigo, que seus passos nunca estejam s\u00f3s. Estejam sempre amparados por amigos, anjos, parentes para dividir cada passo dessa jornada terrena, para que seus p\u00e9s nunca venham a trope\u00e7ar no meio do caminho.<\/p>\n<p>Porque acreditamos que o natal \u00e9 tempo de acreditarmos que vale a pena viver. Da nossa parte continuaremos a fomentar alternativas de progresso a Valen\u00e7a, continuaremos acreditando na for\u00e7a do trabalho, na for\u00e7a da amizade, do companheirismo e da for\u00e7a de Deus.feliz Natal Valen\u00e7a s\u00e3o os mais sinceros votos de todos que fazem a Construf\u00e9.<\/p>\n<p><strong><a href=\"https:\/\/portalv1.com.br\/app\/wp-content\/uploads\/2010\/12\/Imagem-1629.jpg\"><img loading=\"lazy\" decoding=\"async\" class=\"alignleft size-full wp-image-6499\" title=\"Imagem 1629\" src=\"https:\/\/portalv1.com.br\/app\/wp-content\/uploads\/2010\/12\/Imagem-1629.jpg\" alt=\"\" width=\"300\" height=\"225\" \/><\/a>Moda Bella<\/strong><br \/>\n\u00c9 tempo de repensar valores, de ponderar sobre a vida e tudo que a cerca. \u00c9 momento de deixar nascer essa crian\u00e7a pura, inocente e cheia de esperan\u00e7a que mora dentro de nossos cora\u00e7\u00f5es. \u00c9 sempre tempo de contemplar aquele menino pobre, que nasceu numa manjedoura, para nos fazer entender que o ser humano vale por aquilo que \u00e9 e faz, e nunca por aquilo que possui. Noite crist\u00e3, onde a alegria invade nossos cora\u00e7\u00f5es trazendo a paz e a harmonia. Que neste Natal voc\u00ea e sua fam\u00edlia sintam mais forte ainda o significado da palavra amor, que traga raios de luz que iluminem o seu caminho e transformem o seu cora\u00e7\u00e3o a cada dia, fazendo que voc\u00ea viva sempre com muita felicidade.<\/p>\n<p>Teremos outras 365 novas oportunidades de dizer \u00e0 vida, que de fato queremos ser plenamente felizes. \u00c9 nesse clima que n\u00f3s da Moda Bella queremos desejar um feliz natal e um prospero ano novo e nos colocar a disposi\u00e7\u00e3o para servir aos clientes de Valen\u00e7a e Pimenteiras nesse e no pr\u00f3ximo ano.<\/p>\n<p><strong> <\/strong><\/p>\n<p><strong><a href=\"https:\/\/portalv1.com.br\/app\/wp-content\/uploads\/2010\/12\/Imagem-1627.jpg\"><img loading=\"lazy\" decoding=\"async\" class=\"alignleft size-full wp-image-6500\" title=\"Imagem 1627\" src=\"https:\/\/portalv1.com.br\/app\/wp-content\/uploads\/2010\/12\/Imagem-1627.jpg\" alt=\"\" width=\"300\" height=\"225\" \/><\/a>Center Pe\u00e7as<\/strong><\/p>\n<p>N\u00f3s que fazemos a Center Pe\u00e7as na Avenida Joaquim Manoel com a Rua Epaminondas Nogueira em Valen\u00e7a desejamos aos clientes, familiares, amigos e a toda fam\u00edlia valenciana, um Natal de muita paz, alegria e amor. E que o pr\u00f3ximo Ano seja ainda mais repleto de sonhos e realiza\u00e7\u00f5es. Que todos n\u00f3s possamos alcan\u00e7ar as nossas metas com dignidade e respeito. Que nossa Valen\u00e7a e os valencianos possam encontrar no nascimento de Jesus Cristo a raz\u00e3o maior para seguir sua jornada. Que possamos ao lado dos nossos clientes e amigos vivenciar uma cidade mais justa e igualit\u00e1ria. Com esse pensamento n\u00f3s da Center Pe\u00e7as iremos trabalhar com a mesma determina\u00e7\u00e3o que nos levou a concretizar metas quase imposs\u00edveis. Feliz Natal e um prospero 2011. S\u00e3o os votos da Center Pe\u00e7as.<\/p>\n<p><strong><a href=\"https:\/\/portalv1.com.br\/app\/wp-content\/uploads\/2010\/12\/Imagem-1632.jpg\"><img loading=\"lazy\" decoding=\"async\" class=\"alignleft size-full wp-image-6501\" title=\"Imagem 1632\" src=\"https:\/\/portalv1.com.br\/app\/wp-content\/uploads\/2010\/12\/Imagem-1632.jpg\" alt=\"\" width=\"300\" height=\"225\" \/><\/a>\u00c2ngela Presentes<\/strong><\/p>\n<p><strong> <\/strong>O desejo de cada um de n\u00f3s, que fazemos \u00c2ngela Presentes em Valen\u00e7a \u00e9 que aquela magia toda guardada durante todo o ano venha presente nos cora\u00e7\u00f5es daqueles que festejam o amor. Que n\u00e3o apenas seja uma comemora\u00e7\u00e3o, mas um in\u00edcio para uma nova gera\u00e7\u00e3o na vida de cada valenciano. O Natal simboliza nova vida, pois nele comemoramos o nascimento do Homem que modificou a nossa maneira de ver o mundo. Trazendo-nos amor e esperan\u00e7a. Que neste natal sejam confraternizados todos os desejos de um mundo melhor. Que todos estabele\u00e7am um novo vigor de humanidade. E que nada seja mais forte do que a uni\u00e3o Daqueles que brindam o afeto entre eles. Aproveitamos esse momento para informar aos nossos clientes que dispomos dos melhores artigos para presentear toda a fam\u00edlia, venha conhecer nossas variedades e novidades para esse natal.<\/p>\n<p><strong><a href=\"https:\/\/portalv1.com.br\/app\/wp-content\/uploads\/2010\/12\/marllos2.jpg\"><img loading=\"lazy\" decoding=\"async\" class=\"alignleft size-full wp-image-6541\" title=\"marllos\" src=\"https:\/\/portalv1.com.br\/app\/wp-content\/uploads\/2010\/12\/marllos2.jpg\" alt=\"\" width=\"300\" height=\"225\" \/><\/a>Deputado Federal Marllos Sampaio<\/strong><\/p>\n<p>O Natal se aproxima e agora \u00e9 a hora de falarmos de paz e de vivermos em plenitude a mensagem de Jesus Cristo. Natal \u00e9 sin\u00f4nimo de fam\u00edlia, de uni\u00e3o e de aproxima\u00e7\u00e3o de pessoas e o sentido do Natal se realiza somente quando nossos cora\u00e7\u00f5es absorvem o verdadeiro esp\u00edrito da paz. Deixem se contagiar por esse esp\u00edrito natalino, reflita sobre o ano que passou e acredite no novo ano que est\u00e1 chegando, analise profundamente que, se houve derrotas, tamb\u00e9m houve vit\u00f3rias, se houve tristeza, tamb\u00e9m houve alegria nos lares valencianos.<\/p>\n<p>Em 2010 semeamos as a\u00e7\u00f5es em 2011 esperamos colher as conquistas. Que em 2011 possamos colher juntos, os frutos semeados agora! Agrade\u00e7o ao povo valenciano e da nossa confedera\u00e7\u00e3o valenciana o apoio recebido nas urnas, e conto com a ajuda de todos para elaborarmos projetos que possam beneficiar nossa Valen\u00e7a em todos os seguimentos como, por exemplo, na constru\u00e7\u00e3o do teatro, nosso primeiro presente a cidade sorriso. Feliz Natal, Feliz 2011. S\u00e3o os sinceros votos do deputado federal Marllos Sampaio e fam\u00edlia a amigos e correligion\u00e1rio.<\/p>\n<p><strong><a href=\"https:\/\/portalv1.com.br\/app\/wp-content\/uploads\/2010\/12\/edna1.jpg\"><img loading=\"lazy\" decoding=\"async\" class=\"alignleft size-full wp-image-6542\" title=\"edna\" src=\"https:\/\/portalv1.com.br\/app\/wp-content\/uploads\/2010\/12\/edna1.jpg\" alt=\"\" width=\"300\" height=\"225\" \/><\/a>Edna J\u00f3ias<\/strong><\/p>\n<p>Um Feliz Natal e Pr\u00f3spero Ano Novo A Edna J\u00f3ias deseja a todos os clientes valencianos os melhores votos de paz, sa\u00fade e boas festas. Queremos que voc\u00ea continue sempre com essa alegria, com esse companheirismo e que voc\u00ea cliente amigo continue nos prestigiando com a sua prefer\u00eancia e a sua aten\u00e7\u00e3o, pois s\u00f3 assim, teremos motivos para continuar sempre buscando o melhor.<\/p>\n<p>Que nesse final de ano, voc\u00ea possa somar todas as alegrias e dividir o seu entusiasmo de ser feliz sempre. Somos privilegiados porque contamos com a sua amizade e prefer\u00eancia, com seu apoio e sua opini\u00e3o. A nossa meta \u00e9 oferecer sempre o melhor. Receba o nosso carinho, o nosso muito obrigado por tudo e tenha boas festas neste final de ano. S\u00e3o os votos de todos que fazem a Edna J\u00f3ias<\/p>\n<p><strong><a href=\"https:\/\/portalv1.com.br\/app\/wp-content\/uploads\/2010\/12\/INFO.jpg\"><img loading=\"lazy\" decoding=\"async\" class=\"alignleft size-full wp-image-6543\" title=\"INFO\" src=\"https:\/\/portalv1.com.br\/app\/wp-content\/uploads\/2010\/12\/INFO.jpg\" alt=\"\" width=\"300\" height=\"225\" \/><\/a>INFOT\u00c9CNICA<\/strong><\/p>\n<p>Mais um ano est\u00e1 chegando ao fim em nossa querida Valen\u00e7a e na beleza das noites iluminadas, os sonhos de muitos cora\u00e7\u00f5es se preparam para a viagem \u00e0 procura de suas realiza\u00e7\u00f5es, que ocorrer\u00e1 durante todo o ano vindouro. A mesma ocorreu no ano que por hora se finda. Sonhos sa\u00edram, alguns j\u00e1 voltaram sorrindo e outros, de m\u00e3os vazias, aguardam a chegada do novo ano, para seguir numa nova busca.<\/p>\n<p>A realiza\u00e7\u00e3o para os sonhos de alguns, quase sempre, se perde na metade do caminho, mas, se Deus quiser, ainda ter\u00e3o muitos outros anos para encontr\u00e1-la. Que o natal seja um passaporte para que seus sonhos embarquem na \u201cViagem das Realiza\u00e7\u00f5es\u201d do ano novo e que n\u00e3o voltem sem a conquista dos objetivos que motivaram a mesma. Feliz Natal Valen\u00e7a, Feliz 2011 s\u00e3o os votos da INFOT\u00c9CNICA a amigos, clientes e familiares.<\/p>\n<p><strong><a href=\"https:\/\/portalv1.com.br\/app\/wp-content\/uploads\/2010\/12\/consulplan.jpg\"><img loading=\"lazy\" decoding=\"async\" class=\"alignleft size-full wp-image-6544\" title=\"consulplan\" src=\"https:\/\/portalv1.com.br\/app\/wp-content\/uploads\/2010\/12\/consulplan.jpg\" alt=\"\" width=\"300\" height=\"225\" \/><\/a>Consulplan<\/strong><br \/>\nA nossa empresa deseja a voc\u00ea e a todos os que fazem o seu empreendimento, os melhores votos de paz, sa\u00fade e boas festas. Queremos que voc\u00ea continue sempre com essa alegria, com esse companheirismo e continue nos prestigiando com sua prefer\u00eancia e aten\u00e7\u00e3o, pois s\u00f3 assim, teremos motivos para buscar sempre o melhor. Que nesse final de ano voc\u00ea possa somar todas as alegrias e dividir seu entusiasmo de ser feliz.<\/p>\n<p>N\u00f3s que fazemos a Consulplan em Valen\u00e7a somos privilegiados porque contamos com sua amizade, apoio e confian\u00e7a. A nossa meta \u00e9 oferecer aos nossos clientes de Valen\u00e7a e da regi\u00e3o sempre o melhor. Aos clientes, amigos e familiares elevamos o nosso carinho, nosso muito obrigado por tudo e tenham boas festas. Feliz Natal e Prospero Ano Novo.<\/p>\n<p><strong><a href=\"https:\/\/portalv1.com.br\/app\/wp-content\/uploads\/2010\/12\/deputada.jpg\"><img loading=\"lazy\" decoding=\"async\" class=\"alignleft size-full wp-image-6575\" title=\"deputada\" src=\"https:\/\/portalv1.com.br\/app\/wp-content\/uploads\/2010\/12\/deputada.jpg\" alt=\"\" width=\"300\" height=\"225\" \/><\/a>Deputada Margarete Coelho<\/strong><br \/>\nCaros amigos de Valen\u00e7a<br \/>\nQue todos tenham um Feliz Natal e um prospero Ano Novo. Que a nossa vitoria no \u00faltimo pleito, seja apenas o inicio das conquistas que queremos alcan\u00e7ar a partir em 2011.<br \/>\nTemos um longo caminho a percorrer, mais vamos lutar por uma vida mais justa.<br \/>\nVamos festejar o prazer de cada conquista e o aprendizado de cada trope\u00e7o.<br \/>\nFestejem o amor e a esperan\u00e7a no amanha! Que a nossa querida Valen\u00e7a do Piau\u00ed, tenha um Natal maravilhoso e um ano novo cheio de conquistas e vitorias a todos.<br \/>\n<strong>Com carinho da deputada estadual Margarete Coelho.<\/strong><\/p>\n<p><object classid=\"clsid:d27cdb6e-ae6d-11cf-96b8-444553540000\" width=\"300\" height=\"255\" codebase=\"http:\/\/download.macromedia.com\/pub\/shockwave\/cabs\/flash\/swflash.cab#version=6,0,40,0\"><param name=\"allowFullScreen\" value=\"true\" \/><param name=\"allowscriptaccess\" value=\"always\" \/><param name=\"src\" value=\"http:\/\/www.youtube.com\/v\/44AsyJ_ei1c?fs=1&amp;hl=pt_BR\" \/><param name=\"allowfullscreen\" value=\"true\" \/><div class=\"content-iframe\" data-content-width=\"600\"><embed type=\"application\/x-shockwave-flash\" width=\"300\" height=\"255\" src=\"http:\/\/www.youtube.com\/v\/44AsyJ_ei1c?fs=1&amp;hl=pt_BR\" allowscriptaccess=\"always\" allowfullscreen=\"true\"><\/embed><\/div><\/object><strong>Grupo Alencar<\/strong><br \/>\nAo fim desta Jornada \u00e9 chegada a hora de agradecer! Agradecer por termos caminhado juntos, pela import\u00e2ncia desta caminhada, pelo sucesso da mesma.<br \/>\nSabemos que foi poss\u00edvel pela nossa uni\u00e3o, pela nossa parceria!<br \/>\nComo cliente, voc\u00ea foi imprescind\u00edvel, como amigo voc\u00ea foi importante e como parceiro voc\u00ea foi \u00e0 raz\u00e3o do nosso sucesso.<br \/>\nS\u00e3o os votos do Grupo Alencar a todos aquele que representam este sentimento, esta verdade e esta compreens\u00e3o. Que todos os seus sonhos e desejos se tornen realidade nesse novo ano que come\u00e7a, que possamos continuar sendo merecedores de sua visita e de sua amizade. D\u00e1 nossa parte continuaremos dando o melhor para t\u00ea-los como nosso cliente.<\/p>\n<p class=\"MsoNormal\"><span><strong><a href=\"https:\/\/portalv1.com.br\/app\/wp-content\/uploads\/2010\/12\/jarbasmatias.jpg\"><img loading=\"lazy\" decoding=\"async\" class=\"alignleft size-full wp-image-6636\" title=\"jarbasmatias\" src=\"https:\/\/portalv1.com.br\/app\/wp-content\/uploads\/2010\/12\/jarbasmatias.jpg\" alt=\"\" width=\"300\" height=\"225\" \/><\/a>Jarbas Matias<\/strong><\/span><\/p>\n<p class=\"MsoNormal\"><span>Este foi um ano de alegrias, tristezas, realiza\u00e7\u00f5es. Mas o mais importante \u00e9 refletir sobre os acontecimentos, a jornada do dia-a-dia e, concluir ao final, que tivemos um saldo de crescimento e aprendizado. Agradecemos a todos os amigos, familiares, clientes e correligion\u00e1rios valencianos por um ano de trabalho, coopera\u00e7\u00e3o, confian\u00e7a e dedica\u00e7\u00e3o. <\/span><\/p>\n<p class=\"MsoNormal\"><span>Desejamos que este Natal e ano novo que se inicia seja o in\u00edcio da constru\u00e7\u00e3o de um caminho de amor, alegria e de esperan\u00e7a a todos os irm\u00e3os valencianos. Feliz Natal e um prospero Ano Novo! S\u00e3o os mais sinceros votos do diretor do hospital regional Jarbas Matias e fam\u00edlia a amigos, parentes e correligion\u00e1rios de Valen\u00e7a e regi\u00e3o.<span> <\/span><\/span><\/p>\n<p class=\"MsoNormal\"><span><strong><a href=\"https:\/\/portalv1.com.br\/app\/wp-content\/uploads\/2010\/12\/mensagemcei\u00e7a-300x225.jpg\"><img loading=\"lazy\" decoding=\"async\" class=\"alignleft size-full wp-image-6637\" title=\"mensagemcei\u00e7a-300x225\" src=\"https:\/\/portalv1.com.br\/app\/wp-content\/uploads\/2010\/12\/mensagemcei\u00e7a-300x225.jpg\" alt=\"\" width=\"300\" height=\"225\" \/><\/a>Vereadora Cei\u00e7a Dias<\/strong><\/span><\/p>\n<p class=\"MsoNormal\"><span>Chegamos a mais um natal, tempo que para nossa cidade \u00e9 ainda mais especial, pois marca o festejo de Nossa Padroeira e realimenta o esp\u00edrito de nossa gente nessa caminhada de F\u00e9 e Amor ao pr\u00f3ximo. Que esse Natal seja marcado pela esperan\u00e7a de rever parentes e amigos distantes e de abra\u00e7ar com mais carinho ainda aqueles que nos s\u00e3o mais pr\u00f3ximos.<\/span><\/p>\n<p class=\"MsoNormal\"><span>Mesmo sabendo que \u201ca melhor mensagem de Natal \u00e9 aquela que sai do sil\u00eancio de nossos cora\u00e7\u00f5es e aquece com ternura os cora\u00e7\u00f5es daqueles que nos acompanham em nossa caminhada pela vida\u201d.<\/span><\/p>\n<p class=\"MsoNormal\"><span>Gostaria de externar mais uma vez o meu carinho a cada um de voc\u00eas o meu desejo de boas festas e de um Ano Novo repleto de grandes realiza\u00e7\u00f5es. S\u00e3o os votos da vereadora Cei\u00e7a Dias e fam\u00edlia a todos os valencianos.<span> <\/span><\/span><\/p>\n<p class=\"MsoNormal\"><span><strong><a href=\"https:\/\/portalv1.com.br\/app\/wp-content\/uploads\/2010\/12\/dolores-matias.jpg\"><img loading=\"lazy\" decoding=\"async\" class=\"alignleft size-medium wp-image-6638\" title=\"dolores matias\" src=\"https:\/\/portalv1.com.br\/app\/wp-content\/uploads\/2010\/12\/dolores-matias-300x225.jpg\" alt=\"\" width=\"300\" height=\"225\" srcset=\"https:\/\/portalv1.com.br\/app\/wp-content\/uploads\/2010\/12\/dolores-matias-300x225.jpg 300w, https:\/\/portalv1.com.br\/app\/wp-content\/uploads\/2010\/12\/dolores-matias.jpg 640w\" sizes=\"auto, (max-width: 300px) 100vw, 300px\" \/><\/a>Dolores Matias Secret\u00e1ria Municipal de Educa\u00e7\u00e3o.<\/strong><\/span><\/p>\n<p class=\"MsoNormal\"><span>Vamos celebrar mais um natal e nos despedirmos de mais um ano que termina.\u00e9 tempo de fazermos um balan\u00e7o da vida que estamos levando, dos projetos finalizados e dos que deixamos pelo caminho.<\/span><\/p>\n<p class=\"MsoNormal\"><span>\u00c9 tempo de aproveitarmos tudo de bom que aprendemos, vivemos, sentimos e que trazemos em nosso cora\u00e7\u00e3o, lembrando sempre que \u201cTudo concorre para o bem daqueles que amam a Deus\u201d RM 8,28.<\/span><\/p>\n<p class=\"MsoNormal\"><span>Desejo que voc\u00ea e sua fam\u00edlia tenham um santo e feliz Natal e que 2011 seja repleto das gra\u00e7as de Deus, de paz, de sa\u00fade e de prosperidade. S\u00e3o os votos da secret\u00e1ria municipal de educa\u00e7\u00e3o Dolores Matias e fam\u00edlia a todos os amigos, professores, e funcion\u00e1rios da Secretaria Municipal de Educa\u00e7\u00e3o.<\/span><\/p>\n<p class=\"MsoNormal\"><span><strong><a href=\"https:\/\/portalv1.com.br\/app\/wp-content\/uploads\/2010\/12\/requeinte-modas.jpg\"><img loading=\"lazy\" decoding=\"async\" class=\"alignleft size-full wp-image-6639\" title=\"requeinte modas\" src=\"https:\/\/portalv1.com.br\/app\/wp-content\/uploads\/2010\/12\/requeinte-modas.jpg\" alt=\"\" width=\"300\" height=\"225\" \/><\/a>Requint Modas<\/strong><\/span><\/p>\n<p class=\"MsoNormal\"><span>Ao t\u00e9rmino deste ano, onde os sentimentos de f\u00e9 e esperan\u00e7a renovam-se, rogamos a Deus que aben\u00e7oe todos os funcion\u00e1rios, que ilumine nosso caminho, afastando de todos n\u00f3s o pensamento de desesperan\u00e7a e de descr\u00e9dito em nosso semelhante. <\/span><\/p>\n<p class=\"MsoNormal\"><span>Tenhamos for\u00e7a e tranq\u00fcilidade para enfrentarmos as tormentas que h\u00e3o de vir e que os sentimentos de coragem, supera\u00e7\u00e3o e justi\u00e7a possam estar presentes em nossos novos dias. Feliz Natal e Prospero Ano Novo a todos os nossos clientes de Valen\u00e7a que nesse ano de 2010 nos deram o prazer de sua visita e a honra de t\u00ea-los como nossos clientes. S\u00e3o os mais sinceros votos de todos que fazem a Requint Modas. <\/span><\/p>\n<p class=\"MsoNormal\"><span><br \/>\n<a href=\"https:\/\/portalv1.com.br\/app\/wp-content\/uploads\/2010\/12\/fco-davilo.jpg\"><img loading=\"lazy\" decoding=\"async\" class=\"alignleft size-full wp-image-6640\" title=\"fco davilo\" src=\"https:\/\/portalv1.com.br\/app\/wp-content\/uploads\/2010\/12\/fco-davilo.jpg\" alt=\"\" width=\"300\" height=\"225\" \/><\/a><strong>Dr. Francisco D\u00e1vilo Torres: Cirurgi\u00e3o Dentista<\/strong><\/span><\/p>\n<p class=\"MsoNormal\"><span>Feliz Natal!<\/span><\/p>\n<p class=\"MsoNormal\"><span>Voc\u00ea \u00e9 um Cliente Especial!<br \/>\nPelo muito que voc\u00ea tem representado para n\u00f3s, queremos dedicar a voc\u00ea os melhores votos de um Natal e Ano Novo, repleto de realiza\u00e7\u00f5es, amor, paz e muito carinho. Que n\u00f3s possamos continuar contando com sua parceria e amizade no pr\u00f3ximo ano. Desejamos que nesta data, a luz que guia o mundo, possa tamb\u00e9m clarear os seus sonhos. Tenha um Feliz Natal e um Pr\u00f3spero Ano Novo, que os anjos acampem ao seu redor para sempre te proteger, amparar nessa longa caminhada da vida, para que o caminho seja repleto de flores e frutos. <\/span><\/p>\n<p class=\"MsoNormal\"><span>Estamos felizes com o nosso trabalho, pois a cada dia fazemos novos amigos, a cada dia aparecem mais pessoas encantadoras que nos motivam a melhorar ainda mais. Feliz Natal e um 2011, repleto de conquistas, \u00e9 o que n\u00f3s, desejamos a voc\u00ea. S\u00e3o votos do Dr. Francisco D\u00e1vilo Torres e fam\u00edlia a amigos, clientes e familiares.<\/span><\/p>\n<p><strong><a href=\"https:\/\/portalv1.com.br\/app\/wp-content\/uploads\/2010\/12\/marcelocastro.jpg\"><img loading=\"lazy\" decoding=\"async\" class=\"alignleft size-full wp-image-6645\" title=\"marcelocastro\" src=\"https:\/\/portalv1.com.br\/app\/wp-content\/uploads\/2010\/12\/marcelocastro.jpg\" alt=\"\" width=\"300\" height=\"225\" \/><\/a>DEPUTADO FEDERAL MARCELO CASTRO<\/strong><\/p>\n<p><strong> <\/strong><br \/>\nUM FELIZ NATAL E UM ANO NOVO DE MUITAS ALEGRIAS PARA O QUERIDO POVO VALENCIANO E REGI\u00c3O.<br \/>\nDEPUTADO FEDERAL MARCELO CASTRO.<\/p>\n<div id=\"_mcePaste\" style=\"position: absolute; left: -10000px; top: 499px; width: 1px; height: 1px; overflow: hidden;\"><img decoding=\"async\" src=\"file:\/\/\/C:\/DOCUME%7E1\/ADMINI%7E1\/CONFIG%7E1\/Temp\/moz-screenshot-44.png\" alt=\"\" \/><\/div>\n","protected":false},"excerpt":{"rendered":"<p>Portalv1 mais de 60 mil acessos mensais. Mais um ano chega ao fim e a nossa sensa\u00e7\u00e3o de tarefa cumprida nos enche de alegria. \u00c9 com grande satisfa\u00e7\u00e3o que estamos&#8230;<\/p>\n","protected":false},"author":1,"featured_media":0,"comment_status":"open","ping_status":"closed","sticky":false,"template":"","format":"standard","meta":{"ngg_post_thumbnail":0,"footnotes":""},"categories":[203],"tags":[],"class_list":["post-6415","post","type-post","status-publish","format-standard","hentry","category-espacocultura"],"views":3616,"meta_data":{"thumb":"https:\/\/portalv1.com.br\/app\/wp-content\/uploads\/2010\/12\/logonewportal.jpg","data":{"simple":"07\/12\/2010","date_time":"07\/12\/2010 07:48:05","date":"h\u00e1 15 anos"},"chapeu":"","source":""},"_links":{"self":[{"href":"https:\/\/portalv1.com.br\/api\/wp\/v2\/posts\/6415","targetHints":{"allow":["GET"]}}],"collection":[{"href":"https:\/\/portalv1.com.br\/api\/wp\/v2\/posts"}],"about":[{"href":"https:\/\/portalv1.com.br\/api\/wp\/v2\/types\/post"}],"author":[{"embeddable":true,"href":"https:\/\/portalv1.com.br\/api\/wp\/v2\/users\/1"}],"replies":[{"embeddable":true,"href":"https:\/\/portalv1.com.br\/api\/wp\/v2\/comments?post=6415"}],"version-history":[{"count":0,"href":"https:\/\/portalv1.com.br\/api\/wp\/v2\/posts\/6415\/revisions"}],"wp:attachment":[{"href":"https:\/\/portalv1.com.br\/api\/wp\/v2\/media?parent=6415"}],"wp:term":[{"taxonomy":"category","embeddable":true,"href":"https:\/\/portalv1.com.br\/api\/wp\/v2\/categories?post=6415"},{"taxonomy":"post_tag","embeddable":true,"href":"https:\/\/portalv1.com.br\/api\/wp\/v2\/tags?post=6415"}],"curies":[{"name":"wp","href":"https:\/\/api.w.org\/{rel}","templated":true}]}}