{"id":64153,"date":"2018-10-08T00:22:54","date_gmt":"2018-10-08T03:22:54","guid":{"rendered":"https:\/\/portalv1.com.br\/?p=64153"},"modified":"2018-10-09T00:33:51","modified_gmt":"2018-10-09T03:33:51","slug":"confira-a-relacao-dos-mais-votados-em-valenca-novo-oriente-e-lagoa","status":"publish","type":"post","link":"https:\/\/portalv1.com.br\/confira-a-relacao-dos-mais-votados-em-valenca-novo-oriente-e-lagoa\/","title":{"rendered":"Confira a rela\u00e7\u00e3o dos mais votados em Valen\u00e7a, Novo Oriente e Lagoa"},"content":{"rendered":"<p>A 18\u00aa Zona Eleitoral que compreende os munic\u00edpios de Valen\u00e7a, Novo Oriente e Lagoa do Sitio divulgou na noite deste domingo (07), a vota\u00e7\u00e3o para os seis cargos disputados nesse primeiro turno.<\/p>\n<p>A elei\u00e7\u00e3o foi marcada pela morte do senhor Lourival Mariano (70), que veio a \u00f3bito ap\u00f3s passar mal quando estava na fila de vota\u00e7\u00e3o no Col\u00e9gio C\u00f4nego Acilino e pela demora na hora da vota\u00e7\u00e3o sobretudo por problemas com a biometria. Teve se\u00e7\u00e3o que a vota\u00e7\u00e3o s\u00f3 encerrou por volta das 20h.<\/p>\n<p>Ap\u00f3s a abertura das urnas, os mais votados para presidente em Valen\u00e7a foram: Fernando Haddad 7.407, Bolsonaro 2.038, Ciro Gomes 1.525. Para governador o resultado foi o seguinte: Wellington Dias 5.375. Dr. Pessoa 3.047. Luciano Nunes 1.739.<\/p>\n<p>Para o Senado o mais votado foi o candidato Marcelo Castro com 4.303, Ciro Nogueira com 4.057 e Marcos Vinicius com 2.915 e Wilson Martins com 2.827.<\/p>\n<p>Os deputados federais mais votados foram: Marina Dias com 2.665, Rejane Dias 1.156, Flavio Nogueira 1.025 e Margarete Coelho com 998 votos. Para deputado estadual os quatro mais votados foram: Evaldo Gomes 1.296, Franz\u00e9 1.020, Tem\u00edstocles Filho 876 e Francivando Rosa com 707.<\/p>\n<p>Em Novo Oriente os dois mais votados para presidente foram: Haddad 3.066 e Bolsonaro 280. Para governador os mais votados foram Wellington Dias 2.457 e Dr. Pessoa 801.<\/p>\n<p>Para senador os n\u00fameros foram estes: Marcelo Castro 1.690 e Ciro Nogueira 1.665. Os deputados federais mais votados foram: Marina Dias 1.276 e Rejane Dias 640. Deputados estaduais os mais votados foram: Evaldo Gomes 691 e Franz\u00e9 531.<\/p>\n<p>Em Lagoa do Sitio os mais votados para presidentes foram: Fernando Haddad 2.223 e Ciro Gomes 282. Para governador os mais votados foram: Dr. Pessoa 1.458 e Wellington Dias 1.120.<\/p>\n<p>Os senadores mais votados foram: Ciro Nogueira 1.777 e Wilson Martins 1.667. Os deputados federais mais votados foram estes: Atila Lira 1.261 e Lourivaldo Leite 384. Os estaduais mais votados foram: Wilson Brand\u00e3o 1.219 e Pablo Santos 244. Clique nos links abaixo e veja toda a vota\u00e7\u00e3o da 18\u00aa Zona Eleitoral.<\/p>\n<p><a href=\"https:\/\/portalv1.com.br\/app\/wp-content\/uploads\/2018\/10\/Resultado-Outros-municipios-18-Zona-2.pdf\">Resultado Outros-municipios-18 Zona 2<\/a><\/p>\n<p><a href=\"https:\/\/portalv1.com.br\/app\/wp-content\/uploads\/2018\/10\/Resultado-Presidente-municipio-18-Zona-1.pdf\">Resultado Presidente-munic\u00edpio-18 Zona 1<\/a><\/p>\n<p><a href=\"https:\/\/portalv1.com.br\/app\/wp-content\/uploads\/2018\/10\/Portalv1001Valenca.jpg\"><img loading=\"lazy\" decoding=\"async\" class=\"aligncenter size-large wp-image-64156\" src=\"https:\/\/portalv1.com.br\/app\/wp-content\/uploads\/2018\/10\/Portalv1001Valenca-640x427.jpg\" alt=\"\" width=\"640\" height=\"427\" srcset=\"https:\/\/portalv1.com.br\/app\/wp-content\/uploads\/2018\/10\/Portalv1001Valenca.jpg 640w, https:\/\/portalv1.com.br\/app\/wp-content\/uploads\/2018\/10\/Portalv1001Valenca-300x200.jpg 300w\" sizes=\"auto, (max-width: 640px) 100vw, 640px\" \/><\/a> <a href=\"https:\/\/portalv1.com.br\/app\/wp-content\/uploads\/2018\/10\/Portalv1002Valenca.jpg\"><img loading=\"lazy\" decoding=\"async\" class=\"aligncenter size-large wp-image-64157\" src=\"https:\/\/portalv1.com.br\/app\/wp-content\/uploads\/2018\/10\/Portalv1002Valenca-640x427.jpg\" alt=\"\" width=\"640\" height=\"427\" srcset=\"https:\/\/portalv1.com.br\/app\/wp-content\/uploads\/2018\/10\/Portalv1002Valenca.jpg 640w, https:\/\/portalv1.com.br\/app\/wp-content\/uploads\/2018\/10\/Portalv1002Valenca-300x200.jpg 300w\" sizes=\"auto, (max-width: 640px) 100vw, 640px\" \/><\/a> <a href=\"https:\/\/portalv1.com.br\/app\/wp-content\/uploads\/2018\/10\/Portalv1003Valenca.jpg\"><img loading=\"lazy\" decoding=\"async\" class=\"aligncenter size-large wp-image-64158\" src=\"https:\/\/portalv1.com.br\/app\/wp-content\/uploads\/2018\/10\/Portalv1003Valenca-640x427.jpg\" alt=\"\" width=\"640\" height=\"427\" srcset=\"https:\/\/portalv1.com.br\/app\/wp-content\/uploads\/2018\/10\/Portalv1003Valenca.jpg 640w, https:\/\/portalv1.com.br\/app\/wp-content\/uploads\/2018\/10\/Portalv1003Valenca-300x200.jpg 300w\" sizes=\"auto, (max-width: 640px) 100vw, 640px\" \/><\/a><\/p>\n<p>&nbsp;<\/p>\n","protected":false},"excerpt":{"rendered":"<p>A 18\u00aa Zona Eleitoral que compreende os munic\u00edpios de Valen\u00e7a, Novo Oriente e Lagoa do Sitio divulgou na noite deste domingo (07), a vota\u00e7\u00e3o para os seis cargos disputados nesse&#8230;<\/p>\n","protected":false},"author":1,"featured_media":64158,"comment_status":"open","ping_status":"open","sticky":false,"template":"","format":"standard","meta":{"ngg_post_thumbnail":0,"footnotes":""},"categories":[12],"tags":[],"class_list":["post-64153","post","type-post","status-publish","format-standard","has-post-thumbnail","hentry","category-valenca-news"],"views":2913,"meta_data":{"thumb":"https:\/\/portalv1.com.br\/app\/wp-content\/uploads\/2018\/10\/Portalv1003Valenca.jpg","imagem":{"fullsize":{"url":"https:\/\/portalv1.com.br\/app\/wp-content\/uploads\/2018\/10\/Portalv1003Valenca.jpg","width":640,"height":427},"thumbnail":{"url":"https:\/\/portalv1.com.br\/app\/wp-content\/uploads\/2018\/10\/Portalv1003Valenca-100x100.jpg","width":100,"height":100},"medium":{"url":"https:\/\/portalv1.com.br\/app\/wp-content\/uploads\/2018\/10\/Portalv1003Valenca-300x200.jpg","width":300,"height":200},"large":{"url":"https:\/\/portalv1.com.br\/app\/wp-content\/uploads\/2018\/10\/Portalv1003Valenca-640x427.jpg","width":640,"height":427}},"data":{"simple":"07\/10\/2018","date_time":"07\/10\/2018 21:22:54","date":"h\u00e1 8 anos"},"chapeu":"Elei\u00e7\u00f5es 2018","source":"foto_menor"},"_links":{"self":[{"href":"https:\/\/portalv1.com.br\/api\/wp\/v2\/posts\/64153","targetHints":{"allow":["GET"]}}],"collection":[{"href":"https:\/\/portalv1.com.br\/api\/wp\/v2\/posts"}],"about":[{"href":"https:\/\/portalv1.com.br\/api\/wp\/v2\/types\/post"}],"author":[{"embeddable":true,"href":"https:\/\/portalv1.com.br\/api\/wp\/v2\/users\/1"}],"replies":[{"embeddable":true,"href":"https:\/\/portalv1.com.br\/api\/wp\/v2\/comments?post=64153"}],"version-history":[{"count":0,"href":"https:\/\/portalv1.com.br\/api\/wp\/v2\/posts\/64153\/revisions"}],"wp:featuredmedia":[{"embeddable":true,"href":"https:\/\/portalv1.com.br\/api\/wp\/v2\/media\/64158"}],"wp:attachment":[{"href":"https:\/\/portalv1.com.br\/api\/wp\/v2\/media?parent=64153"}],"wp:term":[{"taxonomy":"category","embeddable":true,"href":"https:\/\/portalv1.com.br\/api\/wp\/v2\/categories?post=64153"},{"taxonomy":"post_tag","embeddable":true,"href":"https:\/\/portalv1.com.br\/api\/wp\/v2\/tags?post=64153"}],"curies":[{"name":"wp","href":"https:\/\/api.w.org\/{rel}","templated":true}]}}