{"id":64876,"date":"2018-11-06T17:25:39","date_gmt":"2018-11-06T20:25:39","guid":{"rendered":"https:\/\/portalv1.com.br\/?p=64876"},"modified":"2018-11-06T17:25:39","modified_gmt":"2018-11-06T20:25:39","slug":"tre-pi-absolve-prefeito-e-vice-de-pimenteiras-em-acao-penal-eleitoral","status":"publish","type":"post","link":"https:\/\/portalv1.com.br\/tre-pi-absolve-prefeito-e-vice-de-pimenteiras-em-acao-penal-eleitoral\/","title":{"rendered":"TRE-PI absolve prefeito e vice de Pimenteiras em a\u00e7\u00e3o penal eleitoral"},"content":{"rendered":"<figure id=\"attachment_64877\" aria-describedby=\"caption-attachment-64877\" style=\"width: 640px\" class=\"wp-caption aligncenter\"><a href=\"https:\/\/portalv1.com.br\/app\/wp-content\/uploads\/2018\/11\/Portalv1.com_.brDSC_0740.jpg\"><img loading=\"lazy\" decoding=\"async\" class=\"size-large wp-image-64877\" src=\"https:\/\/portalv1.com.br\/app\/wp-content\/uploads\/2018\/11\/Portalv1.com_.brDSC_0740-640x427.jpg\" alt=\"\" width=\"640\" height=\"427\" srcset=\"https:\/\/portalv1.com.br\/app\/wp-content\/uploads\/2018\/11\/Portalv1.com_.brDSC_0740.jpg 640w, https:\/\/portalv1.com.br\/app\/wp-content\/uploads\/2018\/11\/Portalv1.com_.brDSC_0740-300x200.jpg 300w\" sizes=\"auto, (max-width: 640px) 100vw, 640px\" \/><\/a><figcaption id=\"caption-attachment-64877\" class=\"wp-caption-text\">Prefeito de Pimenteiras, Venicio do \u00d3<\/figcaption><\/figure>\n<p>Nesta ter\u00e7a-feira (06), o Tribunal Regional Eleitoral do Piau\u00ed, julgou improcedente a A\u00e7\u00e3o Penal oferecida pelo Minist\u00e9rio P\u00fablico Eleitoral contra o prefeito de Pimenteiras, Venicio do \u00d3 e a vice-prefeita Lucia Lacerda por infra\u00e7\u00e3o ao art. 299 do C\u00f3digo Eleitoral que trata sobre a compra de votos nas elei\u00e7\u00f5es de 2012.<\/p>\n<p>Ap\u00f3s a exposi\u00e7\u00e3o, o pleno do TRE-PI, absolveu o prefeito e vice-prefeita por unanimidade, ou seja, por 6X0. A den\u00fancia do Minist\u00e9rio P\u00fablico Eleitoral era baseada em uma grava\u00e7\u00e3o clandestina, feita por um eleitor e no testemunho de eleitores que afirmavam que o prefeito teria oferecido dinheiro em troca de votos.<\/p>\n<p>\u201cNo julgamento consideraram que n\u00e3o havia provas de que houve compra de votos, consideraram que a grava\u00e7\u00e3o foi ilegal e ficou claro que foram os eleitores que tentaram extorquir o candidato pedindo dinheiro para votar\u201d, disse o advogado Dr. Jos\u00e9 Rodrigues.<\/p>\n<figure id=\"attachment_64878\" aria-describedby=\"caption-attachment-64878\" style=\"width: 640px\" class=\"wp-caption aligncenter\"><a href=\"https:\/\/portalv1.com.br\/app\/wp-content\/uploads\/2018\/11\/Portalv1.com_.brDSC_0727.jpg\"><img loading=\"lazy\" decoding=\"async\" class=\"size-large wp-image-64878\" src=\"https:\/\/portalv1.com.br\/app\/wp-content\/uploads\/2018\/11\/Portalv1.com_.brDSC_0727-640x427.jpg\" alt=\"\" width=\"640\" height=\"427\" srcset=\"https:\/\/portalv1.com.br\/app\/wp-content\/uploads\/2018\/11\/Portalv1.com_.brDSC_0727.jpg 640w, https:\/\/portalv1.com.br\/app\/wp-content\/uploads\/2018\/11\/Portalv1.com_.brDSC_0727-300x200.jpg 300w\" sizes=\"auto, (max-width: 640px) 100vw, 640px\" \/><\/a><figcaption id=\"caption-attachment-64878\" class=\"wp-caption-text\">Vice-prefeita Lucia Lacerda<\/figcaption><\/figure>\n<p>Outro ponto destacado pelo advogado \u00e9 que ap\u00f3s a absolvi\u00e7\u00e3o os autores da den\u00fancia conhecidos por Francinario e Leticia foram penalizados com pena de presta\u00e7\u00e3o de servi\u00e7os \u00e0 comunidade.<\/p>\n<p>O prefeito Venicio do \u00d3 e a vice-prefeita Lucia Lacerda afirmaram que o resultado n\u00e3o poderia ser outro. \u201cFomos inocentados aqui em Pimenteiras e no TRE-PI de forma un\u00e2nime, ent\u00e3o n\u00e3o poder\u00edamos esperar outro resultado se n\u00e3o a absolvi\u00e7\u00e3o nesse julgamento. Nossa reposta a essas investidas infundadas e eleitoreiras ser\u00e3o sempre respondidas com trabalho e mais progresso porque nosso compromisso \u00e9 com Pimenteiras\u201d, respondeu o prefeito.<\/p>\n","protected":false},"excerpt":{"rendered":"<p>Nesta ter\u00e7a-feira (06), o Tribunal Regional Eleitoral do Piau\u00ed, julgou improcedente a A\u00e7\u00e3o Penal oferecida pelo Minist\u00e9rio P\u00fablico Eleitoral contra o prefeito de Pimenteiras, Venicio do \u00d3 e a vice-prefeita&#8230;<\/p>\n","protected":false},"author":1,"featured_media":64877,"comment_status":"open","ping_status":"open","sticky":false,"template":"","format":"standard","meta":{"ngg_post_thumbnail":0,"footnotes":""},"categories":[12],"tags":[],"class_list":["post-64876","post","type-post","status-publish","format-standard","has-post-thumbnail","hentry","category-valenca-news"],"views":1099,"meta_data":{"thumb":"https:\/\/portalv1.com.br\/app\/wp-content\/uploads\/2018\/11\/Portalv1.com_.brDSC_0740.jpg","imagem":{"fullsize":{"url":"https:\/\/portalv1.com.br\/app\/wp-content\/uploads\/2018\/11\/Portalv1.com_.brDSC_0740.jpg","width":640,"height":427},"thumbnail":{"url":"https:\/\/portalv1.com.br\/app\/wp-content\/uploads\/2018\/11\/Portalv1.com_.brDSC_0740-100x100.jpg","width":100,"height":100},"medium":{"url":"https:\/\/portalv1.com.br\/app\/wp-content\/uploads\/2018\/11\/Portalv1.com_.brDSC_0740-300x200.jpg","width":300,"height":200},"large":{"url":"https:\/\/portalv1.com.br\/app\/wp-content\/uploads\/2018\/11\/Portalv1.com_.brDSC_0740-640x427.jpg","width":640,"height":427}},"data":{"simple":"06\/11\/2018","date_time":"06\/11\/2018 14:25:39","date":"h\u00e1 7 anos"},"chapeu":"Veja detalhes ","source":"slide"},"_links":{"self":[{"href":"https:\/\/portalv1.com.br\/api\/wp\/v2\/posts\/64876","targetHints":{"allow":["GET"]}}],"collection":[{"href":"https:\/\/portalv1.com.br\/api\/wp\/v2\/posts"}],"about":[{"href":"https:\/\/portalv1.com.br\/api\/wp\/v2\/types\/post"}],"author":[{"embeddable":true,"href":"https:\/\/portalv1.com.br\/api\/wp\/v2\/users\/1"}],"replies":[{"embeddable":true,"href":"https:\/\/portalv1.com.br\/api\/wp\/v2\/comments?post=64876"}],"version-history":[{"count":0,"href":"https:\/\/portalv1.com.br\/api\/wp\/v2\/posts\/64876\/revisions"}],"wp:featuredmedia":[{"embeddable":true,"href":"https:\/\/portalv1.com.br\/api\/wp\/v2\/media\/64877"}],"wp:attachment":[{"href":"https:\/\/portalv1.com.br\/api\/wp\/v2\/media?parent=64876"}],"wp:term":[{"taxonomy":"category","embeddable":true,"href":"https:\/\/portalv1.com.br\/api\/wp\/v2\/categories?post=64876"},{"taxonomy":"post_tag","embeddable":true,"href":"https:\/\/portalv1.com.br\/api\/wp\/v2\/tags?post=64876"}],"curies":[{"name":"wp","href":"https:\/\/api.w.org\/{rel}","templated":true}]}}