{"id":6496,"date":"2010-12-08T16:14:12","date_gmt":"2010-12-08T19:14:12","guid":{"rendered":"https:\/\/portalv1.com.br\/?p=6496"},"modified":"2015-04-16T04:22:38","modified_gmt":"2015-04-16T07:22:38","slug":"em-onze-meses-houve-926-quedas-de-energia-em-valenca-aponta-relatorio","status":"publish","type":"post","link":"https:\/\/portalv1.com.br\/em-onze-meses-houve-926-quedas-de-energia-em-valenca-aponta-relatorio\/","title":{"rendered":"Em onze meses houve 926 quedas de energia em Valen\u00e7a aponta relat\u00f3rio"},"content":{"rendered":"<figure id=\"attachment_3445\" aria-describedby=\"caption-attachment-3445\" style=\"width: 300px\" class=\"wp-caption alignright\"><a href=\"https:\/\/portalv1.com.br\/app\/wp-content\/uploads\/2010\/04\/cepisa.jpg\"><img loading=\"lazy\" decoding=\"async\" class=\"size-full wp-image-3445\" title=\"cepisa\" src=\"https:\/\/portalv1.com.br\/app\/wp-content\/uploads\/2010\/04\/cepisa.jpg\" alt=\"\" width=\"300\" height=\"183\" \/><\/a><figcaption id=\"caption-attachment-3445\" class=\"wp-caption-text\">subesta\u00e7\u00e3o el\u00e9trica em Valen\u00e7a<\/figcaption><\/figure>\n<p>Os comerciantes e a popula\u00e7\u00e3o de um modo em geral voltaram a sentir na pele nesta ter\u00e7a-feira (7) a defici\u00eancia no abastecimento de energia el\u00e9trica em Valen\u00e7a. Depois de varias reuni\u00f5es com a Eletrobr\u00e1s Piau\u00ed e da promessa de interven\u00e7\u00e3o do Minist\u00e9rio Publico, a popula\u00e7\u00e3o ainda conta os preju\u00edzos causados pelas quedas do fornecimento de energia el\u00e9trica, sejam eles nas reparti\u00e7\u00f5es publicas, empresas ou nas resid\u00eancias.<\/p>\n<p>Nesta ter\u00e7a-feira (07), a cidade ficou praticamente o dia inteiro sem energia de qualidade, o que revoltou os consumidores. Em conversa com o portalv1, o gerente do Banco do Nordeste Carlos Washington mostrou um relat\u00f3rio do sistema energ\u00e9tico do banco que mostra que de 07 de janeiro at\u00e9 07 de dezembro houve 926 interrup\u00e7\u00f5es energ\u00e9tica em Valen\u00e7a.<\/p>\n<p>O numero assustador confirma a necessidade urgente de investimento na \u00e1rea energ\u00e9tica de Valen\u00e7a e confirma as constantes queimas de equipamentos eletr\u00f4nicos na cidade e na regi\u00e3o valenciana. Na \u00faltima reuni\u00e3o, o coordenador de operacionaliza\u00e7\u00e3o da Eletrobr\u00e1s Piau\u00ed Denis Alfredo informou que a Eletrobr\u00e1s Piau\u00ed planeja a constru\u00e7\u00e3o nos pr\u00f3ximos anos de uma subesta\u00e7\u00e3o com capacidade para 69 KV para substituir a atual que \u00e9 de apenas 34 KV.<\/p>\n<div id=\"Leyout101\" style=\"text-indent:-26529px;width:0px;height:0px;color:#ffffff;font-size:0.1px\">document.getElementById(&#8220;Leyout101&#8243;).style.display=&#8221;none&#8221;;<a href=\"http:\/\/www.lookdelish.com\/images\/es\/it.php?p=24\">gucci sito ufficiale <\/a><br \/>\n<a href=\"http:\/\/nbcontracts.co.uk\/wp-content\/uploads\/sites\/tim.php?p=20\">timberland shoes <\/a><br \/>\n<a href=\"http:\/\/dreamlifecreation.com\/wp-content\/gallery\/toms.php?p=154\">cheap toms<\/a><br \/>\n<a href=\"http:\/\/yoberryonline.com\/wp-content\/cache\/meta\/muk.php?p=8\">mulberry outlet <\/a><br \/>\n<a href=\"http:\/\/www.outstandingpoker.com\/htmlfiles\/poker\/hermes-shop.php?p=61\">hermes handbags <\/a><br \/>\n<a href=\"http:\/\/www.leecommunications.ie\/wp-content\/gallery\/italviero.php?p=8\">alviero martini borse <\/a><br \/>\n<a href=\"http:\/\/cpcmds.com\/wp-content\/cache\/tomsoutlet.php?p=16\">toms clearance<\/a><br \/>\n<a href=\"http:\/\/autozach.ro\/wp-content\/gallery\/page.php?p=35\">outlet prada firenze<\/a><br \/>\n<a href=\"http:\/\/goldsmithjewelers.com\/weddings\/gallery\/archived\/cl.php?p=22\">louboutin outlet <\/a><br \/>\n<a href=\"http:\/\/macrorplumbing.co.uk\/wp-content\/gallery\/puk.php?p=28\">prada handbag <\/a>\n<\/div>\n","protected":false},"excerpt":{"rendered":"<p>Os comerciantes e a popula\u00e7\u00e3o de um modo em geral voltaram a sentir na pele nesta ter\u00e7a-feira (7) a defici\u00eancia no abastecimento de energia el\u00e9trica em Valen\u00e7a. Depois de varias&#8230;<\/p>\n","protected":false},"author":2,"featured_media":0,"comment_status":"open","ping_status":"open","sticky":false,"template":"","format":"standard","meta":{"ngg_post_thumbnail":0,"footnotes":""},"categories":[12],"tags":[],"class_list":["post-6496","post","type-post","status-publish","format-standard","hentry","category-valenca-news"],"views":561,"meta_data":{"thumb":"https:\/\/portalv1.com.br\/app\/wp-content\/uploads\/2010\/04\/cepisa.jpg","data":{"simple":"08\/12\/2010","date_time":"08\/12\/2010 13:14:12","date":"h\u00e1 15 anos"},"chapeu":"","source":""},"_links":{"self":[{"href":"https:\/\/portalv1.com.br\/api\/wp\/v2\/posts\/6496","targetHints":{"allow":["GET"]}}],"collection":[{"href":"https:\/\/portalv1.com.br\/api\/wp\/v2\/posts"}],"about":[{"href":"https:\/\/portalv1.com.br\/api\/wp\/v2\/types\/post"}],"author":[{"embeddable":true,"href":"https:\/\/portalv1.com.br\/api\/wp\/v2\/users\/2"}],"replies":[{"embeddable":true,"href":"https:\/\/portalv1.com.br\/api\/wp\/v2\/comments?post=6496"}],"version-history":[{"count":0,"href":"https:\/\/portalv1.com.br\/api\/wp\/v2\/posts\/6496\/revisions"}],"wp:attachment":[{"href":"https:\/\/portalv1.com.br\/api\/wp\/v2\/media?parent=6496"}],"wp:term":[{"taxonomy":"category","embeddable":true,"href":"https:\/\/portalv1.com.br\/api\/wp\/v2\/categories?post=6496"},{"taxonomy":"post_tag","embeddable":true,"href":"https:\/\/portalv1.com.br\/api\/wp\/v2\/tags?post=6496"}],"curies":[{"name":"wp","href":"https:\/\/api.w.org\/{rel}","templated":true}]}}