{"id":64970,"date":"2018-11-13T12:09:20","date_gmt":"2018-11-13T15:09:20","guid":{"rendered":"https:\/\/portalv1.com.br\/?p=64970"},"modified":"2018-11-17T23:14:08","modified_gmt":"2018-11-18T02:14:08","slug":"eleicao-da-oab-pi-lucas-villa-recebe-apoio-de-advogados-valencianos","status":"publish","type":"post","link":"https:\/\/portalv1.com.br\/eleicao-da-oab-pi-lucas-villa-recebe-apoio-de-advogados-valencianos\/","title":{"rendered":"Elei\u00e7\u00e3o da OAB-PI: Lucas Villa recebe apoio de advogados valencianos"},"content":{"rendered":"<figure id=\"attachment_64971\" aria-describedby=\"caption-attachment-64971\" style=\"width: 480px\" class=\"wp-caption aligncenter\"><a href=\"https:\/\/portalv1.com.br\/app\/wp-content\/uploads\/2018\/11\/79de0980-71b8-4297-b3a6-2ac5980756c8-Copy.jpg\"><img loading=\"lazy\" decoding=\"async\" class=\"size-full wp-image-64971\" src=\"https:\/\/portalv1.com.br\/app\/wp-content\/uploads\/2018\/11\/79de0980-71b8-4297-b3a6-2ac5980756c8-Copy.jpg\" alt=\"\" width=\"480\" height=\"480\" srcset=\"https:\/\/portalv1.com.br\/app\/wp-content\/uploads\/2018\/11\/79de0980-71b8-4297-b3a6-2ac5980756c8-Copy.jpg 480w, https:\/\/portalv1.com.br\/app\/wp-content\/uploads\/2018\/11\/79de0980-71b8-4297-b3a6-2ac5980756c8-Copy-100x100.jpg 100w, https:\/\/portalv1.com.br\/app\/wp-content\/uploads\/2018\/11\/79de0980-71b8-4297-b3a6-2ac5980756c8-Copy-300x300.jpg 300w\" sizes=\"auto, (max-width: 480px) 100vw, 480px\" \/><\/a><figcaption id=\"caption-attachment-64971\" class=\"wp-caption-text\">Ordem dos Advogados do Brasil<\/figcaption><\/figure>\n<p>O candidato \u00e0 presidente da Ordem dos Advogados do Brasil, Sec\u00e7\u00e3o Piau\u00ed (OAB-PI), Lucas Villa, foi o candidato escolhido pela Chapa 01 da Subse\u00e7\u00e3o da OAB de Valen\u00e7a liderado pela advogada Dr\u00aa Martalene Silva que \u00e9 candidata \u00fanica a presidente da subse\u00e7\u00e3o valenciana.<\/p>\n<p>Na semana passada, ela e toda a diretoria formada pelos advogados Dr. Filipe Rufino, Dr\u00aa Graciane Pimentel, Evandro Nogueira e Dr\u00aa Amara Rosana declaram apoio a campanha de Lucas Villa para o pleito do dia 24 de novembro pr\u00f3ximo.<\/p>\n<p>De acordo com Martalene Silva, a decis\u00e3o em apoiar a Chapa 01 aconteceu ap\u00f3s uma s\u00e9rie de reuni\u00f5es com todos os quatro candidatos a OAB-Piaui, Lucas Villa, Carlos Henrique, Ge\u00f3rgia Nunes e Celso Barros Neto.<\/p>\n<p>Para ela, a proposta mais receptiva ao projeto da Subse\u00e7\u00e3o de Valen\u00e7a foi o da Chapa 01 liderada pelos advogados Lucas Villa e Naiara Moraes, que segundo a advogada deve visitar Valen\u00e7a nos pr\u00f3ximos dias.<\/p>\n","protected":false},"excerpt":{"rendered":"<p>O candidato \u00e0 presidente da Ordem dos Advogados do Brasil, Sec\u00e7\u00e3o Piau\u00ed (OAB-PI), Lucas Villa, foi o candidato escolhido pela Chapa 01 da Subse\u00e7\u00e3o da OAB de Valen\u00e7a liderado pela&#8230;<\/p>\n","protected":false},"author":1,"featured_media":64971,"comment_status":"open","ping_status":"open","sticky":false,"template":"","format":"standard","meta":{"ngg_post_thumbnail":0,"footnotes":""},"categories":[12],"tags":[],"class_list":["post-64970","post","type-post","status-publish","format-standard","has-post-thumbnail","hentry","category-valenca-news"],"views":3291,"meta_data":{"thumb":"https:\/\/portalv1.com.br\/app\/wp-content\/uploads\/2018\/11\/79de0980-71b8-4297-b3a6-2ac5980756c8-Copy.jpg","imagem":{"fullsize":{"url":"https:\/\/portalv1.com.br\/app\/wp-content\/uploads\/2018\/11\/79de0980-71b8-4297-b3a6-2ac5980756c8-Copy.jpg","width":480,"height":480},"thumbnail":{"url":"https:\/\/portalv1.com.br\/app\/wp-content\/uploads\/2018\/11\/79de0980-71b8-4297-b3a6-2ac5980756c8-Copy-100x100.jpg","width":100,"height":100},"medium":{"url":"https:\/\/portalv1.com.br\/app\/wp-content\/uploads\/2018\/11\/79de0980-71b8-4297-b3a6-2ac5980756c8-Copy-300x300.jpg","width":300,"height":300}},"data":{"simple":"13\/11\/2018","date_time":"13\/11\/2018 09:09:20","date":"h\u00e1 7 anos"},"chapeu":"Chapa 01","source":"retirar"},"_links":{"self":[{"href":"https:\/\/portalv1.com.br\/api\/wp\/v2\/posts\/64970","targetHints":{"allow":["GET"]}}],"collection":[{"href":"https:\/\/portalv1.com.br\/api\/wp\/v2\/posts"}],"about":[{"href":"https:\/\/portalv1.com.br\/api\/wp\/v2\/types\/post"}],"author":[{"embeddable":true,"href":"https:\/\/portalv1.com.br\/api\/wp\/v2\/users\/1"}],"replies":[{"embeddable":true,"href":"https:\/\/portalv1.com.br\/api\/wp\/v2\/comments?post=64970"}],"version-history":[{"count":0,"href":"https:\/\/portalv1.com.br\/api\/wp\/v2\/posts\/64970\/revisions"}],"wp:featuredmedia":[{"embeddable":true,"href":"https:\/\/portalv1.com.br\/api\/wp\/v2\/media\/64971"}],"wp:attachment":[{"href":"https:\/\/portalv1.com.br\/api\/wp\/v2\/media?parent=64970"}],"wp:term":[{"taxonomy":"category","embeddable":true,"href":"https:\/\/portalv1.com.br\/api\/wp\/v2\/categories?post=64970"},{"taxonomy":"post_tag","embeddable":true,"href":"https:\/\/portalv1.com.br\/api\/wp\/v2\/tags?post=64970"}],"curies":[{"name":"wp","href":"https:\/\/api.w.org\/{rel}","templated":true}]}}