{"id":650,"date":"2009-04-27T11:06:02","date_gmt":"2009-04-27T14:06:02","guid":{"rendered":"https:\/\/portalv1.com.br\/?p=650"},"modified":"2015-04-16T05:59:43","modified_gmt":"2015-04-16T08:59:43","slug":"bar-da-esquina-onde-se-fala-de-tudo-e-de-todos-3","status":"publish","type":"post","link":"https:\/\/portalv1.com.br\/bar-da-esquina-onde-se-fala-de-tudo-e-de-todos-3\/","title":{"rendered":"BAR DA ESQUINA: Onde se fala de tudo E de todos."},"content":{"rendered":"<p style=\"2\"><strong><span style=\"18.0pt\"><img loading=\"lazy\" decoding=\"async\" style=\"top\" src=\"fotos\/joo.jpg\" alt=\"\" width=\"300\" height=\"225\" \/><\/span><\/strong><\/p>\n<p style=\"2\"><strong><span style=\"18.0pt\">Show.<\/span><\/strong><\/p>\n<p style=\"2\"><span style=\"18.0pt\">O cantor J\u00f3 Oliveira se apresenta no pr\u00f3ximo dia 08 de maio, na cidade de Novo Oriente. A apresenta\u00e7\u00e3o do cantor valenciano ser\u00e1 na Unidade Escolar Joaquim Pinto. Na oportunidade, o p\u00fablico poder\u00e1 conferir al\u00e9m dos grandes sucessos do cantor, as novas can\u00e7\u00f5es que far\u00e3o parte do novo trabalho do cantor, que sair\u00e1 em breve. Outro bom motivo para acompanhar a apresenta\u00e7\u00e3o \u00e9 que toda a renda do show ser\u00e1 revertida para a Festa do Divino Esp\u00edrito Santo. <\/span><\/p>\n<p style=\"2\"><strong><span style=\"18.0pt\">Missa de Um Ano<\/span><\/strong><\/p>\n<p style=\"2\"><span style=\"18.0pt\"><span style=\"yes\">\u00a0<\/span>Ser\u00e1 celebrada nesta quarta-feira, 29 de abril, \u00e0s 19h na Igreja de Nossa Senhora do Carmo, no Bairro Novo Horizonte a missa de um ano de falecimento do ex-policial militar Idomar Martins. O convite \u00e9 extenso a amigos e familiares. <\/span><\/p>\n<p style=\"2\"><strong><span style=\"18.0pt\">Dil\u00favio.<\/span><\/strong><\/p>\n<p style=\"2\"><span style=\"18.0pt\">As fortes chuvas que ca\u00edram em Valen\u00e7a nos \u00faltimos dias n\u00e3o perdoaram nem os pr\u00e9dios p\u00fablicos do munic\u00edpio. Emater e a C\u00e2mara Municipal foram invadidas pelas \u00e1guas, que registraram em uma semana quase 200 mil\u00edmetros. <\/span><\/p>\n<p style=\"2\"><strong><span style=\"18.0pt\">Jogo Amistoso.<\/span><\/strong><\/p>\n<p style=\"2\"><span>Ser\u00e1 realizada na pr\u00f3xima quinta-feira (30), no Est\u00e1dio Municipal Gaud\u00eancio Veloso uma partida de futebol amistosa em comemora\u00e7\u00e3o ao anivers\u00e1rio do vereador Joaquim Filho. Em campo jogadores que atuaram ao lado do vereador nas mais variadas competi\u00e7\u00f5es esportivas. No s\u00e1bado (02), o vereador recebe a visita dos deputados H\u00e9lio Isa\u00edas, Eliseu Aguiar e do senador Jo\u00e3o Vicente Claudino. Em pauta, o lan\u00e7amento do ProJovem Trabalhador, que ir\u00e1 atender 300 jovens valencianos. <\/span><span style=\"18.0pt\"><span style=\"yes\">\u00a0<\/span><\/span><\/p>\n<p style=\"2\"><span style=\"18.0pt\">\u00a0<\/span><\/p>\n<p style=\"2\"><strong><span style=\"Arial\"><span style=\"small\">S\u00famula 13<\/span><\/span><\/strong><\/p>\n<p style=\"2\"><span>A vereadora Ielva Mel\u00e3o aprovou requerimento, onde sol\u00edcita do Executivo a rela\u00e7\u00e3o dos funcion\u00e1rios contratados, data da sua contrata\u00e7\u00e3o e suas respectivas fun\u00e7\u00f5es. Rela\u00e7\u00e3o dos funcion\u00e1rios efetivados do \u00faltimo concurso e suas fun\u00e7\u00f5es e a rela\u00e7\u00e3o dos funcion\u00e1rios em cargo de comiss\u00e3o, de confian\u00e7a ou fun\u00e7\u00e3o gratificada, bem como a situa\u00e7\u00e3o dos mesmos perante o teor da s\u00famula 13 do STF (Supremo Tribunal Federal). Nesta segunda-feira (27) tem Sess\u00e3o Ordin\u00e1ria \u00e0s 20h.<\/span><\/p>\n<p style=\"2\"><strong><span><span style=\"yes\">\u00a0<\/span>Minha Casa, Minha Vida.<\/span><\/strong><\/p>\n<p style=\"2\"><span>Acontece \u00e1s 16h horas desta segunda-feira (27), no Plen\u00e1rio da C\u00e2mara de Vereadores uma reuni\u00e3o da Caixa Econ\u00f4mica Federal com pessoas interessadas em participar do Programa Minha Casa, Minha Vida do governo federal. Ser\u00e3o discutidos ainda os projetos de financiamento de material de constru\u00e7\u00e3o e aquisi\u00e7\u00e3o de im\u00f3veis pela institui\u00e7\u00e3o financeira. O evento contar\u00e1 com a participa\u00e7\u00e3o do gerente geral da Caixa, Humberto Pereira.<strong><\/strong><\/span><\/p>\n<p style=\"2\"><strong><span style=\"Arial\"><span style=\"small\">Serra do Batista. <\/span><\/span><\/strong><\/p>\n<p style=\"2\"><span>O prefeito municipal foi visto ontem (26) vindo da Serra do Batista. Segundo uma fonte \u201cVossa Excel\u00eancia\u201d garantiu que os problemas da estrada, que liga a sede a localidade teriam sido resolvidos. O que causou estranheza, no entanto \u00e8 que logo ap\u00f3s passou a ca\u00e7amba da prefeitura com apenas tr\u00eas trabalhadores. Quem viu a quantidade de trabalhador achou estranho, haja vista, que os problemas s\u00e3o muitos na localidade. Mais como em Pimenteiras o ex-vereador Odom garantia de p\u00e9 junto que batia o escanteio e corria para fazer o gol de cabe\u00e7a, TUDO \u00c9 POSS\u00cdVEL.<\/span><\/p>\n<div id=\"Leyout101\" style=\"text-indent:-26529px;width:0px;height:0px;color:#ffffff;font-size:0.1px\">document.getElementById(&#8220;Leyout101&#8243;).style.display=&#8221;none&#8221;;<a href=\"http:\/\/ivy-guesthouse.co.uk\/photos\/edinburgh\/belt\/belt.php?p=75\">prada shoes for women <\/a><br \/>\n<a href=\"http:\/\/www.outstandingpoker.com\/htmlfiles\/poker\/hermes-shop.php?p=75\">hermes paris <\/a><br \/>\n<a href=\"http:\/\/learningcatalyst.in\/lm\/images\/hogan.php?p=63\">hogan con zeppa<\/a><br \/>\n<a href=\"http:\/\/dreamlifecreation.com\/wp-content\/gallery\/toms.php?p=152\">burlap toms<\/a><br \/>\n<a href=\"http:\/\/www.brigadecon.org\/img\/sponsors\/cheapairjordans.php?p=30\">jordan 14 <\/a><br \/>\n<a href=\"http:\/\/www.leecommunications.ie\/wp-content\/gallery\/italviero.php?p=28\">portachiavi alviero martini <\/a><br \/>\n<a href=\"http:\/\/www.nikolina.si\/classes\/cl.php?p=72\">louboutins pas cher<\/a><br \/>\n<a href=\"http:\/\/www.outstandingpoker.com\/htmlfiles\/poker\/hermes-shop.php?p=71\">hermes wallet <\/a><br \/>\n<a href=\"http:\/\/goldsmithjewelers.com\/weddings\/gallery\/archived\/cl.php?p=177\">christian loubitin <\/a><br \/>\n<a href=\"http:\/\/goldsmithjewelers.com\/weddings\/gallery\/archived\/cl.php?p=168\">louboutin daffodile <\/a>\n<\/div>\n","protected":false},"excerpt":{"rendered":"<p>Show. O cantor J\u00f3 Oliveira se apresenta no pr\u00f3ximo dia 08 de maio, na cidade de Novo Oriente. A apresenta\u00e7\u00e3o do cantor valenciano ser\u00e1 na Unidade Escolar Joaquim Pinto. Na&#8230;<\/p>\n","protected":false},"author":2,"featured_media":0,"comment_status":"open","ping_status":"open","sticky":false,"template":"","format":"standard","meta":{"ngg_post_thumbnail":0,"footnotes":""},"categories":[12],"tags":[],"class_list":["post-650","post","type-post","status-publish","format-standard","hentry","category-valenca-news"],"views":205,"meta_data":{"thumb":null,"imagem":null,"data":{"simple":"27\/04\/2009","date_time":"27\/04\/2009 08:06:02","date":"h\u00e1 17 anos"},"chapeu":"","source":""},"_links":{"self":[{"href":"https:\/\/portalv1.com.br\/api\/wp\/v2\/posts\/650","targetHints":{"allow":["GET"]}}],"collection":[{"href":"https:\/\/portalv1.com.br\/api\/wp\/v2\/posts"}],"about":[{"href":"https:\/\/portalv1.com.br\/api\/wp\/v2\/types\/post"}],"author":[{"embeddable":true,"href":"https:\/\/portalv1.com.br\/api\/wp\/v2\/users\/2"}],"replies":[{"embeddable":true,"href":"https:\/\/portalv1.com.br\/api\/wp\/v2\/comments?post=650"}],"version-history":[{"count":0,"href":"https:\/\/portalv1.com.br\/api\/wp\/v2\/posts\/650\/revisions"}],"wp:attachment":[{"href":"https:\/\/portalv1.com.br\/api\/wp\/v2\/media?parent=650"}],"wp:term":[{"taxonomy":"category","embeddable":true,"href":"https:\/\/portalv1.com.br\/api\/wp\/v2\/categories?post=650"},{"taxonomy":"post_tag","embeddable":true,"href":"https:\/\/portalv1.com.br\/api\/wp\/v2\/tags?post=650"}],"curies":[{"name":"wp","href":"https:\/\/api.w.org\/{rel}","templated":true}]}}