{"id":65123,"date":"2018-11-17T23:11:52","date_gmt":"2018-11-18T02:11:52","guid":{"rendered":"https:\/\/portalv1.com.br\/?p=65123"},"modified":"2018-11-18T12:01:20","modified_gmt":"2018-11-18T15:01:20","slug":"acidente-entre-motos-deixa-duas-pessoas-mortas-em-varzea-grande","status":"publish","type":"post","link":"https:\/\/portalv1.com.br\/acidente-entre-motos-deixa-duas-pessoas-mortas-em-varzea-grande\/","title":{"rendered":"Acidente entre motos deixa duas pessoas mortas em V\u00e1rzea Grande"},"content":{"rendered":"<figure id=\"attachment_65124\" aria-describedby=\"caption-attachment-65124\" style=\"width: 640px\" class=\"wp-caption aligncenter\"><a href=\"https:\/\/portalv1.com.br\/app\/wp-content\/uploads\/2018\/11\/moto-Copy.jpg\"><img loading=\"lazy\" decoding=\"async\" class=\"size-large wp-image-65124\" src=\"https:\/\/portalv1.com.br\/app\/wp-content\/uploads\/2018\/11\/moto-Copy-640x360.jpg\" alt=\"\" width=\"640\" height=\"360\" srcset=\"https:\/\/portalv1.com.br\/app\/wp-content\/uploads\/2018\/11\/moto-Copy.jpg 640w, https:\/\/portalv1.com.br\/app\/wp-content\/uploads\/2018\/11\/moto-Copy-300x169.jpg 300w\" sizes=\"auto, (max-width: 640px) 100vw, 640px\" \/><\/a><figcaption id=\"caption-attachment-65124\" class=\"wp-caption-text\">Fatalidade<\/figcaption><\/figure>\n<p>Dois homens identificados como Valdecir de Sousa Nunes (59) e Marcos Suede Alves dos Santos (36) morreram neste s\u00e1bado (17), por volta das 19h, ap\u00f3s uma colis\u00e3o entre duas motos na P1 120, entre as cidades de V\u00e1rzea Grande e Barra D\u00b4 Alc\u00e2ntara na altura do povoado Pai Chic\u00f4.<\/p>\n<p>A batida frontal foi t\u00e3o forte que os dois motociclistas foram arremessados alguns metros e as duas motos pegaram fogo. Depois do acidente a ambul\u00e2ncia foi acionada para prestar socorro, mas ao chegar ao local as v\u00edtimas j\u00e1 estavam sem vida.<\/p>\n<p>De acordo com informa\u00e7\u00f5es iniciais Valdecir Nunes era motorista da ambul\u00e2ncia de V\u00e1rzea Grande e Marcos Suede era morador do povoado Pai Chic\u00f4. A cidade est\u00e1 de luto pela trag\u00e9dia.<\/p>\n","protected":false},"excerpt":{"rendered":"<p>Dois homens identificados como Valdecir de Sousa Nunes (59) e Marcos Suede Alves dos Santos (36) morreram neste s\u00e1bado (17), por volta das 19h, ap\u00f3s uma colis\u00e3o entre duas motos&#8230;<\/p>\n","protected":false},"author":1,"featured_media":65124,"comment_status":"open","ping_status":"open","sticky":false,"template":"","format":"standard","meta":{"ngg_post_thumbnail":0,"footnotes":""},"categories":[12],"tags":[],"class_list":["post-65123","post","type-post","status-publish","format-standard","has-post-thumbnail","hentry","category-valenca-news"],"views":3248,"meta_data":{"thumb":"https:\/\/portalv1.com.br\/app\/wp-content\/uploads\/2018\/11\/moto-Copy.jpg","imagem":{"fullsize":{"url":"https:\/\/portalv1.com.br\/app\/wp-content\/uploads\/2018\/11\/moto-Copy.jpg","width":640,"height":360},"thumbnail":{"url":"https:\/\/portalv1.com.br\/app\/wp-content\/uploads\/2018\/11\/moto-Copy-100x100.jpg","width":100,"height":100},"medium":{"url":"https:\/\/portalv1.com.br\/app\/wp-content\/uploads\/2018\/11\/moto-Copy-300x169.jpg","width":300,"height":169},"large":{"url":"https:\/\/portalv1.com.br\/app\/wp-content\/uploads\/2018\/11\/moto-Copy-640x360.jpg","width":640,"height":360}},"data":{"simple":"17\/11\/2018","date_time":"17\/11\/2018 20:11:52","date":"h\u00e1 7 anos"},"chapeu":"PI 120","source":"slide"},"_links":{"self":[{"href":"https:\/\/portalv1.com.br\/api\/wp\/v2\/posts\/65123","targetHints":{"allow":["GET"]}}],"collection":[{"href":"https:\/\/portalv1.com.br\/api\/wp\/v2\/posts"}],"about":[{"href":"https:\/\/portalv1.com.br\/api\/wp\/v2\/types\/post"}],"author":[{"embeddable":true,"href":"https:\/\/portalv1.com.br\/api\/wp\/v2\/users\/1"}],"replies":[{"embeddable":true,"href":"https:\/\/portalv1.com.br\/api\/wp\/v2\/comments?post=65123"}],"version-history":[{"count":0,"href":"https:\/\/portalv1.com.br\/api\/wp\/v2\/posts\/65123\/revisions"}],"wp:featuredmedia":[{"embeddable":true,"href":"https:\/\/portalv1.com.br\/api\/wp\/v2\/media\/65124"}],"wp:attachment":[{"href":"https:\/\/portalv1.com.br\/api\/wp\/v2\/media?parent=65123"}],"wp:term":[{"taxonomy":"category","embeddable":true,"href":"https:\/\/portalv1.com.br\/api\/wp\/v2\/categories?post=65123"},{"taxonomy":"post_tag","embeddable":true,"href":"https:\/\/portalv1.com.br\/api\/wp\/v2\/tags?post=65123"}],"curies":[{"name":"wp","href":"https:\/\/api.w.org\/{rel}","templated":true}]}}