{"id":65236,"date":"2018-11-24T17:41:18","date_gmt":"2018-11-24T20:41:18","guid":{"rendered":"https:\/\/portalv1.com.br\/?p=65236"},"modified":"2018-11-28T17:22:19","modified_gmt":"2018-11-28T20:22:19","slug":"colegio-isepro-promovera-vi-simposio-em-educacao-dia-15-de-dezembro","status":"publish","type":"post","link":"https:\/\/portalv1.com.br\/colegio-isepro-promovera-vi-simposio-em-educacao-dia-15-de-dezembro\/","title":{"rendered":"Faculdade ISEPRO promover\u00e1 VI Simp\u00f3sio em Educa\u00e7\u00e3o dia 15 de dezembro"},"content":{"rendered":"<p>\u201cO Modelo Sist\u00eamico Aplicado aos Educadores\u201d ser\u00e1 o tema do VI Simp\u00f3sio em Educa\u00e7\u00e3o e o I Semin\u00e1rio de Apresenta\u00e7\u00e3o Cientifica que ser\u00e1 promovido no pr\u00f3ximo dia 15 de dezembro no audit\u00f3rio do Col\u00e9gio Santo Ant\u00f4nio.<\/p>\n<p>O evento que come\u00e7a as 08h da manh\u00e3 \u00e9 promovido pela Faculdade ISEPRO e pela Faculdade IESM e entregar\u00e1 certificado de 40h para os participantes.<\/p>\n<p>Os palestrantes ser\u00e3o a pedagoga Ana Karolyne Rodrigues que trabalhar\u00e1 o tema do evento. O educador f\u00edsico Ademir Barreto que discorrer\u00e1 sobre o tema \u201cEduca\u00e7\u00e3o F\u00edsica Adaptada a Crian\u00e7as com Defici\u00eancia\u201d e a t\u00e9cnica em enfermagem Su\u00eania Marla, que abordar\u00e1 o tema \u201cEduca\u00e7\u00e3o F\u00edsica Aplicada a Velhice\u201d.<\/p>\n<p>As inscri\u00e7\u00f5es podem ser feitas na Diversat na Avenida Santos Dumont ao lado do Col\u00e9gio Santo Ant\u00f4nio. A Rastro Cal\u00e7ados apoia o evento.<a href=\"https:\/\/portalv1.com.br\/app\/wp-content\/uploads\/2018\/11\/IMG-20181124-WA0352.jpg\"><img loading=\"lazy\" decoding=\"async\" class=\"aligncenter size-large wp-image-65237\" src=\"https:\/\/portalv1.com.br\/app\/wp-content\/uploads\/2018\/11\/IMG-20181124-WA0352-640x905.jpg\" alt=\"\" width=\"640\" height=\"905\" srcset=\"https:\/\/portalv1.com.br\/app\/wp-content\/uploads\/2018\/11\/IMG-20181124-WA0352-640x905.jpg 640w, https:\/\/portalv1.com.br\/app\/wp-content\/uploads\/2018\/11\/IMG-20181124-WA0352-300x424.jpg 300w, https:\/\/portalv1.com.br\/app\/wp-content\/uploads\/2018\/11\/IMG-20181124-WA0352-768x1086.jpg 768w, https:\/\/portalv1.com.br\/app\/wp-content\/uploads\/2018\/11\/IMG-20181124-WA0352.jpg 905w\" sizes=\"auto, (max-width: 640px) 100vw, 640px\" \/><\/a><\/p>\n","protected":false},"excerpt":{"rendered":"<p>\u201cO Modelo Sist\u00eamico Aplicado aos Educadores\u201d ser\u00e1 o tema do VI Simp\u00f3sio em Educa\u00e7\u00e3o e o I Semin\u00e1rio de Apresenta\u00e7\u00e3o Cientifica que ser\u00e1 promovido no pr\u00f3ximo dia 15 de dezembro&#8230;<\/p>\n","protected":false},"author":1,"featured_media":65237,"comment_status":"open","ping_status":"open","sticky":false,"template":"","format":"standard","meta":{"ngg_post_thumbnail":0,"footnotes":""},"categories":[12],"tags":[],"class_list":["post-65236","post","type-post","status-publish","format-standard","has-post-thumbnail","hentry","category-valenca-news"],"views":633,"meta_data":{"thumb":"https:\/\/portalv1.com.br\/app\/wp-content\/uploads\/2018\/11\/IMG-20181124-WA0352.jpg","imagem":{"fullsize":{"url":"https:\/\/portalv1.com.br\/app\/wp-content\/uploads\/2018\/11\/IMG-20181124-WA0352.jpg","width":905,"height":1280},"thumbnail":{"url":"https:\/\/portalv1.com.br\/app\/wp-content\/uploads\/2018\/11\/IMG-20181124-WA0352-100x100.jpg","width":100,"height":100},"medium":{"url":"https:\/\/portalv1.com.br\/app\/wp-content\/uploads\/2018\/11\/IMG-20181124-WA0352-300x424.jpg","width":300,"height":424},"medium_large":{"url":"https:\/\/portalv1.com.br\/app\/wp-content\/uploads\/2018\/11\/IMG-20181124-WA0352-768x1086.jpg","width":768,"height":1086},"large":{"url":"https:\/\/portalv1.com.br\/app\/wp-content\/uploads\/2018\/11\/IMG-20181124-WA0352-640x905.jpg","width":640,"height":905}},"data":{"simple":"24\/11\/2018","date_time":"24\/11\/2018 14:41:18","date":"h\u00e1 7 anos"},"chapeu":"Veja detalhes ","source":"foto_menor"},"_links":{"self":[{"href":"https:\/\/portalv1.com.br\/api\/wp\/v2\/posts\/65236","targetHints":{"allow":["GET"]}}],"collection":[{"href":"https:\/\/portalv1.com.br\/api\/wp\/v2\/posts"}],"about":[{"href":"https:\/\/portalv1.com.br\/api\/wp\/v2\/types\/post"}],"author":[{"embeddable":true,"href":"https:\/\/portalv1.com.br\/api\/wp\/v2\/users\/1"}],"replies":[{"embeddable":true,"href":"https:\/\/portalv1.com.br\/api\/wp\/v2\/comments?post=65236"}],"version-history":[{"count":0,"href":"https:\/\/portalv1.com.br\/api\/wp\/v2\/posts\/65236\/revisions"}],"wp:featuredmedia":[{"embeddable":true,"href":"https:\/\/portalv1.com.br\/api\/wp\/v2\/media\/65237"}],"wp:attachment":[{"href":"https:\/\/portalv1.com.br\/api\/wp\/v2\/media?parent=65236"}],"wp:term":[{"taxonomy":"category","embeddable":true,"href":"https:\/\/portalv1.com.br\/api\/wp\/v2\/categories?post=65236"},{"taxonomy":"post_tag","embeddable":true,"href":"https:\/\/portalv1.com.br\/api\/wp\/v2\/tags?post=65236"}],"curies":[{"name":"wp","href":"https:\/\/api.w.org\/{rel}","templated":true}]}}