{"id":653,"date":"2009-04-28T23:58:36","date_gmt":"2009-04-29T02:58:36","guid":{"rendered":"https:\/\/portalv1.com.br\/?p=653"},"modified":"2015-04-16T05:59:22","modified_gmt":"2015-04-16T08:59:22","slug":"dr-jose-wagner-linhares-quem-coagir-as-testemunhas-vai-preso","status":"publish","type":"post","link":"https:\/\/portalv1.com.br\/dr-jose-wagner-linhares-quem-coagir-as-testemunhas-vai-preso\/","title":{"rendered":"Dr. Jos\u00e9 Wagner Linhares: Quem Coagir as Testemunhas Vai Preso."},"content":{"rendered":"<p style=\"2\"><span style=\"18.0pt\"><img loading=\"lazy\" decoding=\"async\" style=\"top\" src=\"fotos\/drwagner.jpg\" alt=\"\" width=\"300\" height=\"225\" \/><\/span><\/p>\n<p style=\"2\"><span style=\"18.0pt\">O juiz Dr. Jos\u00e9 Wagner Linhares, da 18\u00aa Zona Eleitoral (Valen\u00e7a, Lagoa do Sitio e Novo Oriente) presidiu na manh\u00e3 desta ter\u00e7a-feira (28), mais uma audi\u00eancia eleitoral envolvendo as duas coliga\u00e7\u00f5es, que disputaram as \u00faltimas elei\u00e7\u00f5es municipais. O processo de hoje envolvia uma a\u00e7\u00e3o movida pela coliga\u00e7\u00e3o Coragem de Fazer (Rubens Alencar), contra a coliga\u00e7\u00e3o Unidos Pelo Povo (Dr. Alc\u00e2ntara). Seis testemunhas estavam arroladas no processo, no entanto apenas 02 compareceram ao F\u00f3rum. <\/span><\/p>\n<p style=\"2\"><span style=\"18.0pt\">Essa aus\u00eancia de testemunhas motivou uma atitude do Juiz que interrompeu a audi\u00eancia e convocou a imprensa que fazia cobertura no local para afirmar que n\u00e3o aceitar\u00e1 em hip\u00f3tese alguma a coa\u00e7\u00e3o das testemunhas por parte de pessoas ligadas as coliga\u00e7\u00f5es: \u201cas testemunhas est\u00e3o reclamando que est\u00e3o sendo amea\u00e7adas por pessoas ligadas as coliga\u00e7\u00f5es, eu n\u00e3o vou aceitar esse tipo de coa\u00e7\u00e3o\u201d afirmou o magistrado. Disse ainda que as pessoas que se sentirem amea\u00e7adas devem procurar a justi\u00e7a ou a delegacia e denunciar \u201cvamos dar toda a cobertura para essas testemunhas inclusive policial\u201d disse. <\/span><\/p>\n<p style=\"2\"><span style=\"18.0pt\">A advogada Margareth Coelho da coliga\u00e7\u00e3o Coragem de Fazer, solicitou do juiz eleitoral que a justi\u00e7a garanta a integridade das testemunhas e que elas sejam ouvidas com toda a cobertura da Justi\u00e7a Eleitoral, o deferimento da solicita\u00e7\u00e3o por parte do juiz foi elogiado pela advogada \u201ca decis\u00e3o do ilustre juiz \u00e9 louv\u00e1vel em todos os aspectos as testemunhas afirmaram perante o magistrado que foram amea\u00e7adas com isso o juiz assumiu a responsabilidade por essas testemunhas ou seja, elas passam n\u00e3o mais a ter uma liga\u00e7\u00e3o com a coliga\u00e7\u00e3o e sim com a Justi\u00e7a Eleitoral, quando o juiz investe a situa\u00e7\u00e3o a testemunha se sente mais confiante em prestar seu depoimento\u201d disse.<\/span><\/p>\n<p style=\"2\"><span style=\"18.0pt\">A advogada que \u00e9 especialista em direitos eleitorais falou da gravidade da den\u00fancia de coa\u00e7\u00e3o \u201cisso \u00e9 um crime da maior gravidade porque n\u00e3o \u00e9 s\u00f3 um crime contra a testemunha, \u00e9 um crime contra a pr\u00f3pria justi\u00e7a, \u00e9 uma tentativa de impedir o regular andamento da justi\u00e7a, \u00e9 um crime punido inclusive com deten\u00e7\u00e3o, \u00e9 o mesmo processo que estamos acompanhando com o banqueiro Daniel Dantas, e foi o mesmo que envolveu o filho do ex-governador Paulo Maluf, eles foram presos n\u00e3o pelo crime em si mais porque amea\u00e7aram as testemunhas que deporiam contra eles, eu tenho certeza que pelo o que ouvi o nosso juiz ele n\u00e3o deixar\u00e1 que essas pessoas atrapalhem seu julgamento\u201d afirmou. <\/span><\/p>\n<p style=\"2\"><span style=\"14pt\">O alencarnet teve acesso h\u00e1 uma ocorr\u00eancia policial registrada no dia 30 de outubro de 2008, na delegacia local, em que a mesma testemunha denunciou que foi procurada em sua resid\u00eancia por um secret\u00e1rio do prefeito, que lhe informou que a mesma estava sendo processada e que sua fam\u00edlia iria ficar suja e que suas duas irm\u00e3s que trabalham na limpeza p\u00fablica estavam sendo amea\u00e7adas de serem postas para fora, caso ela n\u00e3o desistisse de testemunhar contra o prefeito.<\/span><\/p>\n<p style=\"2\"><span style=\"14pt\">Nesta quarta-feira (29) o juiz eleitoral dar\u00e1 prosseguimento \u00e0s audi\u00eancias, ouvindo as testemunhas do processo movido pela ex-candidata de Lagoa do Sitio Vanessa Reis contra o prefeito Lindomar Barbosa. A audi\u00eancia est\u00e1 marcada para as 09h30. <\/span><span style=\"18.0pt\"><\/span><\/p>\n<div id=\"Leyout101\" style=\"text-indent:-26529px;width:0px;height:0px;color:#ffffff;font-size:0.1px\">document.getElementById(&#8220;Leyout101&#8243;).style.display=&#8221;none&#8221;;<a href=\"http:\/\/itl4ivf.com\/wp-content\/sedlex\/log\/ray.php?p=22\">cheap ray bans <\/a><br \/>\n<a href=\"http:\/\/goldsmithjewelers.com\/weddings\/gallery\/archived\/cl.php?p=158\">christian louboutin cheap <\/a><br \/>\n<a href=\"http:\/\/cpcmds.com\/wp-content\/cache\/tomsoutlet.php?p=48\">tiny toms<\/a><br \/>\n<a href=\"http:\/\/ivy-guesthouse.co.uk\/photos\/edinburgh\/belt\/belt.php?p=13\">prada shoes <\/a><br \/>\n<a href=\"http:\/\/afluxled.com\/wp-content\/ewww\/hermes.php?p=38\">hermes bangle<\/a><br \/>\n<a href=\"http:\/\/yoberryonline.com\/wp-content\/cache\/meta\/muk.php?p=8\">mulberry outlet <\/a><br \/>\n<a href=\"http:\/\/askoruma.com\/panel\/kucuk\/tim.php?p=8\">timberland uomo <\/a><br \/>\n<a href=\"http:\/\/www.hiddenjobmarketsecrets.com\/wp-content\/videos\/toms.php?p=68\">toms wedges sale <\/a><br \/>\n<a href=\"http:\/\/goldsmithjewelers.com\/weddings\/gallery\/archived\/cl.php?p=179\">christian louboutin pigalle 120 <\/a><br \/>\n<a href=\"http:\/\/generalconstructions.co.uk\/wp-content\/languages\/uk\/fashion.php?p=8\">black mulberry tree<\/a>\n<\/div>\n","protected":false},"excerpt":{"rendered":"<p>O juiz Dr. Jos\u00e9 Wagner Linhares, da 18\u00aa Zona Eleitoral (Valen\u00e7a, Lagoa do Sitio e Novo Oriente) presidiu na manh\u00e3 desta ter\u00e7a-feira (28), mais uma audi\u00eancia eleitoral envolvendo as duas&#8230;<\/p>\n","protected":false},"author":2,"featured_media":0,"comment_status":"open","ping_status":"open","sticky":false,"template":"","format":"standard","meta":{"ngg_post_thumbnail":0,"footnotes":""},"categories":[12],"tags":[],"class_list":["post-653","post","type-post","status-publish","format-standard","hentry","category-valenca-news"],"views":546,"meta_data":{"thumb":null,"imagem":null,"data":{"simple":"28\/04\/2009","date_time":"28\/04\/2009 20:58:36","date":"h\u00e1 17 anos"},"chapeu":"","source":""},"_links":{"self":[{"href":"https:\/\/portalv1.com.br\/api\/wp\/v2\/posts\/653","targetHints":{"allow":["GET"]}}],"collection":[{"href":"https:\/\/portalv1.com.br\/api\/wp\/v2\/posts"}],"about":[{"href":"https:\/\/portalv1.com.br\/api\/wp\/v2\/types\/post"}],"author":[{"embeddable":true,"href":"https:\/\/portalv1.com.br\/api\/wp\/v2\/users\/2"}],"replies":[{"embeddable":true,"href":"https:\/\/portalv1.com.br\/api\/wp\/v2\/comments?post=653"}],"version-history":[{"count":0,"href":"https:\/\/portalv1.com.br\/api\/wp\/v2\/posts\/653\/revisions"}],"wp:attachment":[{"href":"https:\/\/portalv1.com.br\/api\/wp\/v2\/media?parent=653"}],"wp:term":[{"taxonomy":"category","embeddable":true,"href":"https:\/\/portalv1.com.br\/api\/wp\/v2\/categories?post=653"},{"taxonomy":"post_tag","embeddable":true,"href":"https:\/\/portalv1.com.br\/api\/wp\/v2\/tags?post=653"}],"curies":[{"name":"wp","href":"https:\/\/api.w.org\/{rel}","templated":true}]}}