{"id":65477,"date":"2018-12-03T12:47:13","date_gmt":"2018-12-03T15:47:13","guid":{"rendered":"https:\/\/portalv1.com.br\/?p=65477"},"modified":"2018-12-05T09:50:39","modified_gmt":"2018-12-05T12:50:39","slug":"valenca-se-despede-da-servidora-do-emater-lourdes-cortez","status":"publish","type":"post","link":"https:\/\/portalv1.com.br\/valenca-se-despede-da-servidora-do-emater-lourdes-cortez\/","title":{"rendered":"Valen\u00e7a se despede da servidora do Emater Lourdes Cortez"},"content":{"rendered":"<figure id=\"attachment_65478\" aria-describedby=\"caption-attachment-65478\" style=\"width: 640px\" class=\"wp-caption aligncenter\"><a href=\"https:\/\/portalv1.com.br\/app\/wp-content\/uploads\/2018\/12\/lurdes-Copy.jpg\"><img loading=\"lazy\" decoding=\"async\" class=\"size-large wp-image-65478\" src=\"https:\/\/portalv1.com.br\/app\/wp-content\/uploads\/2018\/12\/lurdes-Copy-640x360.jpg\" alt=\"\" width=\"640\" height=\"360\" srcset=\"https:\/\/portalv1.com.br\/app\/wp-content\/uploads\/2018\/12\/lurdes-Copy.jpg 640w, https:\/\/portalv1.com.br\/app\/wp-content\/uploads\/2018\/12\/lurdes-Copy-300x169.jpg 300w\" sizes=\"auto, (max-width: 640px) 100vw, 640px\" \/><\/a><figcaption id=\"caption-attachment-65478\" class=\"wp-caption-text\">Lourdes Cortez<\/figcaption><\/figure>\n<p>Valen\u00e7a despediu-se nesta segunda-feira (03) da servidora do Emater Lourdes Cortez (55), ela faleceu nesse domingo (02), ap\u00f3s perder a luta contra um c\u00e2ncer. Por toda essa manh\u00e3 foi velada no Centro Pastoral de Valen\u00e7a.<\/p>\n<p>Lourdes Cortez era uma das nossas refer\u00eancias no associativismo e por muitos anos liderou campanhas em favor da valoriza\u00e7\u00e3o dos produtores de caju e do mel.<\/p>\n<p>Era uma pessoa incomodada com a desvaloriza\u00e7\u00e3o desses setores, especialmente porque via no fortalecimento desses seguimentos uma \u00f3tima oportunidade de valoriza\u00e7\u00e3o do homem do campo.<\/p>\n<p>Em abril desse ano realizou com grande sucesso o Semin\u00e1rio de Cajucultura que reuniu em Valen\u00e7a produtores e empres\u00e1rios do setor. Lourdes Cortez foi para o oriente eterno, no entanto deixa um bonito legado aos tr\u00eas filhos, amigos e demais familiares.<\/p>\n","protected":false},"excerpt":{"rendered":"<p>Valen\u00e7a despediu-se nesta segunda-feira (03) da servidora do Emater Lourdes Cortez (55), ela faleceu nesse domingo (02), ap\u00f3s perder a luta contra um c\u00e2ncer. Por toda essa manh\u00e3 foi velada&#8230;<\/p>\n","protected":false},"author":1,"featured_media":65478,"comment_status":"open","ping_status":"open","sticky":false,"template":"","format":"standard","meta":{"ngg_post_thumbnail":0,"footnotes":""},"categories":[12],"tags":[],"class_list":["post-65477","post","type-post","status-publish","format-standard","has-post-thumbnail","hentry","category-valenca-news"],"views":2916,"meta_data":{"thumb":"https:\/\/portalv1.com.br\/app\/wp-content\/uploads\/2018\/12\/lurdes-Copy.jpg","imagem":{"fullsize":{"url":"https:\/\/portalv1.com.br\/app\/wp-content\/uploads\/2018\/12\/lurdes-Copy.jpg","width":640,"height":360},"thumbnail":{"url":"https:\/\/portalv1.com.br\/app\/wp-content\/uploads\/2018\/12\/lurdes-Copy-100x100.jpg","width":100,"height":100},"medium":{"url":"https:\/\/portalv1.com.br\/app\/wp-content\/uploads\/2018\/12\/lurdes-Copy-300x169.jpg","width":300,"height":169},"large":{"url":"https:\/\/portalv1.com.br\/app\/wp-content\/uploads\/2018\/12\/lurdes-Copy-640x360.jpg","width":640,"height":360}},"data":{"simple":"03\/12\/2018","date_time":"03\/12\/2018 09:47:13","date":"h\u00e1 7 anos"},"chapeu":"LUTO EM VALEN\u00c7A ","source":"retirar"},"_links":{"self":[{"href":"https:\/\/portalv1.com.br\/api\/wp\/v2\/posts\/65477","targetHints":{"allow":["GET"]}}],"collection":[{"href":"https:\/\/portalv1.com.br\/api\/wp\/v2\/posts"}],"about":[{"href":"https:\/\/portalv1.com.br\/api\/wp\/v2\/types\/post"}],"author":[{"embeddable":true,"href":"https:\/\/portalv1.com.br\/api\/wp\/v2\/users\/1"}],"replies":[{"embeddable":true,"href":"https:\/\/portalv1.com.br\/api\/wp\/v2\/comments?post=65477"}],"version-history":[{"count":0,"href":"https:\/\/portalv1.com.br\/api\/wp\/v2\/posts\/65477\/revisions"}],"wp:featuredmedia":[{"embeddable":true,"href":"https:\/\/portalv1.com.br\/api\/wp\/v2\/media\/65478"}],"wp:attachment":[{"href":"https:\/\/portalv1.com.br\/api\/wp\/v2\/media?parent=65477"}],"wp:term":[{"taxonomy":"category","embeddable":true,"href":"https:\/\/portalv1.com.br\/api\/wp\/v2\/categories?post=65477"},{"taxonomy":"post_tag","embeddable":true,"href":"https:\/\/portalv1.com.br\/api\/wp\/v2\/tags?post=65477"}],"curies":[{"name":"wp","href":"https:\/\/api.w.org\/{rel}","templated":true}]}}