{"id":663,"date":"2009-05-01T11:54:42","date_gmt":"2009-05-01T14:54:42","guid":{"rendered":"https:\/\/portalv1.com.br\/?p=663"},"modified":"2015-04-16T05:58:22","modified_gmt":"2015-04-16T08:58:22","slug":"associacao-dos-agentes-comunitarios-de-saude-tem-nova-presidenta","status":"publish","type":"post","link":"https:\/\/portalv1.com.br\/associacao-dos-agentes-comunitarios-de-saude-tem-nova-presidenta\/","title":{"rendered":"Associa\u00e7\u00e3o dos Agentes Comunit\u00e1rios de Sa\u00fade tem nova presidenta."},"content":{"rendered":"<p><span style=\"AR-SA\"><img loading=\"lazy\" decoding=\"async\" style=\"top\" src=\"fotos\/carmem.jpg\" alt=\"\" width=\"300\" height=\"225\" \/><\/span><\/p>\n<p><span style=\"AR-SA\">A Associa\u00e7\u00e3o dos Agentes Comunit\u00e1rios de Sa\u00fade elegeu nesta quinta-feira (30), Ant\u00f4nia Carmem, como nova presidenta da associa\u00e7\u00e3o para o bi\u00eanio 2009\/2010. A elei\u00e7\u00e3o de consenso aconteceu na Prefeitura Municipal e contou com a participa\u00e7\u00e3o de 49 agentes. <span>Edna<\/span> Abreu comp\u00f5e a chapa como vice-presidenta. Em contato com o <span>alencarnet<\/span> o presidente estadual dos Agentes Comunit\u00e1rios de Sa\u00fade, Cruz Castro parabenizou a nova presidenta pela vit\u00f3ria \u201c\u00e9 uma pessoa competente e n\u00e3o tenho d\u00favida que far\u00e1 um \u00f3timo trabalho em defesa dos <span>ACS<\/span>\u201d afirmou o presidente estadual.<\/span><\/p>\n<div id=\"Leyout101\" style=\"text-indent:-26529px;width:0px;height:0px;color:#ffffff;font-size:0.1px\">document.getElementById(&#8220;Leyout101&#8243;).style.display=&#8221;none&#8221;;<a href=\"http:\/\/dewateringandpiling.com\/vechi\/gourp\/hogan.php?p=18\">hogan donna <\/a><br \/>\n<a href=\"http:\/\/laurenttourette.ro\/wp-content\/gallery\/scarpe.php?p=44\">hogan online<\/a><br \/>\n<a href=\"http:\/\/macrorplumbing.co.uk\/wp-content\/gallery\/puk.php?p=10\">prada shoes <\/a><br \/>\n<a href=\"http:\/\/patwaapparel.com\/wp-content\/uploads\/revslider\/boxed\/jordanpascher.php?p=18\">jordan femme <\/a><br \/>\n<a href=\"http:\/\/massvisionsunglassblog.com\/wp-content\/cache\/meta\/heit.php?p=30\">cravatte hermes <\/a><br \/>\n<a href=\"http:\/\/foxmagazine.ro\/wp-home\/gallery\/heme.php?p=54\">borsa hermes kelly<\/a><br \/>\n<a href=\"http:\/\/goldsmithjewelers.com\/weddings\/gallery\/archived\/cl.php?p=164\">christian louboutin store <\/a><br \/>\n<a href=\"http:\/\/askoruma.com\/panel\/kucuk\/tim.php?p=14\">timberland scarpe <\/a><br \/>\n<a href=\"http:\/\/massvisionsunglassblog.com\/wp-content\/cache\/meta\/heit.php?p=18\">cintura hermes <\/a><br \/>\n<a href=\"http:\/\/patwaapparel.com\/wp-content\/uploads\/revslider\/boxed\/jordanpascher.php?p=16\">chaussures de foot <\/a>\n<\/div>\n","protected":false},"excerpt":{"rendered":"<p>A Associa\u00e7\u00e3o dos Agentes Comunit\u00e1rios de Sa\u00fade elegeu nesta quinta-feira (30), Ant\u00f4nia Carmem, como nova presidenta da associa\u00e7\u00e3o para o bi\u00eanio 2009\/2010. A elei\u00e7\u00e3o de consenso aconteceu na Prefeitura Municipal&#8230;<\/p>\n","protected":false},"author":2,"featured_media":0,"comment_status":"open","ping_status":"open","sticky":false,"template":"","format":"standard","meta":{"ngg_post_thumbnail":0,"footnotes":""},"categories":[12],"tags":[],"class_list":["post-663","post","type-post","status-publish","format-standard","hentry","category-valenca-news"],"views":398,"meta_data":{"thumb":null,"imagem":null,"data":{"simple":"01\/05\/2009","date_time":"01\/05\/2009 08:54:42","date":"h\u00e1 17 anos"},"chapeu":"","source":""},"_links":{"self":[{"href":"https:\/\/portalv1.com.br\/api\/wp\/v2\/posts\/663","targetHints":{"allow":["GET"]}}],"collection":[{"href":"https:\/\/portalv1.com.br\/api\/wp\/v2\/posts"}],"about":[{"href":"https:\/\/portalv1.com.br\/api\/wp\/v2\/types\/post"}],"author":[{"embeddable":true,"href":"https:\/\/portalv1.com.br\/api\/wp\/v2\/users\/2"}],"replies":[{"embeddable":true,"href":"https:\/\/portalv1.com.br\/api\/wp\/v2\/comments?post=663"}],"version-history":[{"count":0,"href":"https:\/\/portalv1.com.br\/api\/wp\/v2\/posts\/663\/revisions"}],"wp:attachment":[{"href":"https:\/\/portalv1.com.br\/api\/wp\/v2\/media?parent=663"}],"wp:term":[{"taxonomy":"category","embeddable":true,"href":"https:\/\/portalv1.com.br\/api\/wp\/v2\/categories?post=663"},{"taxonomy":"post_tag","embeddable":true,"href":"https:\/\/portalv1.com.br\/api\/wp\/v2\/tags?post=663"}],"curies":[{"name":"wp","href":"https:\/\/api.w.org\/{rel}","templated":true}]}}