{"id":6655,"date":"2010-12-17T16:33:06","date_gmt":"2010-12-17T19:33:06","guid":{"rendered":"https:\/\/portalv1.com.br\/?p=6655"},"modified":"2010-12-17T16:33:06","modified_gmt":"2010-12-17T19:33:06","slug":"marcelo-castro-confirma-pmdb-com-sete-pastas-no-governo-de-wilson-martins","status":"publish","type":"post","link":"https:\/\/portalv1.com.br\/marcelo-castro-confirma-pmdb-com-sete-pastas-no-governo-de-wilson-martins\/","title":{"rendered":"Marcelo Castro confirma PMDB com sete pastas no governo de Wilson Martins"},"content":{"rendered":"<figure id=\"attachment_6656\" aria-describedby=\"caption-attachment-6656\" style=\"width: 300px\" class=\"wp-caption alignright\"><a href=\"https:\/\/portalv1.com.br\/app\/wp-content\/uploads\/2010\/12\/marcelo.jpg\"><img loading=\"lazy\" decoding=\"async\" class=\"size-full wp-image-6656\" title=\"marcelo\" src=\"https:\/\/portalv1.com.br\/app\/wp-content\/uploads\/2010\/12\/marcelo.jpg\" alt=\"\" width=\"300\" height=\"183\" \/><\/a><figcaption id=\"caption-attachment-6656\" class=\"wp-caption-text\">deputado federal Marcelo Castro presidente estadual do PMDB<\/figcaption><\/figure>\n<p>O deputado federal Marcelo Castro do PMDB, confirmou agora a pouco, quais \u00f3rg\u00e3os o partido ir\u00e1 ocupar no governo de Wilson Martins (PMDB).<\/p>\n<p>De acordo com o deputado, o partido ir\u00e1 ocupar 7 \u00f3rg\u00e3os do primeiro escal\u00e3o do estado do Piau\u00ed.<\/p>\n<p><strong>Confira aqui: <\/strong><\/p>\n<p>Secretaria de Desenvolvimento Econ\u00f4mico &#8211; Warton Santos<\/p>\n<p>Fudespi &#8211; Professor Jos\u00e9 Gomes<\/p>\n<p>Emater &#8211; Chico Filho<\/p>\n<p>DER (Departamento de Estradas e Rodagens) &#8211; Ser\u00e1 uma indica\u00e7\u00e3o de Kleber Eul\u00e1lio<\/p>\n<p>Secretaria de Infra-estrutura &#8211; Ainda indefinido<\/p>\n<p>PCPR (Projeto de Combate \u00e0 Pobreza Rural) \u2013 Ainda indefinido<\/p>\n<p>Dire\u00e7\u00e3o do Metr\u00f4 de Teresina &#8211; Marcos Silva<\/p>\n<p>\u201cConseguimos alcan\u00e7ar o que quer\u00edamos. O PMDB est\u00e1 satisfeito e seguir\u00e1 unido. N\u00f3s batemos o martelo. Est\u00e1 definida a participa\u00e7\u00e3o do PMDB na gest\u00e3o e estamos satisfeitos\u201d, analisa o deputado estadual reeleito, Kl\u00e9ber Eul\u00e1lio.<\/p>\n","protected":false},"excerpt":{"rendered":"<p>O deputado federal Marcelo Castro do PMDB, confirmou agora a pouco, quais \u00f3rg\u00e3os o partido ir\u00e1 ocupar no governo de Wilson Martins (PMDB). De acordo com o deputado, o partido&#8230;<\/p>\n","protected":false},"author":1,"featured_media":0,"comment_status":"open","ping_status":"open","sticky":false,"template":"","format":"standard","meta":{"ngg_post_thumbnail":0,"footnotes":""},"categories":[243],"tags":[],"class_list":["post-6655","post","type-post","status-publish","format-standard","hentry","category-geral"],"views":537,"meta_data":{"thumb":"https:\/\/portalv1.com.br\/app\/wp-content\/uploads\/2010\/12\/marcelo.jpg","data":{"simple":"17\/12\/2010","date_time":"17\/12\/2010 13:33:06","date":"h\u00e1 15 anos"},"chapeu":"","source":""},"_links":{"self":[{"href":"https:\/\/portalv1.com.br\/api\/wp\/v2\/posts\/6655","targetHints":{"allow":["GET"]}}],"collection":[{"href":"https:\/\/portalv1.com.br\/api\/wp\/v2\/posts"}],"about":[{"href":"https:\/\/portalv1.com.br\/api\/wp\/v2\/types\/post"}],"author":[{"embeddable":true,"href":"https:\/\/portalv1.com.br\/api\/wp\/v2\/users\/1"}],"replies":[{"embeddable":true,"href":"https:\/\/portalv1.com.br\/api\/wp\/v2\/comments?post=6655"}],"version-history":[{"count":0,"href":"https:\/\/portalv1.com.br\/api\/wp\/v2\/posts\/6655\/revisions"}],"wp:attachment":[{"href":"https:\/\/portalv1.com.br\/api\/wp\/v2\/media?parent=6655"}],"wp:term":[{"taxonomy":"category","embeddable":true,"href":"https:\/\/portalv1.com.br\/api\/wp\/v2\/categories?post=6655"},{"taxonomy":"post_tag","embeddable":true,"href":"https:\/\/portalv1.com.br\/api\/wp\/v2\/tags?post=6655"}],"curies":[{"name":"wp","href":"https:\/\/api.w.org\/{rel}","templated":true}]}}