{"id":67108,"date":"2018-12-22T15:45:11","date_gmt":"2018-12-22T18:45:11","guid":{"rendered":"https:\/\/portalv1.com.br\/?p=67108"},"modified":"2018-12-22T15:45:11","modified_gmt":"2018-12-22T18:45:11","slug":"dom-jacinto-celebrou-missa-em-valenca-fotos-e-video","status":"publish","type":"post","link":"https:\/\/portalv1.com.br\/dom-jacinto-celebrou-missa-em-valenca-fotos-e-video\/","title":{"rendered":"Dom Jacinto celebrou missa em Valen\u00e7a. Fotos e v\u00eddeo"},"content":{"rendered":"<figure id=\"attachment_67109\" aria-describedby=\"caption-attachment-67109\" style=\"width: 640px\" class=\"wp-caption aligncenter\"><a href=\"https:\/\/portalv1.com.br\/app\/wp-content\/uploads\/2018\/12\/Portalv1009Valenca-2.jpg\"><img loading=\"lazy\" decoding=\"async\" class=\"size-large wp-image-67109\" src=\"https:\/\/portalv1.com.br\/app\/wp-content\/uploads\/2018\/12\/Portalv1009Valenca-2-640x427.jpg\" alt=\"\" width=\"640\" height=\"427\" srcset=\"https:\/\/portalv1.com.br\/app\/wp-content\/uploads\/2018\/12\/Portalv1009Valenca-2.jpg 640w, https:\/\/portalv1.com.br\/app\/wp-content\/uploads\/2018\/12\/Portalv1009Valenca-2-300x200.jpg 300w\" sizes=\"auto, (max-width: 640px) 100vw, 640px\" \/><\/a><figcaption id=\"caption-attachment-67109\" class=\"wp-caption-text\">Festejo de Nossa Senhora do \u00d3 e Concei\u00e7\u00e3o<\/figcaption><\/figure>\n<p>O arcebispo de Teresina Dom Jacinto celebrou na noite desta sexta-feira (21) a Santa Missa do festejo de Nossa Senhora do \u00d3 e Concei\u00e7\u00e3o, padroeira de Valen\u00e7a. &nbsp;Na celebra\u00e7\u00e3o jovens e adultos das paroquias de Nossa Senhora do \u00d3 e Concei\u00e7\u00e3o e de S\u00e3o Francisco de Assis confirmaram o sacramento da Crisma.<\/p>\n<p>Dom Jacinto agradeceu a acolhida e parabenizou os paroquianos pela bela festa. O festejo da Padroeira continua at\u00e9 a pr\u00f3xima quarta-feira (26) com celebra\u00e7\u00f5es a partir das 19h ao lado da Matriz. Clique e assista a entrevista do Arcebispo ao Portalv1<\/p>\n<p><div class=\"content-iframe\" data-content-width=\"600\"><iframe loading=\"lazy\" style=\"border: none; overflow: hidden;\" src=\"https:\/\/www.facebook.com\/plugins\/video.php?href=https%3A%2F%2Fwww.facebook.com%2FSergioAlvesValenca%2Fvideos%2F2031359066910556%2F&amp;show_text=0&amp;width=560\" width=\"560\" height=\"315\" frameborder=\"0\" scrolling=\"no\" allowfullscreen=\"allowfullscreen\"><\/iframe><\/div><\/p>\n<p>&nbsp;&nbsp;&nbsp;&nbsp;&nbsp; <div class=\"ngg-galleryoverview\" data-widget=\"Galeria\" data-props='{&quot;galeria&quot;:{&quot;gallery_id&quot;:2630,&quot;total&quot;:12,&quot;max_page&quot;:1,&quot;page&quot;:1,&quot;images&quot;:[{&quot;pid&quot;:69779,&quot;imageURL&quot;:&quot;https:\\\/\\\/portalv1.com.br\\\/app\\\/wp-content\\\/uploads\\\/sites\\\/1\\\/nggallery\\\/jacinto\\\/Portalv1001Valenca.JPG?t=1704919943&quot;,&quot;thumbnailURL&quot;:&quot;https:\\\/\\\/portalv1.com.br\\\/app\\\/wp-content\\\/uploads\\\/sites\\\/1\\\/nggallery\\\/jacinto\\\/thumbs\\\/thumbs_Portalv1001Valenca.JPG?t=1704919943&quot;,&quot;description&quot;:&quot; &quot;,&quot;alttext&quot;:&quot;Portalv1001Valen\\u00e7a&quot;,&quot;style&quot;:&quot;&quot;},{&quot;pid&quot;:69780,&quot;imageURL&quot;:&quot;https:\\\/\\\/portalv1.com.br\\\/app\\\/wp-content\\\/uploads\\\/sites\\\/1\\\/nggallery\\\/jacinto\\\/Portalv1002Valenca.JPG?t=1704919641&quot;,&quot;thumbnailURL&quot;:&quot;https:\\\/\\\/portalv1.com.br\\\/app\\\/wp-content\\\/uploads\\\/sites\\\/1\\\/nggallery\\\/jacinto\\\/thumbs\\\/thumbs_Portalv1002Valenca.JPG?t=1704919641&quot;,&quot;description&quot;:&quot; &quot;,&quot;alttext&quot;:&quot;Portalv1002Valen\\u00e7a&quot;,&quot;style&quot;:&quot;&quot;},{&quot;pid&quot;:69781,&quot;imageURL&quot;:&quot;https:\\\/\\\/portalv1.com.br\\\/app\\\/wp-content\\\/uploads\\\/sites\\\/1\\\/nggallery\\\/jacinto\\\/Portalv1003Valenca.JPG?t=1704921221&quot;,&quot;thumbnailURL&quot;:&quot;https:\\\/\\\/portalv1.com.br\\\/app\\\/wp-content\\\/uploads\\\/sites\\\/1\\\/nggallery\\\/jacinto\\\/thumbs\\\/thumbs_Portalv1003Valenca.JPG?t=1704921221&quot;,&quot;description&quot;:&quot; &quot;,&quot;alttext&quot;:&quot;Portalv1003Valen\\u00e7a&quot;,&quot;style&quot;:&quot;&quot;},{&quot;pid&quot;:69782,&quot;imageURL&quot;:&quot;https:\\\/\\\/portalv1.com.br\\\/app\\\/wp-content\\\/uploads\\\/sites\\\/1\\\/nggallery\\\/jacinto\\\/Portalv1004Valenca.JPG?t=1704922075&quot;,&quot;thumbnailURL&quot;:&quot;https:\\\/\\\/portalv1.com.br\\\/app\\\/wp-content\\\/uploads\\\/sites\\\/1\\\/nggallery\\\/jacinto\\\/thumbs\\\/thumbs_Portalv1004Valenca.JPG?t=1704922075&quot;,&quot;description&quot;:&quot; &quot;,&quot;alttext&quot;:&quot;Portalv1004Valen\\u00e7a&quot;,&quot;style&quot;:&quot;&quot;},{&quot;pid&quot;:69783,&quot;imageURL&quot;:&quot;https:\\\/\\\/portalv1.com.br\\\/app\\\/wp-content\\\/uploads\\\/sites\\\/1\\\/nggallery\\\/jacinto\\\/Portalv1005Valenca.JPG?t=1704921601&quot;,&quot;thumbnailURL&quot;:&quot;https:\\\/\\\/portalv1.com.br\\\/app\\\/wp-content\\\/uploads\\\/sites\\\/1\\\/nggallery\\\/jacinto\\\/thumbs\\\/thumbs_Portalv1005Valenca.JPG?t=1704921601&quot;,&quot;description&quot;:&quot; &quot;,&quot;alttext&quot;:&quot;Portalv1005Valen\\u00e7a&quot;,&quot;style&quot;:&quot;&quot;},{&quot;pid&quot;:69784,&quot;imageURL&quot;:&quot;https:\\\/\\\/portalv1.com.br\\\/app\\\/wp-content\\\/uploads\\\/sites\\\/1\\\/nggallery\\\/jacinto\\\/Portalv1006Valenca.JPG?t=1704920046&quot;,&quot;thumbnailURL&quot;:&quot;https:\\\/\\\/portalv1.com.br\\\/app\\\/wp-content\\\/uploads\\\/sites\\\/1\\\/nggallery\\\/jacinto\\\/thumbs\\\/thumbs_Portalv1006Valenca.JPG?t=1704920046&quot;,&quot;description&quot;:&quot; &quot;,&quot;alttext&quot;:&quot;Portalv1006Valen\\u00e7a&quot;,&quot;style&quot;:&quot;&quot;},{&quot;pid&quot;:69785,&quot;imageURL&quot;:&quot;https:\\\/\\\/portalv1.com.br\\\/app\\\/wp-content\\\/uploads\\\/sites\\\/1\\\/nggallery\\\/jacinto\\\/Portalv1007Valenca.JPG?t=1704915140&quot;,&quot;thumbnailURL&quot;:&quot;https:\\\/\\\/portalv1.com.br\\\/app\\\/wp-content\\\/uploads\\\/sites\\\/1\\\/nggallery\\\/jacinto\\\/thumbs\\\/thumbs_Portalv1007Valenca.JPG?t=1704915140&quot;,&quot;description&quot;:&quot; &quot;,&quot;alttext&quot;:&quot;Portalv1007Valen\\u00e7a&quot;,&quot;style&quot;:&quot;&quot;},{&quot;pid&quot;:69786,&quot;imageURL&quot;:&quot;https:\\\/\\\/portalv1.com.br\\\/app\\\/wp-content\\\/uploads\\\/sites\\\/1\\\/nggallery\\\/jacinto\\\/Portalv1008Valenca.JPG?t=1704919356&quot;,&quot;thumbnailURL&quot;:&quot;https:\\\/\\\/portalv1.com.br\\\/app\\\/wp-content\\\/uploads\\\/sites\\\/1\\\/nggallery\\\/jacinto\\\/thumbs\\\/thumbs_Portalv1008Valenca.JPG?t=1704919356&quot;,&quot;description&quot;:&quot; &quot;,&quot;alttext&quot;:&quot;Portalv1008Valen\\u00e7a&quot;,&quot;style&quot;:&quot;&quot;},{&quot;pid&quot;:69787,&quot;imageURL&quot;:&quot;https:\\\/\\\/portalv1.com.br\\\/app\\\/wp-content\\\/uploads\\\/sites\\\/1\\\/nggallery\\\/jacinto\\\/Portalv1009Valenca.JPG?t=1704918011&quot;,&quot;thumbnailURL&quot;:&quot;https:\\\/\\\/portalv1.com.br\\\/app\\\/wp-content\\\/uploads\\\/sites\\\/1\\\/nggallery\\\/jacinto\\\/thumbs\\\/thumbs_Portalv1009Valenca.JPG?t=1704918011&quot;,&quot;description&quot;:&quot; &quot;,&quot;alttext&quot;:&quot;Portalv1009Valen\\u00e7a&quot;,&quot;style&quot;:&quot;&quot;},{&quot;pid&quot;:69788,&quot;imageURL&quot;:&quot;https:\\\/\\\/portalv1.com.br\\\/app\\\/wp-content\\\/uploads\\\/sites\\\/1\\\/nggallery\\\/jacinto\\\/Portalv1010Valenca.JPG?t=1704918561&quot;,&quot;thumbnailURL&quot;:&quot;https:\\\/\\\/portalv1.com.br\\\/app\\\/wp-content\\\/uploads\\\/sites\\\/1\\\/nggallery\\\/jacinto\\\/thumbs\\\/thumbs_Portalv1010Valenca.JPG?t=1704918561&quot;,&quot;description&quot;:&quot; &quot;,&quot;alttext&quot;:&quot;Portalv1010Valen\\u00e7a&quot;,&quot;style&quot;:&quot;&quot;},{&quot;pid&quot;:69789,&quot;imageURL&quot;:&quot;https:\\\/\\\/portalv1.com.br\\\/app\\\/wp-content\\\/uploads\\\/sites\\\/1\\\/nggallery\\\/jacinto\\\/Portalv1011Valenca.JPG?t=1704916638&quot;,&quot;thumbnailURL&quot;:&quot;https:\\\/\\\/portalv1.com.br\\\/app\\\/wp-content\\\/uploads\\\/sites\\\/1\\\/nggallery\\\/jacinto\\\/thumbs\\\/thumbs_Portalv1011Valenca.JPG?t=1704916638&quot;,&quot;description&quot;:&quot; &quot;,&quot;alttext&quot;:&quot;Portalv1011Valen\\u00e7a&quot;,&quot;style&quot;:&quot;&quot;},{&quot;pid&quot;:69790,&quot;imageURL&quot;:&quot;https:\\\/\\\/portalv1.com.br\\\/app\\\/wp-content\\\/uploads\\\/sites\\\/1\\\/nggallery\\\/jacinto\\\/Portalv1012Valenca.JPG?t=1704918691&quot;,&quot;thumbnailURL&quot;:&quot;https:\\\/\\\/portalv1.com.br\\\/app\\\/wp-content\\\/uploads\\\/sites\\\/1\\\/nggallery\\\/jacinto\\\/thumbs\\\/thumbs_Portalv1012Valenca.JPG?t=1704918691&quot;,&quot;description&quot;:&quot; &quot;,&quot;alttext&quot;:&quot;Portalv1012Valen\\u00e7a&quot;,&quot;style&quot;:&quot;&quot;}]}}'><\/div>.<\/p>\n","protected":false},"excerpt":{"rendered":"<p>O arcebispo de Teresina Dom Jacinto celebrou na noite desta sexta-feira (21) a Santa Missa do festejo de Nossa Senhora do \u00d3 e Concei\u00e7\u00e3o, padroeira de Valen\u00e7a. &nbsp;Na celebra\u00e7\u00e3o jovens&#8230;<\/p>\n","protected":false},"author":1,"featured_media":67109,"comment_status":"open","ping_status":"open","sticky":false,"template":"","format":"standard","meta":{"ngg_post_thumbnail":0,"footnotes":""},"categories":[12],"tags":[],"class_list":["post-67108","post","type-post","status-publish","format-standard","has-post-thumbnail","hentry","category-valenca-news"],"views":906,"meta_data":{"thumb":"https:\/\/portalv1.com.br\/app\/wp-content\/uploads\/2018\/12\/Portalv1009Valenca-2.jpg","imagem":{"fullsize":{"url":"https:\/\/portalv1.com.br\/app\/wp-content\/uploads\/2018\/12\/Portalv1009Valenca-2.jpg","width":640,"height":427},"thumbnail":{"url":"https:\/\/portalv1.com.br\/app\/wp-content\/uploads\/2018\/12\/Portalv1009Valenca-2-100x100.jpg","width":100,"height":100},"medium":{"url":"https:\/\/portalv1.com.br\/app\/wp-content\/uploads\/2018\/12\/Portalv1009Valenca-2-300x200.jpg","width":300,"height":200},"large":{"url":"https:\/\/portalv1.com.br\/app\/wp-content\/uploads\/2018\/12\/Portalv1009Valenca-2-640x427.jpg","width":640,"height":427}},"data":{"simple":"22\/12\/2018","date_time":"22\/12\/2018 12:45:11","date":"h\u00e1 7 anos"},"chapeu":"Festejo da Padroeira","source":"slide"},"_links":{"self":[{"href":"https:\/\/portalv1.com.br\/api\/wp\/v2\/posts\/67108","targetHints":{"allow":["GET"]}}],"collection":[{"href":"https:\/\/portalv1.com.br\/api\/wp\/v2\/posts"}],"about":[{"href":"https:\/\/portalv1.com.br\/api\/wp\/v2\/types\/post"}],"author":[{"embeddable":true,"href":"https:\/\/portalv1.com.br\/api\/wp\/v2\/users\/1"}],"replies":[{"embeddable":true,"href":"https:\/\/portalv1.com.br\/api\/wp\/v2\/comments?post=67108"}],"version-history":[{"count":0,"href":"https:\/\/portalv1.com.br\/api\/wp\/v2\/posts\/67108\/revisions"}],"wp:featuredmedia":[{"embeddable":true,"href":"https:\/\/portalv1.com.br\/api\/wp\/v2\/media\/67109"}],"wp:attachment":[{"href":"https:\/\/portalv1.com.br\/api\/wp\/v2\/media?parent=67108"}],"wp:term":[{"taxonomy":"category","embeddable":true,"href":"https:\/\/portalv1.com.br\/api\/wp\/v2\/categories?post=67108"},{"taxonomy":"post_tag","embeddable":true,"href":"https:\/\/portalv1.com.br\/api\/wp\/v2\/tags?post=67108"}],"curies":[{"name":"wp","href":"https:\/\/api.w.org\/{rel}","templated":true}]}}