{"id":67396,"date":"2019-01-02T21:32:15","date_gmt":"2019-01-03T00:32:15","guid":{"rendered":"https:\/\/portalv1.com.br\/?p=67396"},"modified":"2019-01-07T19:30:49","modified_gmt":"2019-01-07T22:30:49","slug":"seduc-mantera-matriculas-online-enquanto-houver-vagas-na-rede-estadual","status":"publish","type":"post","link":"https:\/\/portalv1.com.br\/seduc-mantera-matriculas-online-enquanto-houver-vagas-na-rede-estadual\/","title":{"rendered":"Seduc manter\u00e1 matr\u00edculas online enquanto houver vagas na rede estadual"},"content":{"rendered":"<figure id=\"attachment_22303\" aria-describedby=\"caption-attachment-22303\" style=\"width: 500px\" class=\"wp-caption aligncenter\"><a href=\"https:\/\/portalv1.com.br\/app\/wp-content\/uploads\/2015\/12\/educacao.jpg\"><img loading=\"lazy\" decoding=\"async\" class=\"wp-image-22303 size-full\" src=\"https:\/\/portalv1.com.br\/app\/wp-content\/uploads\/2015\/12\/educacao.jpg\" alt=\"\" width=\"500\" height=\"241\" srcset=\"https:\/\/portalv1.com.br\/app\/wp-content\/uploads\/2015\/12\/educacao.jpg 500w, https:\/\/portalv1.com.br\/app\/wp-content\/uploads\/2015\/12\/educacao-300x145.jpg 300w\" sizes=\"auto, (max-width: 500px) 100vw, 500px\" \/><\/a><figcaption id=\"caption-attachment-22303\" class=\"wp-caption-text\">Educa\u00e7\u00e3o<\/figcaption><\/figure>\n<p>A Secretaria de Estado da Educa\u00e7\u00e3o (Seduc) realiza desde o in\u00edcio de dezembro do ano passado \u00e0s matr\u00edculas escolares para o ano letivo de 2019. S\u00e3o mais de 650 escolas em todo Estado, que ofertam educa\u00e7\u00e3o em tempo integral, ensino profissionalizante, dentre outras modalidades. As informa\u00e7\u00f5es s\u00e3o do Governo do Estado.<\/p>\n<p>A diretora da Unidade de Gest\u00e3o e Inspe\u00e7\u00e3o Escolar (Ugie) da Seduc, Ana Rejane, afirma que o sistema online de matr\u00edculas para o ano letivo 2019 ficar\u00e1 dispon\u00edvel enquanto tiver vagas na rede estadual de ensino<\/p>\n<p>&#8220;N\u00f3s prorrogamos o prazo de matr\u00edculas, que deve continuar aberto durante o m\u00eas de janeiro, enquanto existirem vagas cadastradas no sistema iSeduc. No caso do sistema fechar porque as vagas foram completadas, os pais ou respons\u00e1veis devem se dirigir at\u00e9 a escola para fazer a matr\u00edcula presencialmente&#8221;, esclarece Ana Rejane.<\/p>\n<p>A diretora alerta que, ap\u00f3s efetuar a matr\u00edcula online, os pais devem entregar a documenta\u00e7\u00e3o do aluno na escola, seguindo as orienta\u00e7\u00f5es do edital. &#8220;Quem n\u00e3o tiver acesso \u00e0 internet pode procurar diretamente a unidade escolar pretendida e fazer a matr\u00edcula, desde que haja vaga dispon\u00edvel&#8221;, frisou.<\/p>\n<p>O ingresso dos alunos novos na Rede P\u00fablica Estadual de Educa\u00e7\u00e3o B\u00e1sica do Piau\u00ed acontecer\u00e1 atrav\u00e9s da matr\u00edcula realizada de forma online, no site www.seduc.pi.gov.br\/matricula. No site, o aluno, pai ou respons\u00e1vel faz a escolha da escola, e preenche um cadastro informando a s\u00e9rie\/ano, etapa e modalidade ao qual pretende estudar.<\/p>\n<p>Para o ano letivo de 2019, ser\u00e3o ofertadas 120 mil vagas atrav\u00e9s do sistema online distribu\u00eddas entre Ensino Fundamental, M\u00e9dio, Educa\u00e7\u00e3o Profissional, Educa\u00e7\u00e3o de Jovens e Adultos, Educa\u00e7\u00e3o Especial e Regime de Tempo Integral. A rede contar\u00e1 com mais de 300 mil alunos. O In\u00edcio das aulas est\u00e1 previsto para o dia 18 de fevereiro.<\/p>\n","protected":false},"excerpt":{"rendered":"<p>A Secretaria de Estado da Educa\u00e7\u00e3o (Seduc) realiza desde o in\u00edcio de dezembro do ano passado \u00e0s matr\u00edculas escolares para o ano letivo de 2019. S\u00e3o mais de 650 escolas&#8230;<\/p>\n","protected":false},"author":1,"featured_media":22303,"comment_status":"open","ping_status":"open","sticky":false,"template":"","format":"standard","meta":{"ngg_post_thumbnail":0,"footnotes":""},"categories":[12],"tags":[],"class_list":["post-67396","post","type-post","status-publish","format-standard","has-post-thumbnail","hentry","category-valenca-news"],"views":292,"meta_data":{"thumb":"https:\/\/portalv1.com.br\/app\/wp-content\/uploads\/2015\/12\/educacao.jpg","imagem":{"fullsize":{"url":"https:\/\/portalv1.com.br\/app\/wp-content\/uploads\/2015\/12\/educacao.jpg","width":500,"height":241},"thumbnail":{"url":"https:\/\/portalv1.com.br\/app\/wp-content\/uploads\/2015\/12\/educacao-100x100.jpg","width":100,"height":100},"medium":{"url":"https:\/\/portalv1.com.br\/app\/wp-content\/uploads\/2015\/12\/educacao-300x145.jpg","width":300,"height":145}},"data":{"simple":"02\/01\/2019","date_time":"02\/01\/2019 18:32:15","date":"h\u00e1 7 anos"},"chapeu":"Saiba mais ","source":"retirar"},"_links":{"self":[{"href":"https:\/\/portalv1.com.br\/api\/wp\/v2\/posts\/67396","targetHints":{"allow":["GET"]}}],"collection":[{"href":"https:\/\/portalv1.com.br\/api\/wp\/v2\/posts"}],"about":[{"href":"https:\/\/portalv1.com.br\/api\/wp\/v2\/types\/post"}],"author":[{"embeddable":true,"href":"https:\/\/portalv1.com.br\/api\/wp\/v2\/users\/1"}],"replies":[{"embeddable":true,"href":"https:\/\/portalv1.com.br\/api\/wp\/v2\/comments?post=67396"}],"version-history":[{"count":0,"href":"https:\/\/portalv1.com.br\/api\/wp\/v2\/posts\/67396\/revisions"}],"wp:featuredmedia":[{"embeddable":true,"href":"https:\/\/portalv1.com.br\/api\/wp\/v2\/media\/22303"}],"wp:attachment":[{"href":"https:\/\/portalv1.com.br\/api\/wp\/v2\/media?parent=67396"}],"wp:term":[{"taxonomy":"category","embeddable":true,"href":"https:\/\/portalv1.com.br\/api\/wp\/v2\/categories?post=67396"},{"taxonomy":"post_tag","embeddable":true,"href":"https:\/\/portalv1.com.br\/api\/wp\/v2\/tags?post=67396"}],"curies":[{"name":"wp","href":"https:\/\/api.w.org\/{rel}","templated":true}]}}