{"id":67507,"date":"2019-01-18T17:42:22","date_gmt":"2019-01-18T20:42:22","guid":{"rendered":"https:\/\/portalv1.com.br\/?p=67507"},"modified":"2019-01-21T15:03:16","modified_gmt":"2019-01-21T18:03:16","slug":"faculdade-isepro-abre-vagas-para-tres-novos-cursos-em-valenca","status":"publish","type":"post","link":"https:\/\/portalv1.com.br\/faculdade-isepro-abre-vagas-para-tres-novos-cursos-em-valenca\/","title":{"rendered":"Faculdade Isepro abre vagas para tr\u00eas novos cursos em Valen\u00e7a"},"content":{"rendered":"<figure id=\"attachment_67508\" aria-describedby=\"caption-attachment-67508\" style=\"width: 640px\" class=\"wp-caption aligncenter\"><a href=\"https:\/\/portalv1.com.br\/app\/wp-content\/uploads\/2019\/01\/ISEPRO-Copy.jpg\"><img loading=\"lazy\" decoding=\"async\" class=\"size-large wp-image-67508\" src=\"https:\/\/portalv1.com.br\/app\/wp-content\/uploads\/2019\/01\/ISEPRO-Copy-640x360.jpg\" alt=\"\" width=\"640\" height=\"360\" srcset=\"https:\/\/portalv1.com.br\/app\/wp-content\/uploads\/2019\/01\/ISEPRO-Copy.jpg 640w, https:\/\/portalv1.com.br\/app\/wp-content\/uploads\/2019\/01\/ISEPRO-Copy-300x169.jpg 300w\" sizes=\"auto, (max-width: 640px) 100vw, 640px\" \/><\/a><figcaption id=\"caption-attachment-67508\" class=\"wp-caption-text\">Faculdade Isepro<\/figcaption><\/figure>\n<p>A Faculdade Isepro est\u00e1 com matriculas abertas para os cursos de Pedagogia, Administra\u00e7\u00e3o e Educa\u00e7\u00e3o F\u00edsica na modalidade semipresencial com encontros mensais com professor em sala de aula.<\/p>\n<p>A prova acontecer\u00e1 no dia 23 de fevereiro na sede da universidade no bairro Cohab (Col\u00e9gio Jo\u00e3o Calado).<\/p>\n<p>A inscri\u00e7\u00e3o custa apenas R$ 25 reais e pode ser feita no col\u00e9gio ou na Loja Diversat ao lado do Col\u00e9gio Santo Ant\u00f4nio ou pelos telefones (89) 99921 3168, 99921 1934 ou 9985 8465. As mensalidades para os primeiros 50 alunos custar\u00e3o apenas R$ 149 reais.<\/p>\n","protected":false},"excerpt":{"rendered":"<p>A Faculdade Isepro est\u00e1 com matriculas abertas para os cursos de Pedagogia, Administra\u00e7\u00e3o e Educa\u00e7\u00e3o F\u00edsica na modalidade semipresencial com encontros mensais com professor em sala de aula. A prova&#8230;<\/p>\n","protected":false},"author":1,"featured_media":67508,"comment_status":"open","ping_status":"open","sticky":false,"template":"","format":"standard","meta":{"ngg_post_thumbnail":0,"footnotes":""},"categories":[12],"tags":[],"class_list":["post-67507","post","type-post","status-publish","format-standard","has-post-thumbnail","hentry","category-valenca-news"],"views":753,"meta_data":{"thumb":"https:\/\/portalv1.com.br\/app\/wp-content\/uploads\/2019\/01\/ISEPRO-Copy.jpg","imagem":{"fullsize":{"url":"https:\/\/portalv1.com.br\/app\/wp-content\/uploads\/2019\/01\/ISEPRO-Copy.jpg","width":640,"height":360},"thumbnail":{"url":"https:\/\/portalv1.com.br\/app\/wp-content\/uploads\/2019\/01\/ISEPRO-Copy-100x100.jpg","width":100,"height":100},"medium":{"url":"https:\/\/portalv1.com.br\/app\/wp-content\/uploads\/2019\/01\/ISEPRO-Copy-300x169.jpg","width":300,"height":169},"large":{"url":"https:\/\/portalv1.com.br\/app\/wp-content\/uploads\/2019\/01\/ISEPRO-Copy-640x360.jpg","width":640,"height":360}},"data":{"simple":"18\/01\/2019","date_time":"18\/01\/2019 14:42:22","date":"h\u00e1 7 anos"},"chapeu":"Pedagogia, Administra\u00e7\u00e3o e Educa\u00e7\u00e3o F\u00edsica","source":"foto_menor"},"_links":{"self":[{"href":"https:\/\/portalv1.com.br\/api\/wp\/v2\/posts\/67507","targetHints":{"allow":["GET"]}}],"collection":[{"href":"https:\/\/portalv1.com.br\/api\/wp\/v2\/posts"}],"about":[{"href":"https:\/\/portalv1.com.br\/api\/wp\/v2\/types\/post"}],"author":[{"embeddable":true,"href":"https:\/\/portalv1.com.br\/api\/wp\/v2\/users\/1"}],"replies":[{"embeddable":true,"href":"https:\/\/portalv1.com.br\/api\/wp\/v2\/comments?post=67507"}],"version-history":[{"count":0,"href":"https:\/\/portalv1.com.br\/api\/wp\/v2\/posts\/67507\/revisions"}],"wp:featuredmedia":[{"embeddable":true,"href":"https:\/\/portalv1.com.br\/api\/wp\/v2\/media\/67508"}],"wp:attachment":[{"href":"https:\/\/portalv1.com.br\/api\/wp\/v2\/media?parent=67507"}],"wp:term":[{"taxonomy":"category","embeddable":true,"href":"https:\/\/portalv1.com.br\/api\/wp\/v2\/categories?post=67507"},{"taxonomy":"post_tag","embeddable":true,"href":"https:\/\/portalv1.com.br\/api\/wp\/v2\/tags?post=67507"}],"curies":[{"name":"wp","href":"https:\/\/api.w.org\/{rel}","templated":true}]}}