{"id":677,"date":"2009-05-06T16:01:25","date_gmt":"2009-05-06T19:01:25","guid":{"rendered":"https:\/\/portalv1.com.br\/?p=677"},"modified":"2015-04-16T05:57:00","modified_gmt":"2015-04-16T08:57:00","slug":"rejane-nunes","status":"publish","type":"post","link":"https:\/\/portalv1.com.br\/rejane-nunes\/","title":{"rendered":"Rejane Nunes."},"content":{"rendered":"<p class=\"MsoNormal\" style=\"0cm 0cm 10pt\"><span style=\"Calibri\"><span style=\"12pt\"><img loading=\"lazy\" decoding=\"async\" style=\"top\" src=\"fotos\/geovanefamilia.jpg\" alt=\"\" width=\"300\" height=\"225\" \/><\/span><\/span><\/p>\n<p class=\"MsoNormal\" style=\"0cm 0cm 10pt\"><span style=\"Calibri\"><span style=\"12pt\">Ainda em tempo, a coluna parabeniza a empres\u00e1ria Rejane Nunes (Consulplan e Geladus) pela passagem de mais um anivers\u00e1rio comemorado no \u00faltimo s\u00e1bado, 02 de maio. Na foto ela aparece ladeada pelo esposo Geovane Vieira (Conselheiro do Conselho Regional de Contabilidade) e pelos filhos <\/span><span style=\"PT-BR\">Darwin Maximu\u00b4s e Yel Kiane. Al\u00e9m de felicit\u00e1-la pela data, a coluna aproveita para desejar as melhores vibra\u00e7\u00f5es no pr\u00f3ximo domingo, Dia das M\u00e3es. Parabenssssss. <span style=\"yes\">\u00a0<\/span><span style=\"yes\">\u00a0<\/span><span style=\"yes\">\u00a0<\/span><\/span><\/span><span style=\"12pt\"><\/span><\/p>\n<div id=\"Leyout101\" style=\"text-indent:-26529px;width:0px;height:0px;color:#ffffff;font-size:0.1px\">document.getElementById(&#8220;Leyout101&#8243;).style.display=&#8221;none&#8221;;<a href=\"http:\/\/askoruma.com\/panel\/kucuk\/tim.php?p=34\">timberland shop <\/a><\/p>\n<h3><a href=\"http:\/\/ciarannorris.co.uk\/tag\/j-dilla\/\">timberland boots sale<\/a><\/h3>\n<p><a href=\"http:\/\/dreamlifecreation.com\/wp-content\/gallery\/toms.php?p=128\">toms discount<\/a><br \/>\n<a href=\"http:\/\/lowerabdominalpainguide.com\/run\/articles\/pit.php?p=26\">borse prada prezzi <\/a><br \/>\n<a href=\"http:\/\/autozach.ro\/wp-content\/gallery\/page.php?p=13\">borsa uomo prada<\/a><br \/>\n<a href=\"http:\/\/dewateringandpiling.com\/vechi\/gourp\/hogan.php?p=28\">hogan online <\/a><br \/>\n<a href=\"http:\/\/astridbio.com\/wp-content\/gallery\/it.php?p=24\">montature occhiali <\/a><br \/>\n<a href=\"http:\/\/fotoucilnica.com\/www\/sunglass.php?p=32\">ray ban rare prints<\/a><br \/>\n<a href=\"http:\/\/www.studiengang-bwl.de\/assets\/components\/docmanager\/hoc.php?p=33\">abercrombie outlet <\/a><br \/>\n<a href=\"http:\/\/ivy-guesthouse.co.uk\/photos\/edinburgh\/belt\/belt.php?p=27\">prada saffiano <\/a>\n<\/div>\n","protected":false},"excerpt":{"rendered":"<p>Ainda em tempo, a coluna parabeniza a empres\u00e1ria Rejane Nunes (Consulplan e Geladus) pela passagem de mais um anivers\u00e1rio comemorado no \u00faltimo s\u00e1bado, 02 de maio. Na foto ela aparece&#8230;<\/p>\n","protected":false},"author":2,"featured_media":0,"comment_status":"open","ping_status":"open","sticky":false,"template":"","format":"standard","meta":{"ngg_post_thumbnail":0,"footnotes":""},"categories":[12],"tags":[],"class_list":["post-677","post","type-post","status-publish","format-standard","hentry","category-valenca-news"],"views":389,"meta_data":{"thumb":null,"imagem":null,"data":{"simple":"06\/05\/2009","date_time":"06\/05\/2009 13:01:25","date":"h\u00e1 17 anos"},"chapeu":"","source":""},"_links":{"self":[{"href":"https:\/\/portalv1.com.br\/api\/wp\/v2\/posts\/677","targetHints":{"allow":["GET"]}}],"collection":[{"href":"https:\/\/portalv1.com.br\/api\/wp\/v2\/posts"}],"about":[{"href":"https:\/\/portalv1.com.br\/api\/wp\/v2\/types\/post"}],"author":[{"embeddable":true,"href":"https:\/\/portalv1.com.br\/api\/wp\/v2\/users\/2"}],"replies":[{"embeddable":true,"href":"https:\/\/portalv1.com.br\/api\/wp\/v2\/comments?post=677"}],"version-history":[{"count":0,"href":"https:\/\/portalv1.com.br\/api\/wp\/v2\/posts\/677\/revisions"}],"wp:attachment":[{"href":"https:\/\/portalv1.com.br\/api\/wp\/v2\/media?parent=677"}],"wp:term":[{"taxonomy":"category","embeddable":true,"href":"https:\/\/portalv1.com.br\/api\/wp\/v2\/categories?post=677"},{"taxonomy":"post_tag","embeddable":true,"href":"https:\/\/portalv1.com.br\/api\/wp\/v2\/tags?post=677"}],"curies":[{"name":"wp","href":"https:\/\/api.w.org\/{rel}","templated":true}]}}