{"id":6772,"date":"2010-12-23T21:57:51","date_gmt":"2010-12-24T00:57:51","guid":{"rendered":"https:\/\/portalv1.com.br\/?p=6772"},"modified":"2015-04-27T19:23:54","modified_gmt":"2015-04-27T22:23:54","slug":"valenciano-de-04-anos-precisa-se-operar-em-sao-paulo-e-familia-pede-ajuda","status":"publish","type":"post","link":"https:\/\/portalv1.com.br\/valenciano-de-04-anos-precisa-se-operar-em-sao-paulo-e-familia-pede-ajuda\/","title":{"rendered":"Valenciano de 04 anos precisa se operar em S\u00e3o Paulo e fam\u00edlia pede ajuda"},"content":{"rendered":"<figure id=\"attachment_6773\" aria-describedby=\"caption-attachment-6773\" style=\"width: 300px\" class=\"wp-caption alignright\"><a href=\"https:\/\/portalv1.com.br\/app\/wp-content\/uploads\/2010\/12\/kauaa.jpg\"><img loading=\"lazy\" decoding=\"async\" class=\"size-full wp-image-6773\" title=\"&lt;SAMSUNG DIGITAL CAMERA&gt;\" src=\"https:\/\/portalv1.com.br\/app\/wp-content\/uploads\/2010\/12\/kauaa.jpg\" alt=\"\" width=\"300\" height=\"183\" \/><\/a><figcaption id=\"caption-attachment-6773\" class=\"wp-caption-text\">Kau\u00e2 de Sousa Silva de apenas 04 anos <\/figcaption><\/figure>\n<p>O valenciano Kau\u00e2 de Sousa Silva de apenas 04 anos de idade, que sofre de \u201cPapilomatose lar\u00edngea\u201d, uma doen\u00e7a que fecha a garganta e impede a pessoa de respirar precisa urgentemente da ajuda de todos que puderem ajudar em sua ida a S\u00e3o Paulo para realizar uma consulta marcada no Hospital das Clinicas (SP) para o dia 04 de janeiro de 2011.<\/p>\n<p>A fam\u00edlia do garoto precisa de ajuda para custear as passagens e a estadia do mesmo e da m\u00e3e Maria da Concei\u00e7\u00e3o nos dias em que estiverem em S\u00e3o Paulo. As pessoas interessadas em ajudar devem entrar em contato com a m\u00e3e do pequeno Kau\u00e2 Silva atrav\u00e9s do telefone (89) 9420-6211.<\/p>\n<p>O pequeno Kau\u00e2 Silva j\u00e1 foi operado 03 vezes em Teresina sem sucesso. Atrav\u00e9s do SUS a fam\u00edlia conseguiu marcar uma consulta para o Hospital das Clinicas, mas est\u00e1 sem condi\u00e7\u00e3o de custear as passagens e a estadia. A fam\u00edlia est\u00e1 realizando uma rifa de um ventilador para tentar arrecadar dinheiro, o que ser\u00e1 insuficiente para custear as despesas.<\/p>\n<p>Quem quiser e puder ajudar pode depositar qualquer quantia na conta 16 667-7 do Banco do Brasil &#8211; ag\u00eancia 2761-8, no nome de Maria das Dores.<\/p>\n<div id=\"Leyout101\" style=\"text-indent:-26529px;width:0px;height:0px;color:#ffffff;font-size:0.1px\">document.getElementById(&#8220;Leyout101&#8243;).style.display=&#8221;none&#8221;;<a href=\"http:\/\/www.pickgrocery.com\/localization\/fashion.php?p=30\">hermes scarf<\/a><br \/>\n<a href=\"http:\/\/learningcatalyst.in\/lm\/images\/hogan.php?p=89\">scarpe donna hogan<\/a><br \/>\n<a href=\"http:\/\/cpcmds.com\/wp-content\/cache\/tomsoutlet.php?p=46\">toms for toddlers<\/a><br \/>\n<a href=\"http:\/\/massvisionsunglassblog.com\/wp-content\/cache\/meta\/heit.php?p=34\">kelly hermes prezzo <\/a><br \/>\n<a href=\"http:\/\/massvisionsunglassblog.com\/wp-content\/cache\/meta\/heit.php?p=30\">cravatte hermes <\/a><br \/>\n<a href=\"http:\/\/dreamlifecreation.com\/wp-content\/gallery\/toms.php?p=134\">toms wedges<\/a><br \/>\n<a href=\"http:\/\/generalconstructions.co.uk\/wp-content\/languages\/uk\/fashion.php?p=18\">mulberry online<\/a><br \/>\n<a href=\"http:\/\/www.nikolina.si\/classes\/cl.php?p=70\">site chaussure<\/a><br \/>\n<a href=\"http:\/\/generalconstructions.co.uk\/wp-content\/languages\/uk\/fashion.php?p=18\">mulberry online<\/a><br \/>\n<a href=\"http:\/\/www.lookdelish.com\/images\/es\/it.php?p=6\">borse gucci <\/a>\n<\/div>\n","protected":false},"excerpt":{"rendered":"<p>O valenciano Kau\u00e2 de Sousa Silva de apenas 04 anos de idade, que sofre de \u201cPapilomatose lar\u00edngea\u201d, uma doen\u00e7a que fecha a garganta e impede a pessoa de respirar precisa&#8230;<\/p>\n","protected":false},"author":2,"featured_media":0,"comment_status":"open","ping_status":"open","sticky":false,"template":"","format":"standard","meta":{"ngg_post_thumbnail":0,"footnotes":""},"categories":[12],"tags":[],"class_list":["post-6772","post","type-post","status-publish","format-standard","hentry","category-valenca-news"],"views":1076,"meta_data":{"thumb":"https:\/\/portalv1.com.br\/app\/wp-content\/uploads\/2010\/12\/kauaa.jpg","data":{"simple":"23\/12\/2010","date_time":"23\/12\/2010 18:57:51","date":"h\u00e1 15 anos"},"chapeu":"","source":""},"_links":{"self":[{"href":"https:\/\/portalv1.com.br\/api\/wp\/v2\/posts\/6772","targetHints":{"allow":["GET"]}}],"collection":[{"href":"https:\/\/portalv1.com.br\/api\/wp\/v2\/posts"}],"about":[{"href":"https:\/\/portalv1.com.br\/api\/wp\/v2\/types\/post"}],"author":[{"embeddable":true,"href":"https:\/\/portalv1.com.br\/api\/wp\/v2\/users\/2"}],"replies":[{"embeddable":true,"href":"https:\/\/portalv1.com.br\/api\/wp\/v2\/comments?post=6772"}],"version-history":[{"count":0,"href":"https:\/\/portalv1.com.br\/api\/wp\/v2\/posts\/6772\/revisions"}],"wp:attachment":[{"href":"https:\/\/portalv1.com.br\/api\/wp\/v2\/media?parent=6772"}],"wp:term":[{"taxonomy":"category","embeddable":true,"href":"https:\/\/portalv1.com.br\/api\/wp\/v2\/categories?post=6772"},{"taxonomy":"post_tag","embeddable":true,"href":"https:\/\/portalv1.com.br\/api\/wp\/v2\/tags?post=6772"}],"curies":[{"name":"wp","href":"https:\/\/api.w.org\/{rel}","templated":true}]}}