{"id":67796,"date":"2019-01-24T15:18:46","date_gmt":"2019-01-24T18:18:46","guid":{"rendered":"https:\/\/portalv1.com.br\/?p=67796"},"modified":"2019-01-28T00:14:44","modified_gmt":"2019-01-28T03:14:44","slug":"contagem-regressiva-para-o-aniversario-de-barra-dalcantara-ja-comecou","status":"publish","type":"post","link":"https:\/\/portalv1.com.br\/contagem-regressiva-para-o-aniversario-de-barra-dalcantara-ja-comecou\/","title":{"rendered":"Contagem regressiva para o anivers\u00e1rio de Barra D`Alc\u00e2ntara j\u00e1 come\u00e7ou"},"content":{"rendered":"<figure id=\"attachment_67797\" aria-describedby=\"caption-attachment-67797\" style=\"width: 640px\" class=\"wp-caption aligncenter\"><a href=\"https:\/\/portalv1.com.br\/app\/wp-content\/uploads\/2019\/01\/barra-Copy.jpg\"><img loading=\"lazy\" decoding=\"async\" class=\"size-large wp-image-67797\" src=\"https:\/\/portalv1.com.br\/app\/wp-content\/uploads\/2019\/01\/barra-Copy-640x360.jpg\" alt=\"\" width=\"640\" height=\"360\" srcset=\"https:\/\/portalv1.com.br\/app\/wp-content\/uploads\/2019\/01\/barra-Copy.jpg 640w, https:\/\/portalv1.com.br\/app\/wp-content\/uploads\/2019\/01\/barra-Copy-300x169.jpg 300w\" sizes=\"auto, (max-width: 640px) 100vw, 640px\" \/><\/a><figcaption id=\"caption-attachment-67797\" class=\"wp-caption-text\">Barra D`Alc\u00e2ntara<\/figcaption><\/figure>\n<p>Um dos eventos mais aguardados da regi\u00e3o valenciana est\u00e1 em sua contagem regressiva. A programa\u00e7\u00e3o dos 25 anos de Barra D`Alc\u00e2ntara nesse s\u00e1bado (26), j\u00e1 movimenta a regi\u00e3o e ter\u00e1 diversas atra\u00e7\u00f5es esportivas, culturais, religiosas e shows na Pra\u00e7a Ivonete Guedes.<\/p>\n<p>Entre os shows marcados para o s\u00e1bado (26), est\u00e1 o do cantor Eric Land apontado como uma grande uma das grandes revela\u00e7\u00f5es musicais do sertanejo e forr\u00f3 universit\u00e1rio. Al\u00e9m de Eric Land, a festa ter\u00e1 ainda as bandas: Farra do Doidim, M\u00e1rcio Bispo, R. Skema, Tome Forr\u00f3 e Dennys Show.<\/p>\n<p>Nesta quinta (24), haver\u00e1 missa \u00e0s 19h na Matriz e na sexta-feira (25) acontecer\u00e1 uma cruzada evangel\u00edstica com a participa\u00e7\u00e3o de todas as igrejas evang\u00e9licas do munic\u00edpio.<\/p>\n<p>No s\u00e1bado (26), as atividades come\u00e7am \u00e0s 06hs da manh\u00e3 com competi\u00e7\u00f5es esportivas e corte do bolo. \u00c0 tarde ser\u00e1 realizada a final do campeonato municipal entre as equipes do XV de julho e Riach\u00e3o e \u00e0 noite os shows em pra\u00e7a p\u00fablica.<\/p>\n","protected":false},"excerpt":{"rendered":"<p>Um dos eventos mais aguardados da regi\u00e3o valenciana est\u00e1 em sua contagem regressiva. A programa\u00e7\u00e3o dos 25 anos de Barra D`Alc\u00e2ntara nesse s\u00e1bado (26), j\u00e1 movimenta a regi\u00e3o e ter\u00e1&#8230;<\/p>\n","protected":false},"author":1,"featured_media":67797,"comment_status":"open","ping_status":"open","sticky":false,"template":"","format":"standard","meta":{"ngg_post_thumbnail":0,"footnotes":""},"categories":[12],"tags":[],"class_list":["post-67796","post","type-post","status-publish","format-standard","has-post-thumbnail","hentry","category-valenca-news"],"views":1038,"meta_data":{"thumb":"https:\/\/portalv1.com.br\/app\/wp-content\/uploads\/2019\/01\/barra-Copy.jpg","imagem":{"fullsize":{"url":"https:\/\/portalv1.com.br\/app\/wp-content\/uploads\/2019\/01\/barra-Copy.jpg","width":640,"height":360},"thumbnail":{"url":"https:\/\/portalv1.com.br\/app\/wp-content\/uploads\/2019\/01\/barra-Copy-100x100.jpg","width":100,"height":100},"medium":{"url":"https:\/\/portalv1.com.br\/app\/wp-content\/uploads\/2019\/01\/barra-Copy-300x169.jpg","width":300,"height":169},"large":{"url":"https:\/\/portalv1.com.br\/app\/wp-content\/uploads\/2019\/01\/barra-Copy-640x360.jpg","width":640,"height":360}},"data":{"simple":"24\/01\/2019","date_time":"24\/01\/2019 12:18:46","date":"h\u00e1 7 anos"},"chapeu":"Veja atra\u00e7\u00f5es ","source":"retirar"},"_links":{"self":[{"href":"https:\/\/portalv1.com.br\/api\/wp\/v2\/posts\/67796","targetHints":{"allow":["GET"]}}],"collection":[{"href":"https:\/\/portalv1.com.br\/api\/wp\/v2\/posts"}],"about":[{"href":"https:\/\/portalv1.com.br\/api\/wp\/v2\/types\/post"}],"author":[{"embeddable":true,"href":"https:\/\/portalv1.com.br\/api\/wp\/v2\/users\/1"}],"replies":[{"embeddable":true,"href":"https:\/\/portalv1.com.br\/api\/wp\/v2\/comments?post=67796"}],"version-history":[{"count":0,"href":"https:\/\/portalv1.com.br\/api\/wp\/v2\/posts\/67796\/revisions"}],"wp:featuredmedia":[{"embeddable":true,"href":"https:\/\/portalv1.com.br\/api\/wp\/v2\/media\/67797"}],"wp:attachment":[{"href":"https:\/\/portalv1.com.br\/api\/wp\/v2\/media?parent=67796"}],"wp:term":[{"taxonomy":"category","embeddable":true,"href":"https:\/\/portalv1.com.br\/api\/wp\/v2\/categories?post=67796"},{"taxonomy":"post_tag","embeddable":true,"href":"https:\/\/portalv1.com.br\/api\/wp\/v2\/tags?post=67796"}],"curies":[{"name":"wp","href":"https:\/\/api.w.org\/{rel}","templated":true}]}}