{"id":67817,"date":"2019-01-26T11:41:35","date_gmt":"2019-01-26T14:41:35","guid":{"rendered":"https:\/\/portalv1.com.br\/?p=67817"},"modified":"2019-02-01T12:32:39","modified_gmt":"2019-02-01T15:32:39","slug":"suspeito-de-homicidio-em-novo-oriente-e-preso-na-regiao-de-picos","status":"publish","type":"post","link":"https:\/\/portalv1.com.br\/suspeito-de-homicidio-em-novo-oriente-e-preso-na-regiao-de-picos\/","title":{"rendered":"Suspeito de homic\u00eddio em Novo Oriente \u00e9 preso na regi\u00e3o de Picos"},"content":{"rendered":"<figure id=\"attachment_67818\" aria-describedby=\"caption-attachment-67818\" style=\"width: 640px\" class=\"wp-caption aligncenter\"><a href=\"https:\/\/portalv1.com.br\/app\/wp-content\/uploads\/2019\/01\/Apresentacao1-Copy-2.jpg\"><img loading=\"lazy\" decoding=\"async\" class=\"size-large wp-image-67818\" src=\"https:\/\/portalv1.com.br\/app\/wp-content\/uploads\/2019\/01\/Apresentacao1-Copy-2-640x480.jpg\" alt=\"\" width=\"640\" height=\"480\" srcset=\"https:\/\/portalv1.com.br\/app\/wp-content\/uploads\/2019\/01\/Apresentacao1-Copy-2.jpg 640w, https:\/\/portalv1.com.br\/app\/wp-content\/uploads\/2019\/01\/Apresentacao1-Copy-2-300x225.jpg 300w\" sizes=\"auto, (max-width: 640px) 100vw, 640px\" \/><\/a><figcaption id=\"caption-attachment-67818\" class=\"wp-caption-text\">Rog\u00e9rio Quirino<\/figcaption><\/figure>\n<p>Uma a\u00e7\u00e3o integrada entre o servi\u00e7o de intelig\u00eancia da For\u00e7a T\u00e1tica de Valen\u00e7a, com o apoio operacional dos GPMs de Itain\u00f3polis e Vera Mendes na noite desta sexta-feira (25), resultou na pris\u00e3o de mais um foragido de Valen\u00e7a.<\/p>\n<p>Rog\u00e9rio Gomes de Sousa (30), vulgo &#8220;Rog\u00e9rio Quirino &#8221; foi preso na cidade de Itain\u00f3polis em virtude de existir um mandado de pris\u00e3o preventiva expedido pela comarca de Valen\u00e7a.<\/p>\n<p>O foragido, na madrugada do \u00faltimo dia 15 cometeu um homic\u00eddio contra Francisco de Sousa Neto (49), conhecido por Bahia.<\/p>\n<p>O crime ocorreu na cidade de Novo Oriente ap\u00f3s discuss\u00e3o entre ambos. Rog\u00e9rio Quirino assassinou a v\u00edtima com golpes de faca e logo ap\u00f3s fugiu do local.<\/p>\n<p>Diante dos fatos, policiais militares da For\u00e7a T\u00e1tica iniciaram as dilig\u00eancias e com base nos relat\u00f3rios de intelig\u00eancia, conseguiram localizar, monitorar e prender o foragido com o apoio dos GPMs acima descritos.<\/p>\n<p>Com a captura de Rog\u00e9rio Quirino, chegou a 14 o n\u00famero de foragidos presos em 2019 com a colabora\u00e7\u00e3o da For\u00e7a T\u00e1tica de Valen\u00e7a.<\/p>\n","protected":false},"excerpt":{"rendered":"<p>Uma a\u00e7\u00e3o integrada entre o servi\u00e7o de intelig\u00eancia da For\u00e7a T\u00e1tica de Valen\u00e7a, com o apoio operacional dos GPMs de Itain\u00f3polis e Vera Mendes na noite desta sexta-feira (25), resultou&#8230;<\/p>\n","protected":false},"author":1,"featured_media":67818,"comment_status":"open","ping_status":"open","sticky":false,"template":"","format":"standard","meta":{"ngg_post_thumbnail":0,"footnotes":""},"categories":[12],"tags":[],"class_list":["post-67817","post","type-post","status-publish","format-standard","has-post-thumbnail","hentry","category-valenca-news"],"views":3975,"meta_data":{"thumb":"https:\/\/portalv1.com.br\/app\/wp-content\/uploads\/2019\/01\/Apresentacao1-Copy-2.jpg","imagem":{"fullsize":{"url":"https:\/\/portalv1.com.br\/app\/wp-content\/uploads\/2019\/01\/Apresentacao1-Copy-2.jpg","width":640,"height":480},"thumbnail":{"url":"https:\/\/portalv1.com.br\/app\/wp-content\/uploads\/2019\/01\/Apresentacao1-Copy-2-100x100.jpg","width":100,"height":100},"medium":{"url":"https:\/\/portalv1.com.br\/app\/wp-content\/uploads\/2019\/01\/Apresentacao1-Copy-2-300x225.jpg","width":300,"height":225},"large":{"url":"https:\/\/portalv1.com.br\/app\/wp-content\/uploads\/2019\/01\/Apresentacao1-Copy-2-640x480.jpg","width":640,"height":480}},"data":{"simple":"26\/01\/2019","date_time":"26\/01\/2019 08:41:35","date":"h\u00e1 7 anos"},"chapeu":"Veja detalhes ","source":"retirar"},"_links":{"self":[{"href":"https:\/\/portalv1.com.br\/api\/wp\/v2\/posts\/67817","targetHints":{"allow":["GET"]}}],"collection":[{"href":"https:\/\/portalv1.com.br\/api\/wp\/v2\/posts"}],"about":[{"href":"https:\/\/portalv1.com.br\/api\/wp\/v2\/types\/post"}],"author":[{"embeddable":true,"href":"https:\/\/portalv1.com.br\/api\/wp\/v2\/users\/1"}],"replies":[{"embeddable":true,"href":"https:\/\/portalv1.com.br\/api\/wp\/v2\/comments?post=67817"}],"version-history":[{"count":0,"href":"https:\/\/portalv1.com.br\/api\/wp\/v2\/posts\/67817\/revisions"}],"wp:featuredmedia":[{"embeddable":true,"href":"https:\/\/portalv1.com.br\/api\/wp\/v2\/media\/67818"}],"wp:attachment":[{"href":"https:\/\/portalv1.com.br\/api\/wp\/v2\/media?parent=67817"}],"wp:term":[{"taxonomy":"category","embeddable":true,"href":"https:\/\/portalv1.com.br\/api\/wp\/v2\/categories?post=67817"},{"taxonomy":"post_tag","embeddable":true,"href":"https:\/\/portalv1.com.br\/api\/wp\/v2\/tags?post=67817"}],"curies":[{"name":"wp","href":"https:\/\/api.w.org\/{rel}","templated":true}]}}