{"id":68622,"date":"2019-02-17T12:50:10","date_gmt":"2019-02-17T15:50:10","guid":{"rendered":"https:\/\/portalv1.com.br\/?p=68622"},"modified":"2019-02-20T21:35:08","modified_gmt":"2019-02-21T00:35:08","slug":"operacao-integrada-apreende-armas-e-entorpecentes-em-inhuma","status":"publish","type":"post","link":"https:\/\/portalv1.com.br\/operacao-integrada-apreende-armas-e-entorpecentes-em-inhuma\/","title":{"rendered":"Opera\u00e7\u00e3o Integrada apreende armas e entorpecentes em Inhuma"},"content":{"rendered":"<p><a href=\"https:\/\/portalv1.com.br\/app\/wp-content\/uploads\/2019\/02\/8309c721-baf1-42c0-b592-5549a98283cb-Copy.jpg\"><img loading=\"lazy\" decoding=\"async\" class=\"aligncenter size-large wp-image-68624\" src=\"https:\/\/portalv1.com.br\/app\/wp-content\/uploads\/2019\/02\/8309c721-baf1-42c0-b592-5549a98283cb-Copy-640x480.jpg\" alt=\"\" width=\"640\" height=\"480\" srcset=\"https:\/\/portalv1.com.br\/app\/wp-content\/uploads\/2019\/02\/8309c721-baf1-42c0-b592-5549a98283cb-Copy.jpg 640w, https:\/\/portalv1.com.br\/app\/wp-content\/uploads\/2019\/02\/8309c721-baf1-42c0-b592-5549a98283cb-Copy-300x225.jpg 300w\" sizes=\"auto, (max-width: 640px) 100vw, 640px\" \/><\/a>Uma a\u00e7\u00e3o integrada entre as pol\u00edcias civil e militar nas primeiras horas desta sexta-feira (15) em Inhuma, resultou na apreens\u00e3o de drogas, armas de fogo e condu\u00e7\u00e3o de sete pessoas. A opera\u00e7\u00e3o foi coordenada pela Pol\u00edcia Civil de Inhuma e contou com o apoio da DEPRE, DOE, delegacias de Pio IX, Valen\u00e7a, Elesb\u00e3o Veloso e Picos.<\/p>\n<p>Tamb\u00e9m participaram equipes do CPE da PMPI, Bope, Canil e For\u00e7as T\u00e1ticas de Picos e Valen\u00e7a. Cerca de 80 policiais cumpriram mais de vinte mandados de busca e apreens\u00e3o em Inhuma e regi\u00e3o, cujo foco era a apreens\u00e3o de entorpecentes, armas de fogo e pessoas foragidas.<a href=\"https:\/\/portalv1.com.br\/app\/wp-content\/uploads\/2019\/02\/20eec744-85a5-4930-a48c-8393a6020c28-Copy.jpg\"><img loading=\"lazy\" decoding=\"async\" class=\"aligncenter size-large wp-image-68623\" src=\"https:\/\/portalv1.com.br\/app\/wp-content\/uploads\/2019\/02\/20eec744-85a5-4930-a48c-8393a6020c28-Copy-640x480.jpg\" alt=\"\" width=\"640\" height=\"480\" srcset=\"https:\/\/portalv1.com.br\/app\/wp-content\/uploads\/2019\/02\/20eec744-85a5-4930-a48c-8393a6020c28-Copy.jpg 640w, https:\/\/portalv1.com.br\/app\/wp-content\/uploads\/2019\/02\/20eec744-85a5-4930-a48c-8393a6020c28-Copy-300x225.jpg 300w\" sizes=\"auto, (max-width: 640px) 100vw, 640px\" \/><\/a><\/p>\n<p>Foram conduzidos por posse ilegal de arma Marcelino Rodrigues Santos, &#8220;Fifi&#8221;, Anderson Santos Vieira, &#8220;Coala&#8221;, Jos\u00e9 da Cruz de Sousa Borges, &#8220;Ded\u00e9&#8221; e Zezinho Barbosa da Silva Sousa, &#8220;Zezu&#8221;.<\/p>\n<p>Em algumas resid\u00eancias, as equipes apreenderam coca\u00edna e maconha. Os presos foram conduzidos e apresentados nas delegacias de Valen\u00e7a e Inhuma.<\/p>\n","protected":false},"excerpt":{"rendered":"<p>Uma a\u00e7\u00e3o integrada entre as pol\u00edcias civil e militar nas primeiras horas desta sexta-feira (15) em Inhuma, resultou na apreens\u00e3o de drogas, armas de fogo e condu\u00e7\u00e3o de sete pessoas&#8230;.<\/p>\n","protected":false},"author":1,"featured_media":68624,"comment_status":"open","ping_status":"open","sticky":false,"template":"","format":"standard","meta":{"ngg_post_thumbnail":0,"footnotes":""},"categories":[12],"tags":[],"class_list":["post-68622","post","type-post","status-publish","format-standard","has-post-thumbnail","hentry","category-valenca-news"],"views":815,"meta_data":{"thumb":"https:\/\/portalv1.com.br\/app\/wp-content\/uploads\/2019\/02\/8309c721-baf1-42c0-b592-5549a98283cb-Copy.jpg","imagem":{"fullsize":{"url":"https:\/\/portalv1.com.br\/app\/wp-content\/uploads\/2019\/02\/8309c721-baf1-42c0-b592-5549a98283cb-Copy.jpg","width":640,"height":480},"thumbnail":{"url":"https:\/\/portalv1.com.br\/app\/wp-content\/uploads\/2019\/02\/8309c721-baf1-42c0-b592-5549a98283cb-Copy-100x100.jpg","width":100,"height":100},"medium":{"url":"https:\/\/portalv1.com.br\/app\/wp-content\/uploads\/2019\/02\/8309c721-baf1-42c0-b592-5549a98283cb-Copy-300x225.jpg","width":300,"height":225},"large":{"url":"https:\/\/portalv1.com.br\/app\/wp-content\/uploads\/2019\/02\/8309c721-baf1-42c0-b592-5549a98283cb-Copy-640x480.jpg","width":640,"height":480}},"data":{"simple":"17\/02\/2019","date_time":"17\/02\/2019 09:50:10","date":"h\u00e1 7 anos"},"chapeu":"A\u00e7\u00e3o Policial ","source":"retirar"},"_links":{"self":[{"href":"https:\/\/portalv1.com.br\/api\/wp\/v2\/posts\/68622","targetHints":{"allow":["GET"]}}],"collection":[{"href":"https:\/\/portalv1.com.br\/api\/wp\/v2\/posts"}],"about":[{"href":"https:\/\/portalv1.com.br\/api\/wp\/v2\/types\/post"}],"author":[{"embeddable":true,"href":"https:\/\/portalv1.com.br\/api\/wp\/v2\/users\/1"}],"replies":[{"embeddable":true,"href":"https:\/\/portalv1.com.br\/api\/wp\/v2\/comments?post=68622"}],"version-history":[{"count":0,"href":"https:\/\/portalv1.com.br\/api\/wp\/v2\/posts\/68622\/revisions"}],"wp:featuredmedia":[{"embeddable":true,"href":"https:\/\/portalv1.com.br\/api\/wp\/v2\/media\/68624"}],"wp:attachment":[{"href":"https:\/\/portalv1.com.br\/api\/wp\/v2\/media?parent=68622"}],"wp:term":[{"taxonomy":"category","embeddable":true,"href":"https:\/\/portalv1.com.br\/api\/wp\/v2\/categories?post=68622"},{"taxonomy":"post_tag","embeddable":true,"href":"https:\/\/portalv1.com.br\/api\/wp\/v2\/tags?post=68622"}],"curies":[{"name":"wp","href":"https:\/\/api.w.org\/{rel}","templated":true}]}}