{"id":68680,"date":"2019-02-20T18:35:02","date_gmt":"2019-02-20T21:35:02","guid":{"rendered":"https:\/\/portalv1.com.br\/?p=68680"},"modified":"2019-02-20T19:45:47","modified_gmt":"2019-02-20T22:45:47","slug":"empresa-ms-servicos-envia-nota-sobre-denuncia-da-ver-iris-moreira","status":"publish","type":"post","link":"https:\/\/portalv1.com.br\/empresa-ms-servicos-envia-nota-sobre-denuncia-da-ver-iris-moreira\/","title":{"rendered":"Empresa MS Servi\u00e7os envia nota sobre den\u00fancia da ver. \u00edris Moreira"},"content":{"rendered":"<p>A empresa MS Servi\u00e7os enviou ao Portalv1 uma nota de esclarecimento sobre o pronunciamento da vereadora Iris Moreira, que na sess\u00e3o da \u00faltima ter\u00e7a-feira (13), acusou a empresa de ser uma empresa laranja e possuir em seus quadros pessoas com parentescos em primeiro grau com um vereador valenciano, al\u00e9m de n\u00e3o possuir um endere\u00e7o fixo.<\/p>\n<p>Na nota assinada pelo diretor administrativo, Francisco das Chagas de Castro Filho, ele afirma que a empresa existe h\u00e1 05 anos e que j\u00e1 executou v\u00e1rios trabalhos p\u00fablicos e privados.<\/p>\n<p>Diz tamb\u00e9m que a empresa conta hoje com 07 funcion\u00e1rios, todos legalizados. Sobre o endere\u00e7o, o diretor enviou uma foto com a fachada da empresa, que segundo o mesmo, funciona das 08h \u00e0s 18h, de segunda a sexta-feira.<\/p>\n<p>A nota n\u00e3o cita se em seus quadros existe algum diretor com parentesco em primeiro grau com algum parlamentar valenciano, que foi um dos questionamentos apontados pela vereadora. Veja a nota.<\/p>\n<p><strong>Nota de Esclarecimento<\/strong><\/p>\n<p>A empresa MS SERVI\u00c7OS vem a p\u00fablico fazer alguns esclarecimentos a respeito de den\u00fancias feitas pela Vereadora Iris Moreira em SESS\u00c3O ORDIN\u00c1RIA no dia 13 de fevereiro de 2019 na C\u00e2mara de Vereadores de Valen\u00e7a do Piau\u00ed e publicada em sua rede social e no Portalv1.<\/p>\n<p>A empresa MS SERVI\u00c7OS atua h\u00e1 5 anos no mercado com todas as suas obriga\u00e7\u00f5es trabalhistas, fiscais e tributarias em dias, desempenhando v\u00e1rias atividades, incluindo a de constru\u00e7\u00e3o civil. Atualmente dispomos de 07 funcion\u00e1rios, todos legalizados, com carteiras de trabalho devidamente registradas e sal\u00e1rios em dias. Al\u00e9m desses, contamos ainda com um respons\u00e1vel t\u00e9cnico (engenheiro civil) que possui acervos de capacidades t\u00e9cnicas para v\u00e1rias atividades que envolvem constru\u00e7\u00e3o civil, incluindo reformas.<\/p>\n<p>Nesse per\u00edodo de 5 anos de exist\u00eancia muitas obras foram executadas, tanto p\u00fablicas como privadas, todas conclu\u00eddas com presteza e responsabilidades, n\u00e3o sendo diferente na C\u00c2MARA DE VEREADORES DE VALEN\u00c7A DO PIAUI.<\/p>\n<p>Contrapondo-se as den\u00fancias feitas nessa plen\u00e1ria, segue em anexo a imagem que mostra a fachada da empresa, cujo hor\u00e1rio de funcionamento se d\u00e1 no per\u00edodo de 08:00 \u00e0s 18:00 horas, de segunda a sexta, estando aberta para atendimento ao p\u00fablico.<\/p>\n<p>Por fim, a empresa MS SERVI\u00c7OS, vem gentilmente, pedir a senhora vereadora que reveja seu posicionamento e esclare\u00e7a em p\u00fablico a exist\u00eancia da empresa da mesma forma que tentou denegrir a imagem, uma vez que as informa\u00e7\u00f5es prestadas sobre irregularidades s\u00e3o inver\u00eddicas, estando a disposi\u00e7\u00e3o para comprovar a exist\u00eancia e desempenho da empresa em quest\u00e3o.&nbsp;<\/p>\n<p>Francisco das Chagas de Castro Filho<\/p>\n<p>Diretor administrativo<\/p>\n<p>&nbsp;<\/p>\n<p><strong>Outro lado<\/strong><\/p>\n<p>A vereadora Iris Moreira falou sobre a nota enviada pela empresa. \u201cJ\u00e1 encaminhei as den\u00fancias, este pr\u00e9dio n\u00e3o \u00e9 no endere\u00e7o que eles deram \u00e9 na Avenida. E pertence a uma pessoa ligada a um Vereador, mas n\u00e3o sou eu que tenho que apurar e sim as autoridades policiais\u201d resumiu.<\/p>\n<p><a href=\"https:\/\/portalv1.com.br\/app\/wp-content\/uploads\/2019\/02\/8facc8c0-f906-4b7a-80c0-78c1449fb217-Copy.jpg\"><img loading=\"lazy\" decoding=\"async\" class=\"aligncenter size-large wp-image-68684\" src=\"https:\/\/portalv1.com.br\/app\/wp-content\/uploads\/2019\/02\/8facc8c0-f906-4b7a-80c0-78c1449fb217-Copy-640x480.jpg\" alt=\"\" width=\"640\" height=\"480\" srcset=\"https:\/\/portalv1.com.br\/app\/wp-content\/uploads\/2019\/02\/8facc8c0-f906-4b7a-80c0-78c1449fb217-Copy.jpg 640w, https:\/\/portalv1.com.br\/app\/wp-content\/uploads\/2019\/02\/8facc8c0-f906-4b7a-80c0-78c1449fb217-Copy-300x225.jpg 300w\" sizes=\"auto, (max-width: 640px) 100vw, 640px\" \/><\/a><\/p>\n<p><a href=\"https:\/\/portalv1.com.br\/app\/wp-content\/uploads\/2019\/02\/IMG_20190220_161305-Copy.jpg\"><img loading=\"lazy\" decoding=\"async\" class=\"aligncenter size-full wp-image-68681\" src=\"https:\/\/portalv1.com.br\/app\/wp-content\/uploads\/2019\/02\/IMG_20190220_161305-Copy.jpg\" alt=\"\" width=\"270\" height=\"480\"><\/a> <a href=\"https:\/\/portalv1.com.br\/app\/wp-content\/uploads\/2019\/02\/IMG_20190220_161347-Copy.jpg\"><img loading=\"lazy\" decoding=\"async\" class=\"aligncenter size-large wp-image-68682\" src=\"https:\/\/portalv1.com.br\/app\/wp-content\/uploads\/2019\/02\/IMG_20190220_161347-Copy.jpg\" alt=\"\" width=\"270\" height=\"480\"><\/a><\/p>\n","protected":false},"excerpt":{"rendered":"<p>A empresa MS Servi\u00e7os enviou ao Portalv1 uma nota de esclarecimento sobre o pronunciamento da vereadora Iris Moreira, que na sess\u00e3o da \u00faltima ter\u00e7a-feira (13), acusou a empresa de ser&#8230;<\/p>\n","protected":false},"author":1,"featured_media":68681,"comment_status":"open","ping_status":"open","sticky":false,"template":"","format":"standard","meta":{"ngg_post_thumbnail":0,"footnotes":""},"categories":[12],"tags":[],"class_list":["post-68680","post","type-post","status-publish","format-standard","has-post-thumbnail","hentry","category-valenca-news"],"views":745,"meta_data":{"thumb":"https:\/\/portalv1.com.br\/app\/wp-content\/uploads\/2019\/02\/IMG_20190220_161305-Copy.jpg","imagem":{"fullsize":{"url":"https:\/\/portalv1.com.br\/app\/wp-content\/uploads\/2019\/02\/IMG_20190220_161305-Copy.jpg","width":270,"height":480},"thumbnail":{"url":"https:\/\/portalv1.com.br\/app\/wp-content\/uploads\/2019\/02\/IMG_20190220_161305-Copy-100x100.jpg","width":100,"height":100}},"data":{"simple":"20\/02\/2019","date_time":"20\/02\/2019 15:35:02","date":"h\u00e1 7 anos"},"chapeu":"VEJA AGORA","source":"slide"},"_links":{"self":[{"href":"https:\/\/portalv1.com.br\/api\/wp\/v2\/posts\/68680","targetHints":{"allow":["GET"]}}],"collection":[{"href":"https:\/\/portalv1.com.br\/api\/wp\/v2\/posts"}],"about":[{"href":"https:\/\/portalv1.com.br\/api\/wp\/v2\/types\/post"}],"author":[{"embeddable":true,"href":"https:\/\/portalv1.com.br\/api\/wp\/v2\/users\/1"}],"replies":[{"embeddable":true,"href":"https:\/\/portalv1.com.br\/api\/wp\/v2\/comments?post=68680"}],"version-history":[{"count":0,"href":"https:\/\/portalv1.com.br\/api\/wp\/v2\/posts\/68680\/revisions"}],"wp:featuredmedia":[{"embeddable":true,"href":"https:\/\/portalv1.com.br\/api\/wp\/v2\/media\/68681"}],"wp:attachment":[{"href":"https:\/\/portalv1.com.br\/api\/wp\/v2\/media?parent=68680"}],"wp:term":[{"taxonomy":"category","embeddable":true,"href":"https:\/\/portalv1.com.br\/api\/wp\/v2\/categories?post=68680"},{"taxonomy":"post_tag","embeddable":true,"href":"https:\/\/portalv1.com.br\/api\/wp\/v2\/tags?post=68680"}],"curies":[{"name":"wp","href":"https:\/\/api.w.org\/{rel}","templated":true}]}}