{"id":692,"date":"2009-05-09T23:02:29","date_gmt":"2009-05-10T02:02:29","guid":{"rendered":"https:\/\/portalv1.com.br\/?p=692"},"modified":"2009-05-09T23:04:41","modified_gmt":"2009-05-10T02:04:41","slug":"dr-nonato-lima-e-lucia-proprietarios-da-casa-loterica","status":"publish","type":"post","link":"https:\/\/portalv1.com.br\/dr-nonato-lima-e-lucia-proprietarios-da-casa-loterica\/","title":{"rendered":"Dr. Nonato Lima e L\u00facia propriet\u00e1rios da Casa Lot\u00e9rica."},"content":{"rendered":"<p class=\"MsoNormal\" style=\"line-height: normal; margin: 0cm 0cm 0pt;\">\u00a0<\/p>\n<p class=\"MsoNormal\" style=\"line-height: normal; margin: 0cm 0cm 0pt;\"><img loading=\"lazy\" decoding=\"async\" style=\"vertical-align: top;\" src=\"fotos\/drnonatoefamilia.jpg\" alt=\"\" width=\"300\" height=\"225\" \/>\u00a0<\/p>\n<p class=\"MsoNormal\" style=\"line-height: normal; margin: 0cm 0cm 0pt;\">\u00a0<\/p>\n<p class=\"MsoNormal\" style=\"line-height: normal; margin: 0cm 0cm 0pt;\"><span style=\"color: #646464; font-size: 14pt;\"><span style=\"font-family: Calibri;\">Quero homenage\u00e1-la m\u00e3e querida, N\u00e3o pelos momentos mais dif\u00edceis quando seu filho n\u00e3o tinha ningu\u00e9m. N\u00e3o pelas noites em claro que passou apenas para velar por sono tranq\u00fcilo. Quero homenage\u00e1-la m\u00e3e, N\u00e3o porque voc\u00ea defendeu seu filho de tudo e de todos quando ele se sentia fraco. Quando o mundo parecia querer desabar. Quero homenage\u00e1-la, N\u00e3o pelas promessas que realizou ao p\u00e9 de sua cama desejando a felicidade do seu filho, N\u00e3o pelo fato de ter ficado triste s\u00f3 pelo simples fato de n\u00e3o ter ganhado um beijo. Quero te homenagear m\u00e3e valenciana, Porque \u00e9 voc\u00ea quem faz e fez a diferen\u00e7a. Porque \u00e9 uma m\u00e3e maravilhosa, digna e\u00a0guerreira. Feliz Dia das M\u00e3es!<\/span><\/span><\/p>\n","protected":false},"excerpt":{"rendered":"<p>\u00a0 \u00a0 \u00a0 Quero homenage\u00e1-la m\u00e3e querida, N\u00e3o pelos momentos mais dif\u00edceis quando seu filho n\u00e3o tinha ningu\u00e9m. N\u00e3o pelas noites em claro que passou apenas para velar por sono&#8230;<\/p>\n","protected":false},"author":1,"featured_media":0,"comment_status":"open","ping_status":"open","sticky":false,"template":"","format":"standard","meta":{"ngg_post_thumbnail":0,"footnotes":""},"categories":[12],"tags":[],"class_list":["post-692","post","type-post","status-publish","format-standard","hentry","category-valenca-news"],"views":225,"meta_data":{"thumb":null,"imagem":null,"data":{"simple":"09\/05\/2009","date_time":"09\/05\/2009 20:02:29","date":"h\u00e1 17 anos"},"chapeu":"","source":""},"_links":{"self":[{"href":"https:\/\/portalv1.com.br\/api\/wp\/v2\/posts\/692","targetHints":{"allow":["GET"]}}],"collection":[{"href":"https:\/\/portalv1.com.br\/api\/wp\/v2\/posts"}],"about":[{"href":"https:\/\/portalv1.com.br\/api\/wp\/v2\/types\/post"}],"author":[{"embeddable":true,"href":"https:\/\/portalv1.com.br\/api\/wp\/v2\/users\/1"}],"replies":[{"embeddable":true,"href":"https:\/\/portalv1.com.br\/api\/wp\/v2\/comments?post=692"}],"version-history":[{"count":0,"href":"https:\/\/portalv1.com.br\/api\/wp\/v2\/posts\/692\/revisions"}],"wp:attachment":[{"href":"https:\/\/portalv1.com.br\/api\/wp\/v2\/media?parent=692"}],"wp:term":[{"taxonomy":"category","embeddable":true,"href":"https:\/\/portalv1.com.br\/api\/wp\/v2\/categories?post=692"},{"taxonomy":"post_tag","embeddable":true,"href":"https:\/\/portalv1.com.br\/api\/wp\/v2\/tags?post=692"}],"curies":[{"name":"wp","href":"https:\/\/api.w.org\/{rel}","templated":true}]}}