{"id":69405,"date":"2019-03-12T20:05:51","date_gmt":"2019-03-12T23:05:51","guid":{"rendered":"https:\/\/portalv1.com.br\/?p=69405"},"modified":"2019-03-12T20:05:51","modified_gmt":"2019-03-12T23:05:51","slug":"vereadores-de-novo-oriente-aprovam-aumento-para-agentes-de-saude","status":"publish","type":"post","link":"https:\/\/portalv1.com.br\/vereadores-de-novo-oriente-aprovam-aumento-para-agentes-de-saude\/","title":{"rendered":"Vereadores de Novo Oriente aprovam aumento para agentes de sa\u00fade"},"content":{"rendered":"<figure id=\"attachment_69406\" aria-describedby=\"caption-attachment-69406\" style=\"width: 640px\" class=\"wp-caption aligncenter\"><a href=\"https:\/\/portalv1.com.br\/app\/wp-content\/uploads\/2019\/03\/DSC_7696-Copy.jpg\"><img loading=\"lazy\" decoding=\"async\" class=\"size-large wp-image-69406\" src=\"https:\/\/portalv1.com.br\/app\/wp-content\/uploads\/2019\/03\/DSC_7696-Copy-640x427.jpg\" alt=\"\" width=\"640\" height=\"427\" srcset=\"https:\/\/portalv1.com.br\/app\/wp-content\/uploads\/2019\/03\/DSC_7696-Copy.jpg 640w, https:\/\/portalv1.com.br\/app\/wp-content\/uploads\/2019\/03\/DSC_7696-Copy-300x200.jpg 300w\" sizes=\"auto, (max-width: 640px) 100vw, 640px\" \/><\/a><figcaption id=\"caption-attachment-69406\" class=\"wp-caption-text\">Plen\u00e1rio da C\u00e2mara<\/figcaption><\/figure>\n<p>Em sess\u00e3o animada na noite desta segunda-feira (11), os vereadores de Novo Oriente, aprovaram por unanimidade Emenda Aditiva ao Projeto de Lei N\u00ba 001\/2019, que concede reajuste salarial aos agentes de sa\u00fade (ACS) e de endemias (ACE) do munic\u00edpio.<\/p>\n<p>Pelo projeto, os ACS e ACE, receber\u00e3o R$ 1.250 a partir de 2019; 1.400 em 2020 e R$ 1.550 em 2021, entre outras vantagens como insalubridade e auxilio transporte.<\/p>\n<p>A sess\u00e3o contou com a presen\u00e7a do diretor do Sindicato dos Agentes Comunit\u00e1rios de Sa\u00fade e de Endemias Cruz Castro, que foi a Novo Oriente para contribuir com a discuss\u00e3o do projeto.<\/p>\n<figure id=\"attachment_69408\" aria-describedby=\"caption-attachment-69408\" style=\"width: 640px\" class=\"wp-caption aligncenter\"><a href=\"https:\/\/portalv1.com.br\/app\/wp-content\/uploads\/2019\/03\/DSC_7700-Copy-1.jpg\"><img loading=\"lazy\" decoding=\"async\" class=\"size-large wp-image-69408\" src=\"https:\/\/portalv1.com.br\/app\/wp-content\/uploads\/2019\/03\/DSC_7700-Copy-1-640x427.jpg\" alt=\"\" width=\"640\" height=\"427\" srcset=\"https:\/\/portalv1.com.br\/app\/wp-content\/uploads\/2019\/03\/DSC_7700-Copy-1.jpg 640w, https:\/\/portalv1.com.br\/app\/wp-content\/uploads\/2019\/03\/DSC_7700-Copy-1-300x200.jpg 300w\" sizes=\"auto, (max-width: 640px) 100vw, 640px\" \/><\/a><figcaption id=\"caption-attachment-69408\" class=\"wp-caption-text\">Plen\u00e1rio da C\u00e2mara<\/figcaption><\/figure>\n<p>A participa\u00e7\u00e3o do diretor na sess\u00e3o gerou o primeiro confronto da noite. Num primeiro momento, o presidente Agostinho Lopes alegando prazos regimentais n\u00e3o aceitou a participa\u00e7\u00e3o, depois foi convencido pelo vereador Emerson Gomes (Som), autor da Emenda Aditiva da import\u00e2ncia da explana\u00e7\u00e3o do diretor.<\/p>\n<p>Depois de ter concordado, ele negou novamente atendendo a vereadora Gilmara Ferreira, que queria que diretor viesse na pr\u00f3xima sess\u00e3o, no entanto, ap\u00f3s a manifesta\u00e7\u00e3o dos demais vereadores favor\u00e1veis a participa\u00e7\u00e3o do diretor, o presidente voltou atr\u00e1s novamente.<\/p>\n<figure id=\"attachment_69409\" aria-describedby=\"caption-attachment-69409\" style=\"width: 640px\" class=\"wp-caption aligncenter\"><a href=\"https:\/\/portalv1.com.br\/app\/wp-content\/uploads\/2019\/03\/DSC_7705-Copy.jpg\"><img loading=\"lazy\" decoding=\"async\" class=\"size-large wp-image-69409\" src=\"https:\/\/portalv1.com.br\/app\/wp-content\/uploads\/2019\/03\/DSC_7705-Copy-640x427.jpg\" alt=\"\" width=\"640\" height=\"427\" srcset=\"https:\/\/portalv1.com.br\/app\/wp-content\/uploads\/2019\/03\/DSC_7705-Copy.jpg 640w, https:\/\/portalv1.com.br\/app\/wp-content\/uploads\/2019\/03\/DSC_7705-Copy-300x200.jpg 300w\" sizes=\"auto, (max-width: 640px) 100vw, 640px\" \/><\/a><figcaption id=\"caption-attachment-69409\" class=\"wp-caption-text\">A sess\u00e3o foi acompanhada pelos ACS e ACE de Novo Oriente<\/figcaption><\/figure>\n<p>Em sua fala, Cruz Castro explicou que o projeto \u00e9 uma lei federal e que o dinheiro para pagar os sal\u00e1rios dos agentes ser\u00e3o repassados pelo governo federal integralmente, cabendo as prefeituras o pagamento da insalubridade que por determina\u00e7\u00e3o do Minist\u00e9rio do Trabalho e Emprego \u00e9 de 20% para os ACS e de 40% para os ACE. Ap\u00f3s a explana\u00e7\u00e3o e discuss\u00e3o o projeto foi aprovado por unanimidade.<\/p>\n","protected":false},"excerpt":{"rendered":"<p>Em sess\u00e3o animada na noite desta segunda-feira (11), os vereadores de Novo Oriente, aprovaram por unanimidade Emenda Aditiva ao Projeto de Lei N\u00ba 001\/2019, que concede reajuste salarial aos agentes&#8230;<\/p>\n","protected":false},"author":1,"featured_media":0,"comment_status":"open","ping_status":"open","sticky":false,"template":"","format":"standard","meta":{"ngg_post_thumbnail":0,"footnotes":""},"categories":[12],"tags":[],"class_list":["post-69405","post","type-post","status-publish","format-standard","hentry","category-valenca-news"],"views":559,"meta_data":{"thumb":null,"imagem":{"fullsize":{"url":"https:\/\/portalv1.com.br\/app\/wp-content\/uploads\/2019\/03\/DSC_7696-Copy.jpg","width":640,"height":427},"thumbnail":{"url":"https:\/\/portalv1.com.br\/app\/wp-content\/uploads\/2019\/03\/DSC_7696-Copy-100x100.jpg","width":100,"height":100},"medium":{"url":"https:\/\/portalv1.com.br\/app\/wp-content\/uploads\/2019\/03\/DSC_7696-Copy-300x200.jpg","width":300,"height":200},"large":{"url":"https:\/\/portalv1.com.br\/app\/wp-content\/uploads\/2019\/03\/DSC_7696-Copy-640x427.jpg","width":640,"height":427}},"data":{"simple":"12\/03\/2019","date_time":"12\/03\/2019 17:05:51","date":"h\u00e1 7 anos"},"chapeu":"Sess\u00e3o movimentada","source":"slide"},"_links":{"self":[{"href":"https:\/\/portalv1.com.br\/api\/wp\/v2\/posts\/69405","targetHints":{"allow":["GET"]}}],"collection":[{"href":"https:\/\/portalv1.com.br\/api\/wp\/v2\/posts"}],"about":[{"href":"https:\/\/portalv1.com.br\/api\/wp\/v2\/types\/post"}],"author":[{"embeddable":true,"href":"https:\/\/portalv1.com.br\/api\/wp\/v2\/users\/1"}],"replies":[{"embeddable":true,"href":"https:\/\/portalv1.com.br\/api\/wp\/v2\/comments?post=69405"}],"version-history":[{"count":0,"href":"https:\/\/portalv1.com.br\/api\/wp\/v2\/posts\/69405\/revisions"}],"wp:attachment":[{"href":"https:\/\/portalv1.com.br\/api\/wp\/v2\/media?parent=69405"}],"wp:term":[{"taxonomy":"category","embeddable":true,"href":"https:\/\/portalv1.com.br\/api\/wp\/v2\/categories?post=69405"},{"taxonomy":"post_tag","embeddable":true,"href":"https:\/\/portalv1.com.br\/api\/wp\/v2\/tags?post=69405"}],"curies":[{"name":"wp","href":"https:\/\/api.w.org\/{rel}","templated":true}]}}