{"id":69444,"date":"2019-03-14T11:43:55","date_gmt":"2019-03-14T14:43:55","guid":{"rendered":"https:\/\/portalv1.com.br\/?p=69444"},"modified":"2019-03-17T01:08:45","modified_gmt":"2019-03-17T04:08:45","slug":"ministro-pede-vista-e-decisao-sobre-vereadores-de-valenca-continua-aberta","status":"publish","type":"post","link":"https:\/\/portalv1.com.br\/ministro-pede-vista-e-decisao-sobre-vereadores-de-valenca-continua-aberta\/","title":{"rendered":"Ministro pede vista e decis\u00e3o sobre vereadores de Valen\u00e7a continua aberta"},"content":{"rendered":"<figure id=\"attachment_69445\" aria-describedby=\"caption-attachment-69445\" style=\"width: 640px\" class=\"wp-caption aligncenter\"><a href=\"https:\/\/portalv1.com.br\/app\/wp-content\/uploads\/2019\/03\/luis-francivando-Copy.jpg\"><img loading=\"lazy\" decoding=\"async\" class=\"size-large wp-image-69445\" src=\"https:\/\/portalv1.com.br\/app\/wp-content\/uploads\/2019\/03\/luis-francivando-Copy-640x360.jpg\" alt=\"\" width=\"640\" height=\"360\" srcset=\"https:\/\/portalv1.com.br\/app\/wp-content\/uploads\/2019\/03\/luis-francivando-Copy.jpg 640w, https:\/\/portalv1.com.br\/app\/wp-content\/uploads\/2019\/03\/luis-francivando-Copy-300x169.jpg 300w\" sizes=\"auto, (max-width: 640px) 100vw, 640px\" \/><\/a><figcaption id=\"caption-attachment-69445\" class=\"wp-caption-text\">Advogado Dr. Lu\u00eds Francivando<\/figcaption><\/figure>\n<p>O ministro Edson Fachin, do Supremo Tribunal Federal, pediu vistas e o julgamento da a\u00e7\u00e3o que envolve a cassa\u00e7\u00e3o dos vereadores de Valen\u00e7a foi adiada.<\/p>\n<p>Com isso o pleito de 2016 de Valen\u00e7a continua em aberto no que diz respeito a composi\u00e7\u00e3o do Poder Legislativo. Antes do pedido de vistas, o relator ministro Jorge Mussi leu seu voto mantendo a cassa\u00e7\u00e3o dos vereadores.<\/p>\n<p>De acordo com o advogado Dr. Lu\u00eds Francivando, a expectativa \u00e9 que dentro 10 dias, a a\u00e7\u00e3o retorne ao plen\u00e1rio para a sua conclus\u00e3o. Assista ao v\u00eddeo com as considera\u00e7\u00f5es do advogado a respeito da sess\u00e3o do TSE. &nbsp;&nbsp;<\/p>\n<p><div class=\"content-iframe\" data-content-width=\"600\"><iframe loading=\"lazy\" style=\"border: none; overflow: hidden;\" src=\"https:\/\/www.facebook.com\/plugins\/video.php?href=https%3A%2F%2Fwww.facebook.com%2FSergioAlvesValenca%2Fvideos%2F2145504242162704%2F&amp;show_text=0&amp;width=560\" width=\"560\" height=\"316\" frameborder=\"0\" scrolling=\"no\" allowfullscreen=\"allowfullscreen\"><\/iframe><\/div><\/p>\n","protected":false},"excerpt":{"rendered":"<p>O ministro Edson Fachin, do Supremo Tribunal Federal, pediu vistas e o julgamento da a\u00e7\u00e3o que envolve a cassa\u00e7\u00e3o dos vereadores de Valen\u00e7a foi adiada. Com isso o pleito de&#8230;<\/p>\n","protected":false},"author":1,"featured_media":69445,"comment_status":"open","ping_status":"open","sticky":false,"template":"","format":"standard","meta":{"ngg_post_thumbnail":0,"footnotes":""},"categories":[12],"tags":[],"class_list":["post-69444","post","type-post","status-publish","format-standard","has-post-thumbnail","hentry","category-valenca-news"],"views":921,"meta_data":{"thumb":"https:\/\/portalv1.com.br\/app\/wp-content\/uploads\/2019\/03\/luis-francivando-Copy.jpg","imagem":{"fullsize":{"url":"https:\/\/portalv1.com.br\/app\/wp-content\/uploads\/2019\/03\/luis-francivando-Copy.jpg","width":640,"height":360},"thumbnail":{"url":"https:\/\/portalv1.com.br\/app\/wp-content\/uploads\/2019\/03\/luis-francivando-Copy-100x100.jpg","width":100,"height":100},"medium":{"url":"https:\/\/portalv1.com.br\/app\/wp-content\/uploads\/2019\/03\/luis-francivando-Copy-300x169.jpg","width":300,"height":169},"large":{"url":"https:\/\/portalv1.com.br\/app\/wp-content\/uploads\/2019\/03\/luis-francivando-Copy-640x360.jpg","width":640,"height":360}},"data":{"simple":"14\/03\/2019","date_time":"14\/03\/2019 08:43:55","date":"h\u00e1 7 anos"},"chapeu":"Assista a entrevista ","source":"foto_menor"},"_links":{"self":[{"href":"https:\/\/portalv1.com.br\/api\/wp\/v2\/posts\/69444","targetHints":{"allow":["GET"]}}],"collection":[{"href":"https:\/\/portalv1.com.br\/api\/wp\/v2\/posts"}],"about":[{"href":"https:\/\/portalv1.com.br\/api\/wp\/v2\/types\/post"}],"author":[{"embeddable":true,"href":"https:\/\/portalv1.com.br\/api\/wp\/v2\/users\/1"}],"replies":[{"embeddable":true,"href":"https:\/\/portalv1.com.br\/api\/wp\/v2\/comments?post=69444"}],"version-history":[{"count":0,"href":"https:\/\/portalv1.com.br\/api\/wp\/v2\/posts\/69444\/revisions"}],"wp:featuredmedia":[{"embeddable":true,"href":"https:\/\/portalv1.com.br\/api\/wp\/v2\/media\/69445"}],"wp:attachment":[{"href":"https:\/\/portalv1.com.br\/api\/wp\/v2\/media?parent=69444"}],"wp:term":[{"taxonomy":"category","embeddable":true,"href":"https:\/\/portalv1.com.br\/api\/wp\/v2\/categories?post=69444"},{"taxonomy":"post_tag","embeddable":true,"href":"https:\/\/portalv1.com.br\/api\/wp\/v2\/tags?post=69444"}],"curies":[{"name":"wp","href":"https:\/\/api.w.org\/{rel}","templated":true}]}}