{"id":69526,"date":"2019-03-20T15:34:59","date_gmt":"2019-03-20T18:34:59","guid":{"rendered":"https:\/\/portalv1.com.br\/?p=69526"},"modified":"2019-03-20T15:34:59","modified_gmt":"2019-03-20T18:34:59","slug":"acidente-entre-ambulancia-e-toyota-deixa-duas-pessoas-mortas-na-inhuma","status":"publish","type":"post","link":"https:\/\/portalv1.com.br\/acidente-entre-ambulancia-e-toyota-deixa-duas-pessoas-mortas-na-inhuma\/","title":{"rendered":"Acidente entre ambul\u00e2ncia e Toyota deixa duas pessoas mortas na Inhuma"},"content":{"rendered":"<figure id=\"attachment_69527\" aria-describedby=\"caption-attachment-69527\" style=\"width: 640px\" class=\"wp-caption aligncenter\"><a href=\"https:\/\/portalv1.com.br\/app\/wp-content\/uploads\/2019\/03\/ambulancia-jacobina-2-Copy.jpg\"><img loading=\"lazy\" decoding=\"async\" class=\"size-large wp-image-69527\" src=\"https:\/\/portalv1.com.br\/app\/wp-content\/uploads\/2019\/03\/ambulancia-jacobina-2-Copy-640x480.jpg\" alt=\"\" width=\"640\" height=\"480\" srcset=\"https:\/\/portalv1.com.br\/app\/wp-content\/uploads\/2019\/03\/ambulancia-jacobina-2-Copy.jpg 640w, https:\/\/portalv1.com.br\/app\/wp-content\/uploads\/2019\/03\/ambulancia-jacobina-2-Copy-300x225.jpg 300w\" sizes=\"auto, (max-width: 640px) 100vw, 640px\" \/><\/a><figcaption id=\"caption-attachment-69527\" class=\"wp-caption-text\">BR 316<\/figcaption><\/figure>\n<p>Pai e filho morreram em grave acidente que aconteceu na manh\u00e3 desta quarta-feira (20) no KM 247 da BR 316, na cidade de Inhuma.&nbsp; Uma ambul\u00e2ncia que fazia transporte de pacientes da prefeitura de Jacobina do Piau\u00ed, distante 428 quil\u00f4metros de Teresina, colidiu em um carro Toyota e, al\u00e9m das mortes, mais quatro pessoas ficaram feridas.<\/p>\n<p>O prefeito de Jacobina do Piau\u00ed, Gederl\u00e2nio Rodrigues, mais conhecido como GD, informou que as v\u00edtimas fatais s\u00e3o identificadas como Jos\u00e9 Jo\u00e3o de Sousa, 80, e Luiz Joao de Sousa, 48. Os dois s\u00e3o pai e filho e estavam na parte traseira da ambul\u00e2ncia. Jos\u00e9 Jo\u00e3o vinha para Teresina fazer um procedimento de bi\u00f3psia.<\/p>\n<figure id=\"attachment_69528\" aria-describedby=\"caption-attachment-69528\" style=\"width: 640px\" class=\"wp-caption aligncenter\"><a href=\"https:\/\/portalv1.com.br\/app\/wp-content\/uploads\/2019\/03\/ambulancia-jacobina-4-Copy.jpg\"><img loading=\"lazy\" decoding=\"async\" class=\"size-large wp-image-69528\" src=\"https:\/\/portalv1.com.br\/app\/wp-content\/uploads\/2019\/03\/ambulancia-jacobina-4-Copy-640x480.jpg\" alt=\"\" width=\"640\" height=\"480\" srcset=\"https:\/\/portalv1.com.br\/app\/wp-content\/uploads\/2019\/03\/ambulancia-jacobina-4-Copy.jpg 640w, https:\/\/portalv1.com.br\/app\/wp-content\/uploads\/2019\/03\/ambulancia-jacobina-4-Copy-300x225.jpg 300w\" sizes=\"auto, (max-width: 640px) 100vw, 640px\" \/><\/a><figcaption id=\"caption-attachment-69528\" class=\"wp-caption-text\">Acidente na BR 316<\/figcaption><\/figure>\n<p>O prefeito lamenta as mortes e acompanha o acidente. Ele esteve no local e conta que provavelmente o condutor da Toyota invadiu a contram\u00e3o e colidiu frontalmente com ambul\u00e2ncia do munic\u00edpio, que saiu de Jacobina para a capital.<\/p>\n<p>Na ambul\u00e2ncia havia mais tr\u00eas pessoas. O motorista do ve\u00edculo Jos\u00e9 Ozeias e outros pacientes identificados como Lourdes de Sousa e Luizinha tamb\u00e9m ficaram feridas e foram encaminhados ao Hospital Regional de Picos. O prefeito n\u00e3o tem informa\u00e7\u00f5es sobre o estado de sa\u00fade do condutor da Toyota.<\/p>\n<figure id=\"attachment_69529\" aria-describedby=\"caption-attachment-69529\" style=\"width: 640px\" class=\"wp-caption aligncenter\"><a href=\"https:\/\/portalv1.com.br\/app\/wp-content\/uploads\/2019\/03\/PAI-E-FILHO-ACIDENTE-V-MENDES-Copy.jpg\"><img loading=\"lazy\" decoding=\"async\" class=\"size-large wp-image-69529\" src=\"https:\/\/portalv1.com.br\/app\/wp-content\/uploads\/2019\/03\/PAI-E-FILHO-ACIDENTE-V-MENDES-Copy-640x276.jpg\" alt=\"\" width=\"640\" height=\"276\" srcset=\"https:\/\/portalv1.com.br\/app\/wp-content\/uploads\/2019\/03\/PAI-E-FILHO-ACIDENTE-V-MENDES-Copy.jpg 640w, https:\/\/portalv1.com.br\/app\/wp-content\/uploads\/2019\/03\/PAI-E-FILHO-ACIDENTE-V-MENDES-Copy-300x129.jpg 300w\" sizes=\"auto, (max-width: 640px) 100vw, 640px\" \/><\/a><figcaption id=\"caption-attachment-69529\" class=\"wp-caption-text\">Vitamas fatais do acidente<\/figcaption><\/figure>\n<p>&nbsp;De acordo com a Pol\u00edcia Rodovi\u00e1ria Federal, duas v\u00edtimas tiveram les\u00f5es graves e outros dois ferimentos leves.&nbsp; Per\u00edcia est\u00e1 sendo realizada no local e deve definir o que provocou o acidente.<\/p>\n<p>Fonte: cidadeverde<\/p>\n","protected":false},"excerpt":{"rendered":"<p>Pai e filho morreram em grave acidente que aconteceu na manh\u00e3 desta quarta-feira (20) no KM 247 da BR 316, na cidade de Inhuma.&nbsp; Uma ambul\u00e2ncia que fazia transporte de&#8230;<\/p>\n","protected":false},"author":1,"featured_media":69528,"comment_status":"open","ping_status":"open","sticky":false,"template":"","format":"standard","meta":{"ngg_post_thumbnail":0,"footnotes":""},"categories":[12],"tags":[],"class_list":["post-69526","post","type-post","status-publish","format-standard","has-post-thumbnail","hentry","category-valenca-news"],"views":1051,"meta_data":{"thumb":"https:\/\/portalv1.com.br\/app\/wp-content\/uploads\/2019\/03\/ambulancia-jacobina-4-Copy.jpg","imagem":{"fullsize":{"url":"https:\/\/portalv1.com.br\/app\/wp-content\/uploads\/2019\/03\/ambulancia-jacobina-4-Copy.jpg","width":640,"height":480},"thumbnail":{"url":"https:\/\/portalv1.com.br\/app\/wp-content\/uploads\/2019\/03\/ambulancia-jacobina-4-Copy-100x100.jpg","width":100,"height":100},"medium":{"url":"https:\/\/portalv1.com.br\/app\/wp-content\/uploads\/2019\/03\/ambulancia-jacobina-4-Copy-300x225.jpg","width":300,"height":225},"large":{"url":"https:\/\/portalv1.com.br\/app\/wp-content\/uploads\/2019\/03\/ambulancia-jacobina-4-Copy-640x480.jpg","width":640,"height":480}},"data":{"simple":"20\/03\/2019","date_time":"20\/03\/2019 12:34:59","date":"h\u00e1 7 anos"},"chapeu":"Veja as fotos ","source":"m_destacada"},"_links":{"self":[{"href":"https:\/\/portalv1.com.br\/api\/wp\/v2\/posts\/69526","targetHints":{"allow":["GET"]}}],"collection":[{"href":"https:\/\/portalv1.com.br\/api\/wp\/v2\/posts"}],"about":[{"href":"https:\/\/portalv1.com.br\/api\/wp\/v2\/types\/post"}],"author":[{"embeddable":true,"href":"https:\/\/portalv1.com.br\/api\/wp\/v2\/users\/1"}],"replies":[{"embeddable":true,"href":"https:\/\/portalv1.com.br\/api\/wp\/v2\/comments?post=69526"}],"version-history":[{"count":0,"href":"https:\/\/portalv1.com.br\/api\/wp\/v2\/posts\/69526\/revisions"}],"wp:featuredmedia":[{"embeddable":true,"href":"https:\/\/portalv1.com.br\/api\/wp\/v2\/media\/69528"}],"wp:attachment":[{"href":"https:\/\/portalv1.com.br\/api\/wp\/v2\/media?parent=69526"}],"wp:term":[{"taxonomy":"category","embeddable":true,"href":"https:\/\/portalv1.com.br\/api\/wp\/v2\/categories?post=69526"},{"taxonomy":"post_tag","embeddable":true,"href":"https:\/\/portalv1.com.br\/api\/wp\/v2\/tags?post=69526"}],"curies":[{"name":"wp","href":"https:\/\/api.w.org\/{rel}","templated":true}]}}