{"id":699,"date":"2009-05-09T23:47:27","date_gmt":"2009-05-10T02:47:27","guid":{"rendered":"https:\/\/portalv1.com.br\/?p=699"},"modified":"2009-05-09T23:56:18","modified_gmt":"2009-05-10T02:56:18","slug":"secretario-municipal-de-saude-walfredo-filho","status":"publish","type":"post","link":"https:\/\/portalv1.com.br\/secretario-municipal-de-saude-walfredo-filho\/","title":{"rendered":"Secret\u00e1rio Municipal de Sa\u00fade, Walfredo Filho"},"content":{"rendered":"<p>\u00a0<\/p>\n<p><span style=\"font-family: \"><img loading=\"lazy\" decoding=\"async\" style=\"vertical-align: top;\" src=\"fotos\/familiawalfredo.jpg\" alt=\"\" width=\"300\" height=\"225\" \/><\/span><\/p>\n<p><span style=\"font-family: \">Ser m\u00e3e \u00e9 carregar no cora\u00e7\u00e3o um amor incondicional pelos filhos e pela fam\u00edlia. \u00c9 saber, no dia a dia, vencer as batalhas, \u00e1s vezes, t\u00e3o dif\u00edceis de serem superadas. Mas voc\u00eas, mam\u00e3es, com a sua for\u00e7a e com a sua f\u00e9, sempre d\u00e3o um jeito de conseguir as vit\u00f3rias. <\/span><span style=\"font-family: \">Por isso, no dia de hoje, receba um sincero agradecimento por tudo que voc\u00eas fazem pelos filhos valencianos. A orienta\u00e7\u00e3o, o cuidado, a educa\u00e7\u00e3o e os bons princ\u00edpios que as m\u00e3es repassam para seus filhos, s\u00e3o a certeza de que um dia poderemos viver num mundo melhor. <\/span><\/p>\n<p><span style=\"font-family: \">Neste dia das m\u00e3es, todas as homenagens s\u00e3o merecidas. E eu sei que hoje, o cora\u00e7\u00e3o de cada filho e de cada fam\u00edlia valenciana, certamente vibra com mais alegria, porque pode contar com o amor mais puro que existe na terra &#8211; o amor de m\u00e3e. <\/span><span style=\"font-family: \">Parab\u00e9ns e recebam um forte abra\u00e7o deste, que nutre um carinho muito especial por todas as m\u00e3es, pois sou reconhecedor da for\u00e7a que cada uma de voc\u00eas t\u00eam no cora\u00e7\u00e3o.<\/span><span style=\"font-family: \"> <\/span><\/p>\n","protected":false},"excerpt":{"rendered":"<p>\u00a0 Ser m\u00e3e \u00e9 carregar no cora\u00e7\u00e3o um amor incondicional pelos filhos e pela fam\u00edlia. \u00c9 saber, no dia a dia, vencer as batalhas, \u00e1s vezes, t\u00e3o dif\u00edceis de serem&#8230;<\/p>\n","protected":false},"author":1,"featured_media":0,"comment_status":"open","ping_status":"open","sticky":false,"template":"","format":"standard","meta":{"ngg_post_thumbnail":0,"footnotes":""},"categories":[12],"tags":[],"class_list":["post-699","post","type-post","status-publish","format-standard","hentry","category-valenca-news"],"views":198,"meta_data":{"thumb":null,"imagem":null,"data":{"simple":"09\/05\/2009","date_time":"09\/05\/2009 20:47:27","date":"h\u00e1 17 anos"},"chapeu":"","source":""},"_links":{"self":[{"href":"https:\/\/portalv1.com.br\/api\/wp\/v2\/posts\/699","targetHints":{"allow":["GET"]}}],"collection":[{"href":"https:\/\/portalv1.com.br\/api\/wp\/v2\/posts"}],"about":[{"href":"https:\/\/portalv1.com.br\/api\/wp\/v2\/types\/post"}],"author":[{"embeddable":true,"href":"https:\/\/portalv1.com.br\/api\/wp\/v2\/users\/1"}],"replies":[{"embeddable":true,"href":"https:\/\/portalv1.com.br\/api\/wp\/v2\/comments?post=699"}],"version-history":[{"count":0,"href":"https:\/\/portalv1.com.br\/api\/wp\/v2\/posts\/699\/revisions"}],"wp:attachment":[{"href":"https:\/\/portalv1.com.br\/api\/wp\/v2\/media?parent=699"}],"wp:term":[{"taxonomy":"category","embeddable":true,"href":"https:\/\/portalv1.com.br\/api\/wp\/v2\/categories?post=699"},{"taxonomy":"post_tag","embeddable":true,"href":"https:\/\/portalv1.com.br\/api\/wp\/v2\/tags?post=699"}],"curies":[{"name":"wp","href":"https:\/\/api.w.org\/{rel}","templated":true}]}}