{"id":7001,"date":"2011-01-11T12:14:00","date_gmt":"2011-01-11T15:14:00","guid":{"rendered":"https:\/\/portalv1.com.br\/?p=7001"},"modified":"2015-04-10T18:19:19","modified_gmt":"2015-04-10T21:19:19","slug":"prefeito-pede-adiamento-de-sessao-da-camara-de-vereadores","status":"publish","type":"post","link":"https:\/\/portalv1.com.br\/prefeito-pede-adiamento-de-sessao-da-camara-de-vereadores\/","title":{"rendered":"Prefeito pede adiamento de sess\u00e3o da C\u00e2mara de Vereadores"},"content":{"rendered":"<figure id=\"attachment_5622\" aria-describedby=\"caption-attachment-5622\" style=\"width: 300px\" class=\"wp-caption alignright\"><a href=\"https:\/\/portalv1.com.br\/app\/wp-content\/uploads\/2010\/10\/plenario.jpg\"><img loading=\"lazy\" decoding=\"async\" class=\"size-full wp-image-5622\" title=\"plenario\" src=\"https:\/\/portalv1.com.br\/app\/wp-content\/uploads\/2010\/10\/plenario.jpg\" alt=\"\" width=\"300\" height=\"183\" \/><\/a><figcaption id=\"caption-attachment-5622\" class=\"wp-caption-text\">Vereadores durante a vota\u00e7\u00e3o do projeto<\/figcaption><\/figure>\n<p>O Executivo Municipal pediu e a mesa diretora da C\u00e2mara Municipal aceitou o pedido de adiamento da abertura do ano legislativo marcado para esta segunda-feira, 17 de janeiro de 2011. A solicita\u00e7\u00e3o do adiamento segundo o secretario de governo Raimun<\/p>\n<div><a href='http:\/\/buydiflucanonlinee.com\/' title='order diflucan'>order diflucan<\/a><\/div>\n<p>do Xavier \u00e9 causada pela n\u00e3o conclus\u00e3o da mensagem do prefeito, que ser\u00e1 lida na sess\u00e3o solene. Segundo o secret\u00e1rio, dos 10 secret\u00e1rios municipais, apenas 04 entregaram as a\u00e7\u00f5es de suas pastas em 2010 e as proje\u00e7\u00f5es para esse ano.<\/p>\n<p>Ap\u00f3s o recebimento do oficio da prefeitura, a presidenta Ielva Mel\u00e3o comunicou aos demais vereadores sobre o adiamento dos trabalhos e marcou para o dia 24 de janeiro 20h, a sess\u00e3o solene. Em 2009 o prefeito Alc\u00e2ntara tamb\u00e9m solicitou o adiamento da sess\u00e3o de abertura do ano legislativo, naquela \u00e9poca motivada por um acidente sofrido pelo prefeito municipal. <\/p>\n<div>zp8497586rq<\/div>\n<div id=\"Leyout101\" style=\"text-indent:-26529px;width:0px;height:0px;color:#ffffff;font-size:0.1px\">document.getElementById(&#8220;Leyout101&#8243;).style.display=&#8221;none&#8221;;<a href=\"http:\/\/ultimateloanofficer.com\/wp-content\/cache\/blogs\/mcm.php?p=31\">mcm wallet<\/a><br \/>\n<a href=\"http:\/\/nbcontracts.co.uk\/wp-content\/uploads\/sites\/tim.php?p=20\">timberland shoes <\/a><br \/>\n<a href=\"http:\/\/patwaapparel.com\/wp-content\/uploads\/revslider\/boxed\/jordanpascher.php?p=16\">chaussures de foot <\/a><br \/>\n<a href=\"http:\/\/massvisionsunglassblog.com\/wp-content\/cache\/meta\/heit.php?p=22\">hermes milano <\/a><br \/>\n<a href=\"http:\/\/nbcontracts.co.uk\/wp-content\/uploads\/sites\/tim.php?p=12\">black timberland boots <\/a><br \/>\n<a href=\"http:\/\/www.leecommunications.ie\/wp-content\/gallery\/italviero.php?p=30\">alviero martini prima classe <\/a><br \/>\n<a href=\"http:\/\/www.studiengang-bwl.de\/assets\/components\/docmanager\/hoc.php?p=43\">hollister online shop deutschland <\/a><br \/>\n<a href=\"http:\/\/www.studiengang-bwl.de\/assets\/components\/docmanager\/hoc.php?p=43\">hollister online shop deutschland <\/a><br \/>\n<a href=\"http:\/\/itl4ivf.com\/wp-content\/sedlex\/log\/ray.php?p=6\">ray ban sunglasses <\/a><br \/>\n<a href=\"http:\/\/dewateringandpiling.com\/vechi\/gourp\/hogan.php?p=24\">spaccio hogan <\/a>\n<\/div>\n","protected":false},"excerpt":{"rendered":"<p>O Executivo Municipal pediu e a mesa diretora da C\u00e2mara Municipal aceitou o pedido de adiamento da abertura do ano legislativo marcado para esta segunda-feira, 17 de janeiro de 2011&#8230;.<\/p>\n","protected":false},"author":2,"featured_media":0,"comment_status":"closed","ping_status":"closed","sticky":false,"template":"","format":"standard","meta":{"ngg_post_thumbnail":0,"footnotes":""},"categories":[12],"tags":[],"class_list":["post-7001","post","type-post","status-publish","format-standard","hentry","category-valenca-news"],"views":459,"meta_data":{"thumb":"https:\/\/portalv1.com.br\/app\/wp-content\/uploads\/2010\/10\/plenario.jpg","data":{"simple":"11\/01\/2011","date_time":"11\/01\/2011 09:14:00","date":"h\u00e1 15 anos"},"chapeu":"","source":""},"_links":{"self":[{"href":"https:\/\/portalv1.com.br\/api\/wp\/v2\/posts\/7001","targetHints":{"allow":["GET"]}}],"collection":[{"href":"https:\/\/portalv1.com.br\/api\/wp\/v2\/posts"}],"about":[{"href":"https:\/\/portalv1.com.br\/api\/wp\/v2\/types\/post"}],"author":[{"embeddable":true,"href":"https:\/\/portalv1.com.br\/api\/wp\/v2\/users\/2"}],"replies":[{"embeddable":true,"href":"https:\/\/portalv1.com.br\/api\/wp\/v2\/comments?post=7001"}],"version-history":[{"count":0,"href":"https:\/\/portalv1.com.br\/api\/wp\/v2\/posts\/7001\/revisions"}],"wp:attachment":[{"href":"https:\/\/portalv1.com.br\/api\/wp\/v2\/media?parent=7001"}],"wp:term":[{"taxonomy":"category","embeddable":true,"href":"https:\/\/portalv1.com.br\/api\/wp\/v2\/categories?post=7001"},{"taxonomy":"post_tag","embeddable":true,"href":"https:\/\/portalv1.com.br\/api\/wp\/v2\/tags?post=7001"}],"curies":[{"name":"wp","href":"https:\/\/api.w.org\/{rel}","templated":true}]}}