{"id":70103,"date":"2019-04-06T17:44:03","date_gmt":"2019-04-06T20:44:03","guid":{"rendered":"https:\/\/portalv1.com.br\/?p=70103"},"modified":"2019-04-09T17:16:49","modified_gmt":"2019-04-09T20:16:49","slug":"forca-tatica-de-valenca-prende-foragido-apos-briga-em-feira-de-valenca","status":"publish","type":"post","link":"https:\/\/portalv1.com.br\/forca-tatica-de-valenca-prende-foragido-apos-briga-em-feira-de-valenca\/","title":{"rendered":"For\u00e7a T\u00e1tica de Valen\u00e7a prende foragido ap\u00f3s briga em feira de Valen\u00e7a"},"content":{"rendered":"<figure id=\"attachment_70104\" aria-describedby=\"caption-attachment-70104\" style=\"width: 640px\" class=\"wp-caption aligncenter\"><a href=\"https:\/\/portalv1.com.br\/app\/wp-content\/uploads\/2019\/04\/Apresentacao1-Copy.jpg\"><img loading=\"lazy\" decoding=\"async\" class=\"size-large wp-image-70104\" src=\"https:\/\/portalv1.com.br\/app\/wp-content\/uploads\/2019\/04\/Apresentacao1-Copy-640x480.jpg\" alt=\"\" width=\"640\" height=\"480\" srcset=\"https:\/\/portalv1.com.br\/app\/wp-content\/uploads\/2019\/04\/Apresentacao1-Copy.jpg 640w, https:\/\/portalv1.com.br\/app\/wp-content\/uploads\/2019\/04\/Apresentacao1-Copy-300x225.jpg 300w\" sizes=\"auto, (max-width: 640px) 100vw, 640px\" \/><\/a><figcaption id=\"caption-attachment-70104\" class=\"wp-caption-text\">Dami\u00e3o Leal Neto<\/figcaption><\/figure>\n<p>Foi preso na manh\u00e3 deste s\u00e1bado (06) em Valen\u00e7a Dami\u00e3o Leal Neto, ap\u00f3s o mesmo tentar fugir da cidade depois de ter cometido les\u00e3o corporal contra outra pessoa.<\/p>\n<p>O crime ocorreu nas proximidades do mercado p\u00fablico o Xer\u00e9m. Ap\u00f3s a pris\u00e3o e verifica\u00e7\u00e3o junto ao Banco Nacional de Monitoramento de Pris\u00f5es BNMP, a equipe constatou que havia um mandado de pris\u00e3o contra o foragido.<\/p>\n<p>Dami\u00e3o Leal Neto j\u00e1 possui passagens criminais por furto qualificado em Itain\u00f3polis e roubo majorado em Picos, tendo sido condenado h\u00e1 05 anos e 04 meses.<\/p>\n<p>Com esta, chega a 21 o n\u00famero de foragidos presos pela For\u00e7a T\u00e1tica de Valen\u00e7a em conjunto com outros \u00f3rg\u00e3os de seguran\u00e7a dentro e fora do estado em 2019.<\/p>\n<p>Segundo o comandante da companhia, Capit\u00e3o Santos isso \u00e9 reflexo do empenho e comprometimento dos policiais que, associada as a\u00e7\u00f5es de intelig\u00eancia acabam por resultar em a\u00e7\u00f5es desta natureza.<\/p>\n","protected":false},"excerpt":{"rendered":"<p>Foi preso na manh\u00e3 deste s\u00e1bado (06) em Valen\u00e7a Dami\u00e3o Leal Neto, ap\u00f3s o mesmo tentar fugir da cidade depois de ter cometido les\u00e3o corporal contra outra pessoa. O crime&#8230;<\/p>\n","protected":false},"author":1,"featured_media":70104,"comment_status":"open","ping_status":"open","sticky":false,"template":"","format":"standard","meta":{"ngg_post_thumbnail":0,"footnotes":""},"categories":[12],"tags":[],"class_list":["post-70103","post","type-post","status-publish","format-standard","has-post-thumbnail","hentry","category-valenca-news"],"views":7857,"meta_data":{"thumb":"https:\/\/portalv1.com.br\/app\/wp-content\/uploads\/2019\/04\/Apresentacao1-Copy.jpg","imagem":{"fullsize":{"url":"https:\/\/portalv1.com.br\/app\/wp-content\/uploads\/2019\/04\/Apresentacao1-Copy.jpg","width":640,"height":480},"thumbnail":{"url":"https:\/\/portalv1.com.br\/app\/wp-content\/uploads\/2019\/04\/Apresentacao1-Copy-100x100.jpg","width":100,"height":100},"medium":{"url":"https:\/\/portalv1.com.br\/app\/wp-content\/uploads\/2019\/04\/Apresentacao1-Copy-300x225.jpg","width":300,"height":225},"large":{"url":"https:\/\/portalv1.com.br\/app\/wp-content\/uploads\/2019\/04\/Apresentacao1-Copy-640x480.jpg","width":640,"height":480}},"data":{"simple":"06\/04\/2019","date_time":"06\/04\/2019 14:44:03","date":"h\u00e1 7 anos"},"chapeu":"Saiba mais","source":"retirar"},"_links":{"self":[{"href":"https:\/\/portalv1.com.br\/api\/wp\/v2\/posts\/70103","targetHints":{"allow":["GET"]}}],"collection":[{"href":"https:\/\/portalv1.com.br\/api\/wp\/v2\/posts"}],"about":[{"href":"https:\/\/portalv1.com.br\/api\/wp\/v2\/types\/post"}],"author":[{"embeddable":true,"href":"https:\/\/portalv1.com.br\/api\/wp\/v2\/users\/1"}],"replies":[{"embeddable":true,"href":"https:\/\/portalv1.com.br\/api\/wp\/v2\/comments?post=70103"}],"version-history":[{"count":0,"href":"https:\/\/portalv1.com.br\/api\/wp\/v2\/posts\/70103\/revisions"}],"wp:featuredmedia":[{"embeddable":true,"href":"https:\/\/portalv1.com.br\/api\/wp\/v2\/media\/70104"}],"wp:attachment":[{"href":"https:\/\/portalv1.com.br\/api\/wp\/v2\/media?parent=70103"}],"wp:term":[{"taxonomy":"category","embeddable":true,"href":"https:\/\/portalv1.com.br\/api\/wp\/v2\/categories?post=70103"},{"taxonomy":"post_tag","embeddable":true,"href":"https:\/\/portalv1.com.br\/api\/wp\/v2\/tags?post=70103"}],"curies":[{"name":"wp","href":"https:\/\/api.w.org\/{rel}","templated":true}]}}