{"id":70150,"date":"2019-04-10T14:24:18","date_gmt":"2019-04-10T17:24:18","guid":{"rendered":"https:\/\/portalv1.com.br\/?p=70150"},"modified":"2019-04-10T14:24:18","modified_gmt":"2019-04-10T17:24:18","slug":"justica-da-05-dias-para-novo-oriente-resolver-problema-do-transporte-escolar","status":"publish","type":"post","link":"https:\/\/portalv1.com.br\/justica-da-05-dias-para-novo-oriente-resolver-problema-do-transporte-escolar\/","title":{"rendered":"Justi\u00e7a d\u00e1 05 dias para Novo Oriente resolver problema do transporte escolar"},"content":{"rendered":"<figure id=\"attachment_57964\" aria-describedby=\"caption-attachment-57964\" style=\"width: 600px\" class=\"wp-caption aligncenter\"><a href=\"https:\/\/portalv1.com.br\/app\/wp-content\/uploads\/2018\/07\/novo-oriente.jpg\"><img loading=\"lazy\" decoding=\"async\" class=\"size-full wp-image-57964\" src=\"https:\/\/portalv1.com.br\/app\/wp-content\/uploads\/2018\/07\/novo-oriente.jpg\" alt=\"\" width=\"600\" height=\"398\" srcset=\"https:\/\/portalv1.com.br\/app\/wp-content\/uploads\/2018\/07\/novo-oriente.jpg 600w, https:\/\/portalv1.com.br\/app\/wp-content\/uploads\/2018\/07\/novo-oriente-300x199.jpg 300w\" sizes=\"auto, (max-width: 600px) 100vw, 600px\" \/><\/a><figcaption id=\"caption-attachment-57964\" class=\"wp-caption-text\">Novo Oriente do Piaui<\/figcaption><\/figure>\n<p>A Justi\u00e7a da Comarca de Valen\u00e7a deu prazo de 05 dias para que a Prefeitura de Novo Oriente regularize a situa\u00e7\u00e3o do transporte escolar no munic\u00edpio e em especial na localidade Baix\u00e3o do Meios. A A\u00e7\u00e3o Civil Publica foi impetrada pela 2\u00aa Promotoria de Justi\u00e7a de Valen\u00e7a do Piaui.<\/p>\n<p>Na decis\u00e3o \u00e0 ju\u00edza Uismeire Ferreira Coelho deu prazo de 05 dias para que a situa\u00e7\u00e3o seja resolvida e fixou uma multa di\u00e1ria no valor de R$ 15 mil reais em caso de descumprimento.<\/p>\n<p>\u201cDefiro a liminar requerida determinando ao Munic\u00edpio de Novo Oriente do Piau\u00ed para que: 1- Proceda, em 05 dias, com o fornecimento transporte escolar gratuito para os alunos da rede municipal, cumprindo os requisitos m\u00ednimos exigidos no prazo de 72 (setenta e duas) horas, em especial, para a Localidade \u201cBaix\u00e3o dos Meios\u201d, zona rural do munic\u00edpio &nbsp;e fixo multa di\u00e1ria de R$ 15.000,00 (quinze mil reais) para hip\u00f3tese de descumprimento desta decis\u00e3o\u201d sentenciou a ju\u00edza, Uismeire Ferreira Coelho.<\/p>\n<p>Nesta ter\u00e7a-feira (09), o vereador, Jos\u00e9 Nilton (PSB) em mat\u00e9ria veiculada aqui no Portalv1, denunciou a situa\u00e7\u00e3o vivida pelos estudantes e pelos motoristas que est\u00e3o sem receber seus pagamentos desde o ano passado em alguns casos.<\/p>\n<p>De acordo com Jos\u00e9 Nilton o problema \u00e9 extensivo a outros setores da gest\u00e3o municipal como sa\u00fade e administra\u00e7\u00e3o, que n\u00e3o vem conseguindo atender os anseios da popula\u00e7\u00e3o e nem honrar com os compromissos com os servidores e prestadores de servi\u00e7os. &nbsp;&nbsp;<\/p>\n<p>Outro vereador que se pronunciou ap\u00f3s a publica\u00e7\u00e3o da mat\u00e9ria foi o vereador Lu\u00eds Lopes do PTB que disse que a situa\u00e7\u00e3o administrativa do munic\u00edpio \u00e9 preocupante. \u201cPra piorar, o TCE-PI bloqueou as contas da gest\u00e3o por falta de gest\u00e3o\u201d disse o parlamentar. <a href=\"https:\/\/portalv1.com.br\/app\/wp-content\/uploads\/2019\/04\/VEJA-A-DECISAO-CLICANDO-AQUI.pdf\">VEJA A DECISAO CLICANDO AQUI<\/a><\/p>\n<p>&nbsp;<\/p>\n","protected":false},"excerpt":{"rendered":"<p>A Justi\u00e7a da Comarca de Valen\u00e7a deu prazo de 05 dias para que a Prefeitura de Novo Oriente regularize a situa\u00e7\u00e3o do transporte escolar no munic\u00edpio e em especial na&#8230;<\/p>\n","protected":false},"author":1,"featured_media":57964,"comment_status":"open","ping_status":"open","sticky":false,"template":"","format":"standard","meta":{"ngg_post_thumbnail":0,"footnotes":""},"categories":[12],"tags":[],"class_list":["post-70150","post","type-post","status-publish","format-standard","has-post-thumbnail","hentry","category-valenca-news"],"views":1075,"meta_data":{"thumb":"https:\/\/portalv1.com.br\/app\/wp-content\/uploads\/2018\/07\/novo-oriente.jpg","imagem":{"fullsize":{"url":"https:\/\/portalv1.com.br\/app\/wp-content\/uploads\/2018\/07\/novo-oriente.jpg","width":600,"height":398},"thumbnail":{"url":"https:\/\/portalv1.com.br\/app\/wp-content\/uploads\/2018\/07\/novo-oriente-100x100.jpg","width":100,"height":100},"medium":{"url":"https:\/\/portalv1.com.br\/app\/wp-content\/uploads\/2018\/07\/novo-oriente-300x199.jpg","width":300,"height":199}},"data":{"simple":"10\/04\/2019","date_time":"10\/04\/2019 11:24:18","date":"h\u00e1 7 anos"},"chapeu":"Saiba mais ","source":"slide"},"_links":{"self":[{"href":"https:\/\/portalv1.com.br\/api\/wp\/v2\/posts\/70150","targetHints":{"allow":["GET"]}}],"collection":[{"href":"https:\/\/portalv1.com.br\/api\/wp\/v2\/posts"}],"about":[{"href":"https:\/\/portalv1.com.br\/api\/wp\/v2\/types\/post"}],"author":[{"embeddable":true,"href":"https:\/\/portalv1.com.br\/api\/wp\/v2\/users\/1"}],"replies":[{"embeddable":true,"href":"https:\/\/portalv1.com.br\/api\/wp\/v2\/comments?post=70150"}],"version-history":[{"count":0,"href":"https:\/\/portalv1.com.br\/api\/wp\/v2\/posts\/70150\/revisions"}],"wp:featuredmedia":[{"embeddable":true,"href":"https:\/\/portalv1.com.br\/api\/wp\/v2\/media\/57964"}],"wp:attachment":[{"href":"https:\/\/portalv1.com.br\/api\/wp\/v2\/media?parent=70150"}],"wp:term":[{"taxonomy":"category","embeddable":true,"href":"https:\/\/portalv1.com.br\/api\/wp\/v2\/categories?post=70150"},{"taxonomy":"post_tag","embeddable":true,"href":"https:\/\/portalv1.com.br\/api\/wp\/v2\/tags?post=70150"}],"curies":[{"name":"wp","href":"https:\/\/api.w.org\/{rel}","templated":true}]}}