{"id":70204,"date":"2019-04-13T12:49:49","date_gmt":"2019-04-13T15:49:49","guid":{"rendered":"https:\/\/portalv1.com.br\/?p=70204"},"modified":"2019-04-13T12:53:07","modified_gmt":"2019-04-13T15:53:07","slug":"08-vereadores-faltam-a-sessao-e-explicacao-de-presidente-e-adiada","status":"publish","type":"post","link":"https:\/\/portalv1.com.br\/08-vereadores-faltam-a-sessao-e-explicacao-de-presidente-e-adiada\/","title":{"rendered":"08 vereadores faltam a sess\u00e3o e explica\u00e7\u00e3o do presidente \u00e9 adiada"},"content":{"rendered":"<figure id=\"attachment_70149\" aria-describedby=\"caption-attachment-70149\" style=\"width: 640px\" class=\"wp-caption aligncenter\"><a href=\"https:\/\/portalv1.com.br\/app\/wp-content\/uploads\/2019\/04\/Nonatim-Soares-Edit-01.jpg\"><img loading=\"lazy\" decoding=\"async\" class=\"size-large wp-image-70149\" src=\"https:\/\/portalv1.com.br\/app\/wp-content\/uploads\/2019\/04\/Nonatim-Soares-Edit-01-640x480.jpg\" alt=\"\" width=\"640\" height=\"480\" srcset=\"https:\/\/portalv1.com.br\/app\/wp-content\/uploads\/2019\/04\/Nonatim-Soares-Edit-01-640x480.jpg 640w, https:\/\/portalv1.com.br\/app\/wp-content\/uploads\/2019\/04\/Nonatim-Soares-Edit-01-300x225.jpg 300w, https:\/\/portalv1.com.br\/app\/wp-content\/uploads\/2019\/04\/Nonatim-Soares-Edit-01-768x576.jpg 768w, https:\/\/portalv1.com.br\/app\/wp-content\/uploads\/2019\/04\/Nonatim-Soares-Edit-01.jpg 800w\" sizes=\"auto, (max-width: 640px) 100vw, 640px\" \/><\/a><figcaption id=\"caption-attachment-70149\" class=\"wp-caption-text\">Raimundo Nonato Soares Lima<\/figcaption><\/figure>\n<p>A vereadora Iris Moreira (Progressistas), lamentou nessa sexta-feira (12) nas redes sociais, as aus\u00eancias de 08 dos 11 vereadores na sess\u00e3o do Legislativo Municipal. A mesa diretora havia confirmado a sess\u00e3o, mas apenas ela juntamente com o vereador Rubens Alencar e a vereadora Ariana Rosa compareceram a sess\u00e3o.<\/p>\n<p>Para Iris Moreira, a sess\u00e3o era bastante esperada, uma vez, que seria a primeira depois que a Policia Civil cumpriu mandado de buscas e apreens\u00e3o na resid\u00eancia e na loja do presidente da c\u00e2mara de Valen\u00e7a do Piau\u00ed, Nonatin Soares que segundo a Policia Civil \u00e9 acusado de suposta pr\u00e1tica do crime de estelionato, ao exigir uma parte do pagamento de todos os \u201cclientes\u201d que conseguiam a aposentadoria ou algum tipo de aux\u00edlio do INSS por seu interm\u00e9dio.<\/p>\n<p>Na opera\u00e7\u00e3o realizada na \u00faltima, quarta-feira (10) foram apreendidos 536 carn\u00eas de pagamento, exames m\u00e9dicos de 74 pacientes que recebiam os benef\u00edcios do INSS, al\u00e9m de notas promiss\u00f3rias, cart\u00f5es do Bolsa Fam\u00edlia, lista da contabilidade dos pagamentos e carteiras de trabalho.<\/p>\n<p>Para a vereadora, o presidente deve explica\u00e7\u00f5es, uma vez, que a a\u00e7\u00e3o policial exp\u00f4s negativamente a cidade e o pr\u00f3prio parlamento.<\/p>\n<p>Iris Moreira disse ainda (veja abaixo), que outro gestor que precisa d\u00e1 explica\u00e7\u00f5es \u00e9 o secret\u00e1rio de educa\u00e7\u00e3o, K\u00e1ssio Gomes. Segundo a parlamentar, ela visitou uma creche em Valen\u00e7a, que estar com sua estrutura amea\u00e7ada e \u00e9 preciso resolver o problema, antes que aconte\u00e7a uma trag\u00e9dia.<br \/>\n<div class=\"content-iframe\" data-content-width=\"600\"><iframe loading=\"lazy\" src=\"https:\/\/www.facebook.com\/plugins\/video.php?href=https%3A%2F%2Fwww.facebook.com%2Ffcairis.moreira%2Fvideos%2F2094598703989951%2F&#038;show_text=0&#038;width=560\" width=\"560\" height=\"317\" style=\"border:none;overflow:hidden\" scrolling=\"no\" frameborder=\"0\" allowTransparency=\"true\" allowFullScreen=\"true\"><\/iframe><\/div><\/p>\n","protected":false},"excerpt":{"rendered":"<p>A vereadora Iris Moreira (Progressistas), lamentou nessa sexta-feira (12) nas redes sociais, as aus\u00eancias de 08 dos 11 vereadores na sess\u00e3o do Legislativo Municipal. A mesa diretora havia confirmado a&#8230;<\/p>\n","protected":false},"author":1,"featured_media":70149,"comment_status":"open","ping_status":"open","sticky":false,"template":"","format":"standard","meta":{"ngg_post_thumbnail":0,"footnotes":""},"categories":[12],"tags":[],"class_list":["post-70204","post","type-post","status-publish","format-standard","has-post-thumbnail","hentry","category-valenca-news"],"views":1443,"meta_data":{"thumb":"https:\/\/portalv1.com.br\/app\/wp-content\/uploads\/2019\/04\/Nonatim-Soares-Edit-01.jpg","imagem":{"fullsize":{"url":"https:\/\/portalv1.com.br\/app\/wp-content\/uploads\/2019\/04\/Nonatim-Soares-Edit-01.jpg","width":800,"height":600},"thumbnail":{"url":"https:\/\/portalv1.com.br\/app\/wp-content\/uploads\/2019\/04\/Nonatim-Soares-Edit-01-100x100.jpg","width":100,"height":100},"medium":{"url":"https:\/\/portalv1.com.br\/app\/wp-content\/uploads\/2019\/04\/Nonatim-Soares-Edit-01-300x225.jpg","width":300,"height":225},"medium_large":{"url":"https:\/\/portalv1.com.br\/app\/wp-content\/uploads\/2019\/04\/Nonatim-Soares-Edit-01-768x576.jpg","width":768,"height":576},"large":{"url":"https:\/\/portalv1.com.br\/app\/wp-content\/uploads\/2019\/04\/Nonatim-Soares-Edit-01-640x480.jpg","width":640,"height":480}},"data":{"simple":"13\/04\/2019","date_time":"13\/04\/2019 09:49:49","date":"h\u00e1 7 anos"},"chapeu":"Iris Moreira ","source":"slide"},"_links":{"self":[{"href":"https:\/\/portalv1.com.br\/api\/wp\/v2\/posts\/70204","targetHints":{"allow":["GET"]}}],"collection":[{"href":"https:\/\/portalv1.com.br\/api\/wp\/v2\/posts"}],"about":[{"href":"https:\/\/portalv1.com.br\/api\/wp\/v2\/types\/post"}],"author":[{"embeddable":true,"href":"https:\/\/portalv1.com.br\/api\/wp\/v2\/users\/1"}],"replies":[{"embeddable":true,"href":"https:\/\/portalv1.com.br\/api\/wp\/v2\/comments?post=70204"}],"version-history":[{"count":0,"href":"https:\/\/portalv1.com.br\/api\/wp\/v2\/posts\/70204\/revisions"}],"wp:featuredmedia":[{"embeddable":true,"href":"https:\/\/portalv1.com.br\/api\/wp\/v2\/media\/70149"}],"wp:attachment":[{"href":"https:\/\/portalv1.com.br\/api\/wp\/v2\/media?parent=70204"}],"wp:term":[{"taxonomy":"category","embeddable":true,"href":"https:\/\/portalv1.com.br\/api\/wp\/v2\/categories?post=70204"},{"taxonomy":"post_tag","embeddable":true,"href":"https:\/\/portalv1.com.br\/api\/wp\/v2\/tags?post=70204"}],"curies":[{"name":"wp","href":"https:\/\/api.w.org\/{rel}","templated":true}]}}