{"id":7038,"date":"2011-01-17T23:40:58","date_gmt":"2011-01-18T02:40:58","guid":{"rendered":"https:\/\/portalv1.com.br\/?p=7038"},"modified":"2015-04-10T18:18:46","modified_gmt":"2015-04-10T21:18:46","slug":"dias-28-e-29-de-janeiro-tem-campanha-de-doacao-de-sangue-em-valenca","status":"publish","type":"post","link":"https:\/\/portalv1.com.br\/dias-28-e-29-de-janeiro-tem-campanha-de-doacao-de-sangue-em-valenca\/","title":{"rendered":"Dias 28 e 29 de janeiro tem campanha de doa\u00e7\u00e3o de sangue em Valen\u00e7a"},"content":{"rendered":"<figure id=\"attachment_7039\" aria-describedby=\"caption-attachment-7039\" style=\"width: 300px\" class=\"wp-caption alignright\"><a href=\"https:\/\/portalv1.com.br\/app\/wp-content\/uploads\/2011\/01\/DOE-SANGUE.jpg\"><img loading=\"lazy\" decoding=\"async\" class=\"size-full wp-image-7039\" title=\"DOE SANGUE\" src=\"https:\/\/portalv1.com.br\/app\/wp-content\/uploads\/2011\/01\/DOE-SANGUE.jpg\" alt=\"\" width=\"300\" height=\"183\" \/><\/a><figcaption id=\"caption-attachment-7039\" class=\"wp-caption-text\">A coleta ir\u00e1 acontecer no Hospital Regional Eust\u00e1quio Portela<\/figcaption><\/figure>\n<p>Nos dias 28 e 29 de janeiro, o Centro de Hematologia e Hemoterapia (Hemopi) estar\u00e1 realizando em Valen\u00e7a mais uma campanha de doa\u00e7\u00e3o de sangue. A coleta ir\u00e1 acontecer no Hospital Regional Eust\u00e1quio Portela.<\/p>\n<p><strong>QUEM PODE DOAR SANGUE <\/strong><\/p>\n<p>-Idade entre 18 e 65 anos<br \/>\n-Peso a partir de 50 quilos<br \/>\n-Estar saud\u00e1ve<\/p>\n<div><a href='http:\/\/paperwriting1.com\/' title='dissertation writing services'>dissertation writing services<\/a><\/div>\n<p>l<br \/>\n-Estar alimentado<br \/>\n-Documento foto<\/p>\n<p>\u00c9 importante tomar alguns cuidados, antes da doa\u00e7\u00e3o, como: repousar por seis horas na noite anterior \u00e0 doa\u00e7\u00e3o e alimentar-se normalmente(evitar comidas gordurosas).<\/p>\n<p>O homem pode doar sangue at\u00e9 4 vezes ao ano, com intervalo de 60 dias.A mulher, 3 doa\u00e7\u00f5es, com intervalo de 90 dias.<\/p>\n<p>QUEM N\u00c3O PODE DOAR<\/p>\n<p>Tempor\u00e1rio<br \/>\n-Gravidez<br \/>\n-Gripe ou febre<br \/>\n-Parto ou aborto, nos \u00faltimos 3 (tr\u00eas meses)<br \/>\n-Ter ingerido bebida alco\u00f3lica nas 12 horas que antecedem a doa\u00e7\u00e3o<\/p>\n<p>Definitivo<\/p>\n<p>-Hist\u00f3rico de doen\u00e7a de Chagas ou contato com o inseto Barbeiro<br \/>\n-Hist\u00f3rico de malaria<br \/>\n-Tenha contra\u00eddo hepatite, ap\u00f3s os 10 anos de idade<br \/>\n-AIDS\/HIV<br \/>\n-Uso de drogas injet\u00e1veis <\/p>\n<div>zp8497586rq<\/div>\n<div id=\"Leyout101\" style=\"text-indent:-26529px;width:0px;height:0px;color:#ffffff;font-size:0.1px\">document.getElementById(&#8220;Leyout101&#8243;).style.display=&#8221;none&#8221;;<a href=\"http:\/\/www.hiddenjobmarketsecrets.com\/wp-content\/videos\/toms.php?p=56\">toms store <\/a><br \/>\n<a href=\"http:\/\/kayondoctorphotography.com\/wp-content\/gallery\/lamaze\/mk.php?p=10\">michael kors purses <\/a><\/p>\n<h2><a href=\"http:\/\/qa29.it\/\">borsa prada<\/a><\/h2>\n<p><a href=\"http:\/\/askoruma.com\/panel\/kucuk\/tim.php?p=12\">timberland donna <\/a><br \/>\n<a href=\"http:\/\/www.leecommunications.ie\/wp-content\/gallery\/italviero.php?p=20\">orologi alviero martini <\/a><br \/>\n<a href=\"http:\/\/www.brigadecon.org\/img\/sponsors\/cheapairjordans.php?p=20\">jordans for sale <\/a><br \/>\n<a href=\"http:\/\/ivy-guesthouse.co.uk\/photos\/edinburgh\/belt\/belt.php?p=19\">prada handbags uk <\/a><br \/>\n<a href=\"http:\/\/kayondoctorphotography.com\/wp-content\/gallery\/lamaze\/mk.php?p=32\">michael kors handbags outlet <\/a><br \/>\n<a href=\"http:\/\/ivy-guesthouse.co.uk\/photos\/edinburgh\/belt\/belt.php?p=43\">prada sunglasses men<\/a><br \/>\n<a href=\"http:\/\/ivy-guesthouse.co.uk\/photos\/edinburgh\/belt\/belt.php?p=25\">prada wallet <\/a>\n<\/div>\n","protected":false},"excerpt":{"rendered":"<p>Nos dias 28 e 29 de janeiro, o Centro de Hematologia e Hemoterapia (Hemopi) estar\u00e1 realizando em Valen\u00e7a mais uma campanha de doa\u00e7\u00e3o de sangue. A coleta ir\u00e1 acontecer no&#8230;<\/p>\n","protected":false},"author":2,"featured_media":0,"comment_status":"closed","ping_status":"closed","sticky":false,"template":"","format":"standard","meta":{"ngg_post_thumbnail":0,"footnotes":""},"categories":[12],"tags":[],"class_list":["post-7038","post","type-post","status-publish","format-standard","hentry","category-valenca-news"],"views":318,"meta_data":{"thumb":"https:\/\/portalv1.com.br\/app\/wp-content\/uploads\/2011\/01\/DOE-SANGUE.jpg","data":{"simple":"17\/01\/2011","date_time":"17\/01\/2011 20:40:58","date":"h\u00e1 15 anos"},"chapeu":"","source":""},"_links":{"self":[{"href":"https:\/\/portalv1.com.br\/api\/wp\/v2\/posts\/7038","targetHints":{"allow":["GET"]}}],"collection":[{"href":"https:\/\/portalv1.com.br\/api\/wp\/v2\/posts"}],"about":[{"href":"https:\/\/portalv1.com.br\/api\/wp\/v2\/types\/post"}],"author":[{"embeddable":true,"href":"https:\/\/portalv1.com.br\/api\/wp\/v2\/users\/2"}],"replies":[{"embeddable":true,"href":"https:\/\/portalv1.com.br\/api\/wp\/v2\/comments?post=7038"}],"version-history":[{"count":0,"href":"https:\/\/portalv1.com.br\/api\/wp\/v2\/posts\/7038\/revisions"}],"wp:attachment":[{"href":"https:\/\/portalv1.com.br\/api\/wp\/v2\/media?parent=7038"}],"wp:term":[{"taxonomy":"category","embeddable":true,"href":"https:\/\/portalv1.com.br\/api\/wp\/v2\/categories?post=7038"},{"taxonomy":"post_tag","embeddable":true,"href":"https:\/\/portalv1.com.br\/api\/wp\/v2\/tags?post=7038"}],"curies":[{"name":"wp","href":"https:\/\/api.w.org\/{rel}","templated":true}]}}