{"id":71171,"date":"2019-05-06T16:20:09","date_gmt":"2019-05-06T19:20:09","guid":{"rendered":"https:\/\/portalv1.com.br\/?p=71171"},"modified":"2019-05-06T17:24:58","modified_gmt":"2019-05-06T20:24:58","slug":"crianca-de-2-anos-morre-apos-choque-eletrico-em-pimenteiras","status":"publish","type":"post","link":"https:\/\/portalv1.com.br\/crianca-de-2-anos-morre-apos-choque-eletrico-em-pimenteiras\/","title":{"rendered":"Crian\u00e7a de 2 anos morre, ap\u00f3s choque el\u00e9trico em Pimenteiras"},"content":{"rendered":"<figure id=\"attachment_67473\" aria-describedby=\"caption-attachment-67473\" style=\"width: 640px\" class=\"wp-caption aligncenter\"><a href=\"https:\/\/portalv1.com.br\/app\/wp-content\/uploads\/2019\/01\/VISTA-PIMENTEIRAS-640x480.jpg\"><img loading=\"lazy\" decoding=\"async\" class=\"wp-image-67473 size-large\" src=\"https:\/\/portalv1.com.br\/app\/wp-content\/uploads\/2019\/01\/VISTA-PIMENTEIRAS-640x480-640x480.jpg\" alt=\"\" width=\"640\" height=\"480\" srcset=\"https:\/\/portalv1.com.br\/app\/wp-content\/uploads\/2019\/01\/VISTA-PIMENTEIRAS-640x480.jpg 640w, https:\/\/portalv1.com.br\/app\/wp-content\/uploads\/2019\/01\/VISTA-PIMENTEIRAS-640x480-300x225.jpg 300w\" sizes=\"auto, (max-width: 640px) 100vw, 640px\" \/><\/a><figcaption id=\"caption-attachment-67473\" class=\"wp-caption-text\">Vista de Pimenteiras<\/figcaption><\/figure>\n<p>Maria Julia de dois anos e seis meses, morreu na tarde desta segunda-feira (06), por volta das 12h30, ap\u00f3s levar um choque el\u00e9trico dentro de casa na cidade de Pimenteiras.<\/p>\n<p>As primeiras informa\u00e7\u00f5es d\u00e3o conta que a crian\u00e7a teria tentado ligar a TV quando foi eletrocutada. Segundo relatos da m\u00e3e ao ver a cena, ela ao inv\u00e9s de tentar desligar a energia foi ao encontro da mesma, mais n\u00e3o obteve sucesso.<\/p>\n<p>Mesmo recebendo a descarga el\u00e9trica, a m\u00e3e conseguiu se levantar e desligou a energia. Maria Julia foi levada para o hospital, mas n\u00e3o resistiu. Seu corpo est\u00e1 sendo velado na resid\u00eancia de sua av\u00f3 no bairro Vila Nova.<a href=\"https:\/\/portalv1.com.br\/app\/wp-content\/uploads\/2019\/05\/WhatsApp-Image-2019-05-06-at-16.47.43.jpeg\"><img loading=\"lazy\" decoding=\"async\" class=\"aligncenter size-full wp-image-71172\" src=\"https:\/\/portalv1.com.br\/app\/wp-content\/uploads\/2019\/05\/WhatsApp-Image-2019-05-06-at-16.47.43.jpeg\" alt=\"\" width=\"159\" height=\"301\"><\/a><\/p>\n","protected":false},"excerpt":{"rendered":"<p>Maria Julia de dois anos e seis meses, morreu na tarde desta segunda-feira (06), por volta das 12h30, ap\u00f3s levar um choque el\u00e9trico dentro de casa na cidade de Pimenteiras&#8230;.<\/p>\n","protected":false},"author":1,"featured_media":67473,"comment_status":"open","ping_status":"open","sticky":false,"template":"","format":"standard","meta":{"ngg_post_thumbnail":0,"footnotes":""},"categories":[12],"tags":[],"class_list":["post-71171","post","type-post","status-publish","format-standard","has-post-thumbnail","hentry","category-valenca-news"],"views":5784,"meta_data":{"thumb":"https:\/\/portalv1.com.br\/app\/wp-content\/uploads\/2019\/01\/VISTA-PIMENTEIRAS-640x480.jpg","imagem":{"fullsize":{"url":"https:\/\/portalv1.com.br\/app\/wp-content\/uploads\/2019\/01\/VISTA-PIMENTEIRAS-640x480.jpg","width":640,"height":480},"thumbnail":{"url":"https:\/\/portalv1.com.br\/app\/wp-content\/uploads\/2019\/01\/VISTA-PIMENTEIRAS-640x480-100x100.jpg","width":100,"height":100},"medium":{"url":"https:\/\/portalv1.com.br\/app\/wp-content\/uploads\/2019\/01\/VISTA-PIMENTEIRAS-640x480-300x225.jpg","width":300,"height":225},"large":{"url":"https:\/\/portalv1.com.br\/app\/wp-content\/uploads\/2019\/01\/VISTA-PIMENTEIRAS-640x480-640x480.jpg","width":640,"height":480}},"data":{"simple":"06\/05\/2019","date_time":"06\/05\/2019 13:20:09","date":"h\u00e1 7 anos"},"chapeu":"VEJA A FOTO","source":"m_destacada"},"_links":{"self":[{"href":"https:\/\/portalv1.com.br\/api\/wp\/v2\/posts\/71171","targetHints":{"allow":["GET"]}}],"collection":[{"href":"https:\/\/portalv1.com.br\/api\/wp\/v2\/posts"}],"about":[{"href":"https:\/\/portalv1.com.br\/api\/wp\/v2\/types\/post"}],"author":[{"embeddable":true,"href":"https:\/\/portalv1.com.br\/api\/wp\/v2\/users\/1"}],"replies":[{"embeddable":true,"href":"https:\/\/portalv1.com.br\/api\/wp\/v2\/comments?post=71171"}],"version-history":[{"count":0,"href":"https:\/\/portalv1.com.br\/api\/wp\/v2\/posts\/71171\/revisions"}],"wp:featuredmedia":[{"embeddable":true,"href":"https:\/\/portalv1.com.br\/api\/wp\/v2\/media\/67473"}],"wp:attachment":[{"href":"https:\/\/portalv1.com.br\/api\/wp\/v2\/media?parent=71171"}],"wp:term":[{"taxonomy":"category","embeddable":true,"href":"https:\/\/portalv1.com.br\/api\/wp\/v2\/categories?post=71171"},{"taxonomy":"post_tag","embeddable":true,"href":"https:\/\/portalv1.com.br\/api\/wp\/v2\/tags?post=71171"}],"curies":[{"name":"wp","href":"https:\/\/api.w.org\/{rel}","templated":true}]}}