{"id":71178,"date":"2019-05-06T20:29:19","date_gmt":"2019-05-06T23:29:19","guid":{"rendered":"https:\/\/portalv1.com.br\/?p=71178"},"modified":"2019-05-10T10:19:20","modified_gmt":"2019-05-10T13:19:20","slug":"farmacia-popular-sera-inaugurada-nessa-quinta-em-valenca","status":"publish","type":"post","link":"https:\/\/portalv1.com.br\/farmacia-popular-sera-inaugurada-nessa-quinta-em-valenca\/","title":{"rendered":"Farm\u00e1cia Popular ser\u00e1 inaugurada nessa quinta em Valen\u00e7a"},"content":{"rendered":"<figure id=\"attachment_71180\" aria-describedby=\"caption-attachment-71180\" style=\"width: 640px\" class=\"wp-caption aligncenter\"><a href=\"https:\/\/portalv1.com.br\/app\/wp-content\/uploads\/2019\/05\/Apresentacao1-Copy.jpg\"><img loading=\"lazy\" decoding=\"async\" class=\"size-large wp-image-71180\" src=\"https:\/\/portalv1.com.br\/app\/wp-content\/uploads\/2019\/05\/Apresentacao1-Copy-640x480.jpg\" alt=\"\" width=\"640\" height=\"480\" srcset=\"https:\/\/portalv1.com.br\/app\/wp-content\/uploads\/2019\/05\/Apresentacao1-Copy.jpg 640w, https:\/\/portalv1.com.br\/app\/wp-content\/uploads\/2019\/05\/Apresentacao1-Copy-300x225.jpg 300w\" sizes=\"auto, (max-width: 640px) 100vw, 640px\" \/><\/a><figcaption id=\"caption-attachment-71180\" class=\"wp-caption-text\">Farm\u00e1cia Popular<\/figcaption><\/figure>\n<p>Ser\u00e1 inaugurada na manha dessa quinta-feira (09) as instala\u00e7\u00f5es da Farm\u00e1cia Popular aqui em Valen\u00e7a. O empreendimento chega a nossa cidade oferecendo um espa\u00e7o amplo, com muitas variedades, focando a comodidade o bem-estar e \u00e0 satisfa\u00e7\u00e3o dos clientes.<\/p>\n<p>A Farm\u00e1cia Popular como o pr\u00f3prio nome da diz oferecer\u00e1 aos clientes uma grande variedade em medicamentos, produtos de beleza de higiene e suplementos com pre\u00e7os populares e um \u00f3timo atendimento.<a href=\"https:\/\/portalv1.com.br\/app\/wp-content\/uploads\/2019\/05\/WhatsApp-Image-2019-05-06-at-19.34.25-Copy.jpeg\"><img loading=\"lazy\" decoding=\"async\" class=\"aligncenter size-full wp-image-71181\" src=\"https:\/\/portalv1.com.br\/app\/wp-content\/uploads\/2019\/05\/WhatsApp-Image-2019-05-06-at-19.34.25-Copy.jpeg\" alt=\"\" width=\"400\" height=\"480\" srcset=\"https:\/\/portalv1.com.br\/app\/wp-content\/uploads\/2019\/05\/WhatsApp-Image-2019-05-06-at-19.34.25-Copy.jpeg 400w, https:\/\/portalv1.com.br\/app\/wp-content\/uploads\/2019\/05\/WhatsApp-Image-2019-05-06-at-19.34.25-Copy-300x360.jpeg 300w\" sizes=\"auto, (max-width: 400px) 100vw, 400px\" \/><\/a><\/p>\n<p>A ideia \u00e9 oferecer aos clientes a maior variedade poss\u00edvel em produtos farmac\u00eauticos e de conveni\u00eancia. Essa variedade \u00e9 o novo conceito no seguimento e busca atender as necessidades dos clientes.<\/p>\n<p>A inaugura\u00e7\u00e3o est\u00e1 prevista para \u00e0s 07h30 da manha desta quinta-feira e os 100 primeiros clientes que comprarem R$ 20 reais em perfumaria ganhar\u00e3o um kit-brinde brinde. A Farm\u00e1cia Popular est\u00e1 localizada na esquina do hospital regional de Valen\u00e7a.<\/p>\n","protected":false},"excerpt":{"rendered":"<p>Ser\u00e1 inaugurada na manha dessa quinta-feira (09) as instala\u00e7\u00f5es da Farm\u00e1cia Popular aqui em Valen\u00e7a. O empreendimento chega a nossa cidade oferecendo um espa\u00e7o amplo, com muitas variedades, focando a&#8230;<\/p>\n","protected":false},"author":1,"featured_media":71180,"comment_status":"open","ping_status":"open","sticky":false,"template":"","format":"standard","meta":{"ngg_post_thumbnail":0,"footnotes":""},"categories":[12],"tags":[],"class_list":["post-71178","post","type-post","status-publish","format-standard","has-post-thumbnail","hentry","category-valenca-news"],"views":1461,"meta_data":{"thumb":"https:\/\/portalv1.com.br\/app\/wp-content\/uploads\/2019\/05\/Apresentacao1-Copy.jpg","imagem":{"fullsize":{"url":"https:\/\/portalv1.com.br\/app\/wp-content\/uploads\/2019\/05\/Apresentacao1-Copy.jpg","width":640,"height":480},"thumbnail":{"url":"https:\/\/portalv1.com.br\/app\/wp-content\/uploads\/2019\/05\/Apresentacao1-Copy-100x100.jpg","width":100,"height":100},"medium":{"url":"https:\/\/portalv1.com.br\/app\/wp-content\/uploads\/2019\/05\/Apresentacao1-Copy-300x225.jpg","width":300,"height":225},"large":{"url":"https:\/\/portalv1.com.br\/app\/wp-content\/uploads\/2019\/05\/Apresentacao1-Copy-640x480.jpg","width":640,"height":480}},"data":{"simple":"06\/05\/2019","date_time":"06\/05\/2019 17:29:19","date":"h\u00e1 7 anos"},"chapeu":"Veja detalhes ","source":"retirar"},"_links":{"self":[{"href":"https:\/\/portalv1.com.br\/api\/wp\/v2\/posts\/71178","targetHints":{"allow":["GET"]}}],"collection":[{"href":"https:\/\/portalv1.com.br\/api\/wp\/v2\/posts"}],"about":[{"href":"https:\/\/portalv1.com.br\/api\/wp\/v2\/types\/post"}],"author":[{"embeddable":true,"href":"https:\/\/portalv1.com.br\/api\/wp\/v2\/users\/1"}],"replies":[{"embeddable":true,"href":"https:\/\/portalv1.com.br\/api\/wp\/v2\/comments?post=71178"}],"version-history":[{"count":0,"href":"https:\/\/portalv1.com.br\/api\/wp\/v2\/posts\/71178\/revisions"}],"wp:featuredmedia":[{"embeddable":true,"href":"https:\/\/portalv1.com.br\/api\/wp\/v2\/media\/71180"}],"wp:attachment":[{"href":"https:\/\/portalv1.com.br\/api\/wp\/v2\/media?parent=71178"}],"wp:term":[{"taxonomy":"category","embeddable":true,"href":"https:\/\/portalv1.com.br\/api\/wp\/v2\/categories?post=71178"},{"taxonomy":"post_tag","embeddable":true,"href":"https:\/\/portalv1.com.br\/api\/wp\/v2\/tags?post=71178"}],"curies":[{"name":"wp","href":"https:\/\/api.w.org\/{rel}","templated":true}]}}